{"id":639485,"date":"2026-01-04T02:04:18","date_gmt":"2026-01-04T02:04:18","guid":{"rendered":"https:\/\/www.europesays.com\/fr\/639485\/"},"modified":"2026-01-04T02:04:18","modified_gmt":"2026-01-04T02:04:18","slug":"venezuela-ukraine-taiwan-le-nouvel-ordre-mondial","status":"publish","type":"post","link":"https:\/\/www.europesays.com\/fr\/639485\/","title":{"rendered":"Venezuela, Ukraine, Ta\u00efwan&#8230; Le nouvel ordre mondial"},"content":{"rendered":"<p>            <img decoding=\"async\" alt=\"Une du JDD.\" src=\"https:\/\/www.europesays.com\/fr\/wp-content\/uploads\/2026\/01\/une-multi_page_1-16.jpeg\" width=\"343\" height=\"228\" loading=\"lazy\"\/><\/p>\n<p>            Sommaire\n        <\/p>\n<p>        <a href=\"https:\/\/www.lejdd.fr\/sommaire\/venezuela-ukraine-taiwan-le-nouvel-ordre-mondial-165537\" title=\"Venezuela, Ukraine, Ta\u00efwan... Le nouvel ordre mondial\" class=\"taxo-title\" target=\"_blank\" rel=\"noopener\"><br \/>\n            Venezuela, Ukraine, Ta\u00efwan&#8230; Le nouvel ordre mondial<br \/>\n        <\/a><\/p>\n<p class=\"intro\">\u00c0 LA UNE DU JDD : Venezuela, Ukraine, Ta\u00efwan&#8230; Le nouvel ordre mondial<br \/>&#13;<br \/>\nIntervention am\u00e9ricaine : les dessous de la capture de Maduro<br \/>&#13;<br \/>\nPartage : comment Trump, Xi Jinping et Poutine redessinent leurs zones d&rsquo;influence<\/p>\n<p>\u00b7 Emmanuel Macron ou la tentation totalitaire<br \/>&#13;<br \/>\n\u00b7 D\u00e9couvrez les personnalit\u00e9s pr\u00e9f\u00e9r\u00e9es des Fran\u00e7ais<br \/>&#13;<br \/>\n\u00b7 Am\u00e9lie de Montchalin, ministre des Comptes publics : \u00abLes Fran\u00e7ais verront ceux qui cherchent \u00e0 tout bloquer\u00bb<br \/>&#13;<br \/>\n\u00b7 Incendie \u00e0 Crans-Montana : la station suisse en deuil<\/p>\n<p>            <img decoding=\"async\" alt=\"Une du JDD.\" src=\"https:\/\/www.europesays.com\/fr\/wp-content\/uploads\/2026\/01\/une-multi_jdd_831_lyon_page_1.jpg\" width=\"72\" height=\"72\" loading=\"lazy\"\/><\/p>\n<p>            Sommaire\n        <\/p>\n<p>        <a href=\"https:\/\/www.lejdd.fr\/sommaire\/2026-ce-qui-attend-la-france-165384\" title=\"2026, ce qui attend la France\" class=\"taxo-title\" target=\"_blank\" rel=\"noopener\"><br \/>\n            2026, ce qui attend la France<br \/>\n        <\/a><\/p>\n<p class=\"intro\">\u00c0 LA UNE DU JDD : 2026, ce qui attend la France<br \/>&#13;<br \/>\nIns\u00e9curit\u00e9, immigration, identit\u00e9 : les lignes de fracture du pays<br \/>&#13;<br \/>\n\u00c9conomie, fiscalit\u00e9 : alerte sur une France \u00ab Apocalypse Now \u00bb<\/p>\n<p>\u00b7 \u00ab\u00c7a suffit\u00bb : Patrick S\u00e9bastien d\u00e9voile sa m\u00e9thode pour peser sur la pr\u00e9sidentielle<br \/>&#13;<br \/>\n\u00b7 Aide au d\u00e9veloppement, guerres d&rsquo;influence&#8230; Les r\u00e9ponses d&rsquo;\u00c9l\u00e9onore Caroit, ministre d\u00e9l\u00e9gu\u00e9e \u00e0 la Francophonie<br \/>&#13;<br \/>\n\u00b7 No\u00ebl sur l\u2019autoroute : immersion au c\u0153ur de la col\u00e8re paysanne<br \/>&#13;<br \/>\n\u00b7 Espagne : les socialistes lamin\u00e9s en Estr\u00e9madure<\/p>\n<p>            <img decoding=\"async\" alt=\"Une JDNews.\" src=\"https:\/\/www.europesays.com\/fr\/wp-content\/uploads\/2025\/12\/couv_supplement_page_1.jpg\" width=\"72\" height=\"72\" loading=\"lazy\"\/><\/p>\n<p>            Sommaire\n        <\/p>\n<p>        <a href=\"https:\/\/www.lejdd.fr\/sommaire\/philippe-de-villiers-2027-sera-la-derniere-chance-de-la-france-165276\" title=\"Philippe de Villiers : \u00ab2027 sera la derni\u00e8re chance de la France\u00bb\" class=\"taxo-title\" target=\"_blank\" rel=\"noopener\"><br \/>\n            Philippe de Villiers : \u00ab2027 sera la derni\u00e8re chance de la France\u00bb<br \/>\n        <\/a><\/p>\n<p class=\"intro\">\u00c0 LA UNE DU JDNews : Philippe de Villiers : \u00ab2027 sera la derni\u00e8re chance de la France\u00bb<\/p>\n<p>\u00b7 Jacques Trottier, pr\u00e9sident de Labeyrie Fine Foods : \u00abLes Fran\u00e7ais attendent de nous le meilleur pour les tables de f\u00eates\u00bb<br \/>&#13;<br \/>\n\u00b7 No\u00ebl \u00e0 Chambord : un palais de contes au c\u0153ur de l&rsquo;hiver<br \/>&#13;<br \/>\n\u00b7 Charles Caudrelier, skipper du nouveau \u00abMaxi Edmond de Rothschild\u00bb : \u00abJe suis le marin le plus privil\u00e9gi\u00e9 de ma g\u00e9n\u00e9ration\u00bb<br \/>&#13;<br \/>\n\u00b7 Fr\u00e9d\u00e9ric Rouzaud, PDG de Louis Roederer : \u00abCe lien intime au vignoble est au c\u0153ur\u200b de la maison\u00bb<br \/>&#13;<br \/>\n\u00b7 Portrait d&rsquo;\u00e9poque de Michel Onfray : \u00abLa pr\u00e9f\u00e9rence internationale\u00bb<\/p>\n<p>            <img decoding=\"async\" alt=\"Une du JDD.\" src=\"https:\/\/www.europesays.com\/fr\/wp-content\/uploads\/2025\/12\/une-multi_page_1-16.jpg\" width=\"72\" height=\"72\" loading=\"lazy\"\/><\/p>\n<p>            Sommaire\n        <\/p>\n<p>        <a href=\"https:\/\/www.lejdd.fr\/sommaire\/et-si-trump-avait-raison-165208\" title=\"Et si Trump avait raison ?\" class=\"taxo-title\" target=\"_blank\" rel=\"noopener\"><br \/>\n            Et si Trump avait raison ?<br \/>\n        <\/a><\/p>\n<p class=\"intro\">\u00c0 LA UNE DU JDD : Effacement civilisationnel, d\u00e9clin de l&rsquo;Europe&#8230; Et si Trump avait raison ?<br \/>&#13;<br \/>\nExclusif : L&rsquo;interview choc de Steve Bannon : \u00abLa France se dirige vers la guerre civile\u00bb<br \/>&#13;<br \/>\nImmigration, r\u00e9industrialisation : ces le\u00e7ons qu&rsquo;Emmanuel Macron se refuse \u00e0 entendre<\/p>\n<p>\u00b7 EXCLUSIF \u2013 Crise agricole, refus d&rsquo;obtemp\u00e9rer, Alg\u00e9rie&#8230; Les r\u00e9ponses du ministre de l&rsquo;Int\u00e9rieur Laurent Nu\u00f1ez<br \/>&#13;<br \/>\n\u00b7 Charles Alloncle, rapporteur de la commission d&rsquo;enqu\u00eate sur l&rsquo;audiovisuel public : \u00abIl y a clairement des tentatives de r\u00e9sistance\u00bb <br \/>&#13;<br \/>\n\u00b7 \u00c9tats-Unis : l\u2019heure de la rel\u00e8ve apr\u00e8s l&rsquo;assassinat de Charlie Kirk<br \/>&#13;<br \/>\n\u00b7 La chanteuse Catherine Lara se confie au JDD<\/p>\n<p>            <img decoding=\"async\" alt=\"Une du JDD.\" src=\"https:\/\/www.europesays.com\/fr\/wp-content\/uploads\/2025\/12\/1766889564_124_couv_supplement_page_1.jpg\" width=\"72\" height=\"72\" loading=\"lazy\"\/><\/p>\n<p>            Sommaire\n        <\/p>\n<p>        <a href=\"https:\/\/www.lejdd.fr\/sommaire\/creches-menacees-traditions-attaquees-la-bataille-de-noel-165053\" title=\"Cr\u00e8ches menac\u00e9es, traditions attaqu\u00e9es... La bataille de No\u00ebl\" class=\"taxo-title\" target=\"_blank\" rel=\"noopener\"><br \/>\n            Cr\u00e8ches menac\u00e9es, traditions attaqu\u00e9es&#8230; La bataille de No\u00ebl<br \/>\n        <\/a><\/p>\n<p class=\"intro\">\u00c0 LA UNE DU JDNews : Cr\u00e8ches menac\u00e9es, traditions attaqu\u00e9es&#8230; La bataille de No\u00ebl<br \/>&#13;<br \/>\nLongchamp : une p\u00e9pite familiale fran\u00e7aise<\/p>\n<p>\u00b7 Guerre Russie-Ukraine : pour qui sonne le glas<br \/>&#13;<br \/>\n\u00b7 Strat\u00e9gie am\u00e9ricaine 2025 : un \u00e9lectrochoc pour la d\u00e9fense europ\u00e9enne ?<br \/>&#13;<br \/>\n\u00b7 Jean Cassegrain, PDG de Longchamp : \u00abL&rsquo;ouverture sur le monde fait partie de notre identit\u00e9 !\u00bb<br \/>&#13;<br \/>\n\u00b7 Lang Lang : le virtuose superstar<br \/>&#13;<br \/>\n\u00b7 La chronique de Philippe de Villiers : \u00abUn No\u00ebl qui m&rsquo;a marqu\u00e9\u00bb<\/p>\n<p>            <img decoding=\"async\" alt=\"Une du JDD.\" src=\"https:\/\/www.europesays.com\/fr\/wp-content\/uploads\/2025\/12\/une-multi_jdd_831_lyon_page_1.jpeg\" width=\"72\" height=\"72\" loading=\"lazy\"\/><\/p>\n<p>            Sommaire\n        <\/p>\n<p>        <a href=\"https:\/\/www.lejdd.fr\/sommaire\/accords-commerciaux-depeuplement-le-grand-desespoir-des-paysans-164990\" title=\"Accords commerciaux, d\u00e9peuplement : le grand d\u00e9sespoir des paysans\" class=\"taxo-title\" target=\"_blank\" rel=\"noopener\"><br \/>\n            Accords commerciaux, d\u00e9peuplement : le grand d\u00e9sespoir des paysans<br \/>\n        <\/a><\/p>\n<p class=\"intro\">\u00c0 LA UNE DU JDD : Accords commerciaux, d\u00e9peuplement : le grand d\u00e9sespoir des paysans<br \/>&#13;<br \/>\nAbattages massifs : quand les normes europ\u00e9ennes tuent<br \/>&#13;<br \/>\nMercosur : Bruxelles acc\u00e9l\u00e8re, la France h\u00e9site<br \/>&#13;<br \/>\nMobilisation : de la ferme \u00e0 la rue, la col\u00e8re gagne tout le pays<\/p>\n<p>\u00b7 Patrick Martin, pr\u00e9sident du Medef : \u00abLa mar\u00e9e monte chez les patrons !\u00bb<br \/>&#13;<br \/>\n\u00b7 Notre-Dame de Paris : des martyrs du nazisme b\u00e9atifi\u00e9s<br \/>&#13;<br \/>\n\u00b7 Immigration, libert\u00e9 d&rsquo;expression&#8230; Trump peut-il r\u00e9veiller l\u2019Europe ?<br \/>&#13;<br \/>\n\u00b7 \u00abOn a tous \u00e9t\u00e9 des gamins devant les matchs des Bleus\u00bb : Hugo Lloris se confie au JDD<\/p>\n","protected":false},"excerpt":{"rendered":"Sommaire Venezuela, Ukraine, Ta\u00efwan&#8230; Le nouvel ordre mondial \u00c0 LA UNE DU JDD : Venezuela, Ukraine, Ta\u00efwan&#8230; Le&hellip;\n","protected":false},"author":2,"featured_media":639486,"comment_status":"","ping_status":"","sticky":false,"template":"","format":"standard","meta":{"footnotes":""},"categories":[1590],"tags":[11,1777,674,12,220],"class_list":{"0":"post-639485","1":"post","2":"type-post","3":"status-publish","4":"format-standard","5":"has-post-thumbnail","7":"category-ukraine","8":"tag-actualites","9":"tag-eu","10":"tag-europe","11":"tag-news","12":"tag-ukraine"},"share_on_mastodon":{"url":"https:\/\/pubeurope.com\/@fr\/115834379802174953","error":""},"_links":{"self":[{"href":"https:\/\/www.europesays.com\/fr\/wp-json\/wp\/v2\/posts\/639485","targetHints":{"allow":["GET"]}}],"collection":[{"href":"https:\/\/www.europesays.com\/fr\/wp-json\/wp\/v2\/posts"}],"about":[{"href":"https:\/\/www.europesays.com\/fr\/wp-json\/wp\/v2\/types\/post"}],"author":[{"embeddable":true,"href":"https:\/\/www.europesays.com\/fr\/wp-json\/wp\/v2\/users\/2"}],"replies":[{"embeddable":true,"href":"https:\/\/www.europesays.com\/fr\/wp-json\/wp\/v2\/comments?post=639485"}],"version-history":[{"count":0,"href":"https:\/\/www.europesays.com\/fr\/wp-json\/wp\/v2\/posts\/639485\/revisions"}],"wp:featuredmedia":[{"embeddable":true,"href":"https:\/\/www.europesays.com\/fr\/wp-json\/wp\/v2\/media\/639486"}],"wp:attachment":[{"href":"https:\/\/www.europesays.com\/fr\/wp-json\/wp\/v2\/media?parent=639485"}],"wp:term":[{"taxonomy":"category","embeddable":true,"href":"https:\/\/www.europesays.com\/fr\/wp-json\/wp\/v2\/categories?post=639485"},{"taxonomy":"post_tag","embeddable":true,"href":"https:\/\/www.europesays.com\/fr\/wp-json\/wp\/v2\/tags?post=639485"}],"curies":[{"name":"wp","href":"https:\/\/api.w.org\/{rel}","templated":true}]}}