{"id":639487,"date":"2026-01-04T02:05:24","date_gmt":"2026-01-04T02:05:24","guid":{"rendered":"https:\/\/www.europesays.com\/fr\/639487\/"},"modified":"2026-01-04T02:05:24","modified_gmt":"2026-01-04T02:05:24","slug":"trump-les-usa-vont-maintenir-leur-role-au-venezuela-jusqua-une-transition-sure","status":"publish","type":"post","link":"https:\/\/www.europesays.com\/fr\/639487\/","title":{"rendered":"Trump : Les USA vont maintenir leur r\u00f4le au Venezuela jusqu&rsquo;\u00e0 une transition \u00ab\u00a0s\u00fbre\u00a0\u00bb"},"content":{"rendered":"<p>Les Etats-Unis vont \u2060maintenir \u2060leur r\u00f4le au Venezuela jusqu\u2019\u00e0 \u200cce qu\u2019une \u00ab\u00a0transition s\u00fbr, appropri\u00e9e \u200det judicieuse\u00a0\u00bb soit possible, a d\u00e9clar\u00e9 samedi \u200cDonald Trump lors d\u2019une conf\u00e9rence de presse.<br \/>Les forces am\u00e9ricaines \u200cont captur\u00e9 le pr\u00e9sident v\u00e9n\u00e9zu\u00e9lien Nicolas Maduro dans \u200dle \u2060cadre d\u2019une op\u00e9ration men\u00e9e dans la nuit de vendredi \u00e0 samedi, avait auparavant \u200cannonc\u00e9 le chef de la Maison blanche<\/p>\n","protected":false},"excerpt":{"rendered":"Les Etats-Unis vont \u2060maintenir \u2060leur r\u00f4le au Venezuela jusqu\u2019\u00e0 \u200cce qu\u2019une \u00ab\u00a0transition s\u00fbr, appropri\u00e9e \u200det judicieuse\u00a0\u00bb soit possible,&hellip;\n","protected":false},"author":2,"featured_media":639488,"comment_status":"","ping_status":"","sticky":false,"template":"","format":"standard","meta":{"footnotes":""},"categories":[1589],"tags":[11,73,1866,12,1864,1865,1863,308],"class_list":{"0":"post-639487","1":"post","2":"type-post","3":"status-publish","4":"format-standard","5":"has-post-thumbnail","7":"category-etats-unis","8":"tag-actualites","9":"tag-etats-unis","10":"tag-etats-unis-damerique","11":"tag-news","12":"tag-united-states","13":"tag-united-states-of-america","14":"tag-us","15":"tag-usa"},"share_on_mastodon":{"url":"https:\/\/pubeurope.com\/@fr\/115834383466916912","error":""},"_links":{"self":[{"href":"https:\/\/www.europesays.com\/fr\/wp-json\/wp\/v2\/posts\/639487","targetHints":{"allow":["GET"]}}],"collection":[{"href":"https:\/\/www.europesays.com\/fr\/wp-json\/wp\/v2\/posts"}],"about":[{"href":"https:\/\/www.europesays.com\/fr\/wp-json\/wp\/v2\/types\/post"}],"author":[{"embeddable":true,"href":"https:\/\/www.europesays.com\/fr\/wp-json\/wp\/v2\/users\/2"}],"replies":[{"embeddable":true,"href":"https:\/\/www.europesays.com\/fr\/wp-json\/wp\/v2\/comments?post=639487"}],"version-history":[{"count":0,"href":"https:\/\/www.europesays.com\/fr\/wp-json\/wp\/v2\/posts\/639487\/revisions"}],"wp:featuredmedia":[{"embeddable":true,"href":"https:\/\/www.europesays.com\/fr\/wp-json\/wp\/v2\/media\/639488"}],"wp:attachment":[{"href":"https:\/\/www.europesays.com\/fr\/wp-json\/wp\/v2\/media?parent=639487"}],"wp:term":[{"taxonomy":"category","embeddable":true,"href":"https:\/\/www.europesays.com\/fr\/wp-json\/wp\/v2\/categories?post=639487"},{"taxonomy":"post_tag","embeddable":true,"href":"https:\/\/www.europesays.com\/fr\/wp-json\/wp\/v2\/tags?post=639487"}],"curies":[{"name":"wp","href":"https:\/\/api.w.org\/{rel}","templated":true}]}}