{"id":639490,"date":"2026-01-04T02:07:24","date_gmt":"2026-01-04T02:07:24","guid":{"rendered":"https:\/\/www.europesays.com\/fr\/639490\/"},"modified":"2026-01-04T02:07:24","modified_gmt":"2026-01-04T02:07:24","slug":"contributions-des-vietnamiens-dallemagne-aux-projets-de-documents-du-xiv%e1%b5%89-congres-du-parti","status":"publish","type":"post","link":"https:\/\/www.europesays.com\/fr\/639490\/","title":{"rendered":"Contributions des Vietnamiens d\u2019Allemagne aux projets de documents du XIV\u1d49 Congr\u00e8s du Parti"},"content":{"rendered":"<p>&#13;<br \/>\n                        Contributions des Vietnamiens d\u2019Allemagne aux projets de documents du XIV\u1d49 Congr\u00e8s du Parti&#13;\n                    <\/p>\n<p style=\"text-align:\">Dans la perspective du XIV\u1d49 Congr\u00e8s national du Parti communiste du Vietnam, la communaut\u00e9 vietnamienne r\u00e9sidant en Allemagne a particip\u00e9 activement \u00e0 la phase de consultation sur les projets de documents du Congr\u00e8s. Cet engagement t\u00e9moigne d\u2019un sens \u00e9lev\u00e9 des responsabilit\u00e9s, d\u2019un profond attachement \u00e0 la Patrie et d\u2019une volont\u00e9 de mettre l\u2019intelligence collective au service du d\u00e9veloppement national.<\/p>\n<p><a href=\"https:\/\/lecourrier.vn\/contributions-au-projet-de-documents-a-soumettre-au-xiv\u1d49-congres-du-parti\/1295103.html\" title=\"Contributions au projet de documents \u00e0 soumettre au XIV\u1d49 Congr\u00e8s du Parti\" target=\"_blank\" rel=\"noopener\">&gt;&gt; Contributions au projet de documents \u00e0 soumettre au XIV\u1d49 Congr\u00e8s du Parti<\/a><\/p>\n<p><a href=\"https:\/\/lecourrier.vn\/exigences-maximales-pour-le-xiv\u1d49-congres-du-parti\/1295612.html\" title=\"Exigences maximales pour le XIV\u1d49 Congr\u00e8s du Parti\" target=\"_blank\" rel=\"noopener\">&gt;&gt; Exigences maximales pour le XIV\u1d49 Congr\u00e8s du Parti<\/a><\/p>\n<p><a href=\"https:\/\/lecourrier.vn\/preparatifs-du-xiv\u1d49-congres-du-parti-ceremonies-de-lancement-et-dinauguration-de-projets-prevues-simultanement-le-19-decembre\/1307614.html\" title=\"Pr\u00e9paratifs du XIV\u1d49 Congr\u00e8s du Parti : c\u00e9r\u00e9monies de lancement et d&#039;inauguration de projets pr\u00e9vues simultan\u00e9ment le 19 d\u00e9cembre\" target=\"_blank\" rel=\"noopener\">&gt;&gt; Pr\u00e9paratifs du XIV\u1d49 Congr\u00e8s du Parti : c\u00e9r\u00e9monies de lancement et d&rsquo;inauguration de projets pr\u00e9vues simultan\u00e9ment le 19 d\u00e9cembre<\/a><\/p>\n<tr>\n<td class=\"pic\"><img decoding=\"async\" class=\"lazyload\" src=\"https:\/\/www.europesays.com\/fr\/wp-content\/uploads\/2026\/01\/190935-khat-vong.jpg\" alt=\"\"\/><\/td>\n<\/tr>\n<tr>\n<td class=\"caption\">La d\u00e9l\u00e9gation de Vietnamiens de l&rsquo;\u00e9tranger participent au XIe Congr\u00e8s national d&rsquo;\u00e9mulation. <\/td>\n<\/tr>\n<tr align=\"right\">\n<td class=\"author\">Photo : VNA\/CVN<\/td>\n<\/tr>\n<p style=\"text-align:left\">Dans une interview accord\u00e9e au correspondant de l\u2019Agence Vietnamienne d\u2019Information (VNA) \u00e0 Berlin, le Dr. Nguy\u00ean Thai Chinh, membre du R\u00e9seau d\u2019innovation Vietnam &#8211; Allemagne (VGI), a soulign\u00e9 que l\u2019organisation de cette consultation \u00e9largie refl\u00e8te une position constante de l\u2019\u00c9tat selon laquelle les Vietnamiens r\u00e9sidant \u00e0 l\u2019\u00e9tranger constituent une partie indissociable de la communaut\u00e9 nationale.<\/p>\n<p style=\"text-align:left\">Selon lui, cette d\u00e9marche t\u00e9moigne \u00e0 la fois de l\u2019attention particuli\u00e8re port\u00e9e aux plus de six millions de Vietnamiens vivant et travaillant dans plus de 130 pays et territoires, et de la confiance des dirigeants envers les intellectuels et les travailleurs de la diaspora, appel\u00e9s \u00e0 contribuer \u00e0 la mobilisation des ressources n\u00e9cessaires \u00e0 l\u2019entr\u00e9e d\u2019une nouvelle \u00e8re de d\u00e9veloppement.<\/p>\n<p style=\"text-align:left\">La multiplication des canaux de participation &#8211; allant des conf\u00e9rences en pr\u00e9sentiel aux contributions en ligne via les portails officiels, les associations et les missions diplomatiques t\u00e9moigne d\u2019une volont\u00e9 d\u2019ouverture et d\u2019une approche d\u00e9mocratique dans l\u2019\u00e9laboration des politiques strat\u00e9giques.<\/p>\n<p style=\"text-align:left\">Le Dr. Thai Chinh estime que cette orientation est essentielle pour valoriser l\u2019intelligence et l\u2019expertise internationale des expatri\u00e9s, tout en renfor\u00e7ant la grande union nationale, en \u00e9vitant toute forme de discrimination et en consolidant la confiance politique de la diaspora envers le Parti et l&rsquo;\u00c9tat.<\/p>\n<tr>\n<td class=\"pic\"><img decoding=\"async\" class=\"lazyload\" src=\"https:\/\/www.europesays.com\/fr\/wp-content\/uploads\/2026\/01\/191337-vna_potal_tri_thuc_viet_nam_tai_duc_dong_gop_y_kien_voi_du_thao_van_kien_dai_hoi_dang_xiv_839.jpeg\" alt=\"\"\/><\/td>\n<\/tr>\n<tr>\n<td class=\"caption\">Le Dr. Nguy\u00ean Thai Chinh (debout), membre du R\u00e9seau d\u2019innovation Vietnam &#8211; Allemagne (VGI), prend la parole.\u00a0<\/td>\n<\/tr>\n<tr align=\"right\">\n<td class=\"author\">Photo : VNA\/CVN<\/td>\n<\/tr>\n<p style=\"text-align:left\">Les Vietnamiens d\u2019Allemagne, en particulier les membres de l\u2019Association des \u00e9tudiants de Berlin &#8211; Brandebourg, sont pr\u00eats \u00e0 r\u00e9pondre \u00e0 l\u2019appel de la patrie, qu\u2019il s\u2019agisse de contribuer aux projets de documents du Congr\u00e8s du Parti ou de soutenir les populations locales touch\u00e9es par des catastrophes naturelles, a-t-il indiqu\u00e9.<\/p>\n<p style=\"text-align:left\">Selon lui, la diaspora aspire \u00e0 une contribution multidimensionnelle, durable et substantielle, ax\u00e9e notamment sur les sciences et technologies, la transformation num\u00e9rique, l\u2019\u00e9conomie de la connaissance, ainsi que la promotion de l\u2019identit\u00e9 culturelle vietnamienne sur la sc\u00e8ne internationale.<\/p>\n<p style=\"text-align:left\">De son c\u00f4t\u00e9, le Pr.-Dr. Nguy\u00ean Xu\u00e2n Thinh, de l\u2019Universit\u00e9 de Dortmund et pr\u00e9sident par int\u00e9rim de l\u2019Union des associations vietnamiennes en Allemagne, a salu\u00e9 la publication anticip\u00e9e des projets de documents, soulignant qu\u2019elle permettait une analyse approfondie par les intellectuels au pays et \u00e0 l\u2019\u00e9tranger. Selon lui, cette transparence renforce la qualit\u00e9 et la faisabilit\u00e9 des orientations nationales pour la p\u00e9riode \u00e0 venir.<\/p>\n<p style=\"text-align:left\">En conclusion, l\u2019ambassadeur du Vietnam en Allemagne, Nguy\u00ean Dac Th\u00e0nh, a affirm\u00e9 que, dans l\u2019esprit \u00ab\u00a0la Patrie comme point d\u2019appui et la diaspora comme ressource pr\u00e9cieuse\u00a0\u00bb, les contributions responsables et strat\u00e9giques des intellectuels et entrepreneurs vietnamiens \u00e0 l\u2019\u00e9tranger contribueraient de mani\u00e8re significative \u00e0 l\u2019\u00e9laboration des orientations de d\u00e9veloppement du Parti et au rayonnement international du Vietnam.<\/p>\n<p style=\"text-align:right\"><b>VNA\/CVN<\/b><\/p>\n","protected":false},"excerpt":{"rendered":"&#13; Contributions des Vietnamiens d\u2019Allemagne aux projets de documents du XIV\u1d49 Congr\u00e8s du Parti&#13; Dans la perspective du&hellip;\n","protected":false},"author":2,"featured_media":639491,"comment_status":"","ping_status":"","sticky":false,"template":"","format":"standard","meta":{"footnotes":""},"categories":[1587],"tags":[11,672,1804,74639,74638,1805,1803,44862,1777,674,1801,12,1095,1802,5458],"class_list":{"0":"post-639490","1":"post","2":"type-post","3":"status-publish","4":"format-standard","5":"has-post-thumbnail","7":"category-allemagne","8":"tag-actualites","9":"tag-allemagne","10":"tag-bundesrepublik-deutschland","11":"tag-congres-du-parti","12":"tag-contribution","13":"tag-de","14":"tag-deutschland","15":"tag-documents","16":"tag-eu","17":"tag-europe","18":"tag-germany","19":"tag-news","20":"tag-projet","21":"tag-republique-federale-dallemagne","22":"tag-vietnamiens"},"share_on_mastodon":{"url":"https:\/\/pubeurope.com\/@fr\/115834391403762253","error":""},"_links":{"self":[{"href":"https:\/\/www.europesays.com\/fr\/wp-json\/wp\/v2\/posts\/639490","targetHints":{"allow":["GET"]}}],"collection":[{"href":"https:\/\/www.europesays.com\/fr\/wp-json\/wp\/v2\/posts"}],"about":[{"href":"https:\/\/www.europesays.com\/fr\/wp-json\/wp\/v2\/types\/post"}],"author":[{"embeddable":true,"href":"https:\/\/www.europesays.com\/fr\/wp-json\/wp\/v2\/users\/2"}],"replies":[{"embeddable":true,"href":"https:\/\/www.europesays.com\/fr\/wp-json\/wp\/v2\/comments?post=639490"}],"version-history":[{"count":0,"href":"https:\/\/www.europesays.com\/fr\/wp-json\/wp\/v2\/posts\/639490\/revisions"}],"wp:featuredmedia":[{"embeddable":true,"href":"https:\/\/www.europesays.com\/fr\/wp-json\/wp\/v2\/media\/639491"}],"wp:attachment":[{"href":"https:\/\/www.europesays.com\/fr\/wp-json\/wp\/v2\/media?parent=639490"}],"wp:term":[{"taxonomy":"category","embeddable":true,"href":"https:\/\/www.europesays.com\/fr\/wp-json\/wp\/v2\/categories?post=639490"},{"taxonomy":"post_tag","embeddable":true,"href":"https:\/\/www.europesays.com\/fr\/wp-json\/wp\/v2\/tags?post=639490"}],"curies":[{"name":"wp","href":"https:\/\/api.w.org\/{rel}","templated":true}]}}