{"id":63950,"date":"2025-04-30T08:45:09","date_gmt":"2025-04-30T08:45:09","guid":{"rendered":"https:\/\/www.europesays.com\/fr\/63950\/"},"modified":"2025-04-30T08:45:09","modified_gmt":"2025-04-30T08:45:09","slug":"kate-middleton-elle-abandonne-william-pour-une-petite-fille-et-cest-la-chose-la-plus-mignonne-du-jour","status":"publish","type":"post","link":"https:\/\/www.europesays.com\/fr\/63950\/","title":{"rendered":"Kate Middleton : elle abandonne William pour une petite fille et c\u2019est la chose la plus mignonne du jour"},"content":{"rendered":"<p>Pour c\u00e9l\u00e9brer leur 14e anniversaire, Kate Middleton et le<br \/>\n<a href=\"https:\/\/www.closermag.fr\/royautes\/kate-et-william-reviennent-sur-lile-de-mull-pour-leurs-14-ans-de-mariage-revelations-sur-ce-quil-setait-passe-lors-de-leur-premiere-visite-3540898\" rel=\"nofollow noopener\" target=\"_blank\"><br \/>\nprince William sont all\u00e9s visiter l\u2019\u00eele de Mull.<\/a> Et hors de<br \/>\nquestion de ne pas aller saluer la foule. En effet, pr\u00e8s de 300<br \/>\npersonnes les attendaient. Kate Middleton est alors apparue dans<br \/>\n<strong>un look tr\u00e8s \u00e9l\u00e9gant<\/strong> et d\u00e9contract\u00e9 compos\u00e9 d\u2019une<br \/>\nveste de blazer \u00e0 chevrons de la marque Holland Cooper, un jean<br \/>\nmoulant et une chemise claire.<\/p>\n<p>Le prince William avait quant \u00e0 lui opt\u00e9 pour un blazer gris<br \/>\nainsi qu\u2019un jean et des chaussures marron. Ensemble, ils sont all\u00e9s<br \/>\n\u00e0 la rencontre des habitants et n\u2019ont pas h\u00e9sit\u00e9 \u00e0 prendre des<br \/>\nselfies ou bien \u00e0 serrer des mains.\u00a0<\/p>\n<p>Kate Middleton en pleine discussion avec une petite fille<br \/>\npr\u00e9nomm\u00e9e Iris, intimid\u00e9e par la princesse<\/p>\n<p>Mais voil\u00e0 qu\u2019\u00e0 un moment de la visite, <a href=\"https:\/\/www.closermag.fr\/royautes\/kate-et-william-sur-lile-de-mull-ce-detail-subtil-et-hors-de-prix-sur-la-tenue-de-la-princesse-3540963\" rel=\"nofollow noopener\" target=\"_blank\"><br \/>\nla princesse de Galles<\/a> a abandonn\u00e9 son \u00e9poux pour avoir<br \/>\n<strong>une conversation avec une petite fille<\/strong>, pr\u00e9nomm\u00e9e<br \/>\nIris. Sur X, on peut ainsi voir la vid\u00e9o de leur rencontre.<br \/>\nL\u2019enfant, v\u00eatue d\u2019une magnifique robe aux motifs floraux, est<br \/>\n<strong>assez intimid\u00e9e par Kate Middleton<\/strong> qui n\u2019h\u00e9site<br \/>\npas \u00e0 s\u2019accroupir pour pouvoir lui parler \u00e0 sa hauteur.<\/p>\n<blockquote class=\"twitter-tweet\"><p><a class=\"twitter-link\" rel=\"noindex, nofollow noopener\" href=\"https:\/\/twitter.com\/tokkianami\/status\/1917230479629234554\" target=\"_blank\"><\/p><\/blockquote>\n<p>On peut voir <a href=\"https:\/\/www.closermag.fr\/royautes\/kate-et-william-fetent-leur-14e-anniversaire-de-mariage-la-princesse-change-de-tete-3541043\" rel=\"nofollow noopener\" target=\"_blank\"><br \/>\nl\u2019\u00e9pouse de William<\/a> en train de f\u00e9liciter la petite fille<br \/>\nd\u2019avoir une si jolie robe. Un moment tr\u00e8s touchant et mignon de la<br \/>\npart de Kate Middleton qui a pris le temps d\u2019\u00e9changer avec la<br \/>\npetite fille.<\/p>\n<p>La princesse de Galles et son \u00e9poux,<br \/>\nplus complices que jamais<\/p>\n<p>Un autre moment \u00e9mouvant fut la conversation entre Kate<br \/>\nMiddleton et un homme, qui s\u2019est dit \u00eatre <strong>\u201cun survivant<br \/>\nd\u2019un cancer\u201d<\/strong>. Par la suite, le couple est all\u00e9<br \/>\nvisiter une aire de jeu pour les enfants. Une fresque \u00e9tait alors<br \/>\npeinte et le prince et la princesse de Galles ont \u00e9t\u00e9 invit\u00e9s \u00e0<br \/>\npeindre une fleur.<\/p>\n<p>Kate Middleton s\u2019est alors saisie d\u2019un pinceau et a commenc\u00e9 \u00e0<br \/>\najouter de la couleur. Avec beaucoup d\u2019humour et un peu de<br \/>\nmoquerie, le prince William a alors lanc\u00e9 des regards amoureux \u00e0<br \/>\nson \u00e9pouse. \u201cJe crois qu&rsquo;on a trouv\u00e9 Banksy\u201d, a alors<br \/>\nplaisant\u00e9 Banjo Beale, l&rsquo;architecte d&rsquo;int\u00e9rieur et pr\u00e9sentateur de<br \/>\nt\u00e9l\u00e9vision. \u201cAllez, s&rsquo;il te pla\u00eet, s&rsquo;il te pla\u00eet\u201d, a alors<br \/>\ndemand\u00e9 Kate Middleton au prince William. Des moments de grande<br \/>\ncomplicit\u00e9 entre mari et femme et qui c\u00e9l\u00e8brent donc leurs 14 ans<br \/>\nde mariage.\u00a0<\/p>\n<p><script async src=\"https:\/\/platform.twitter.com\/widgets.js\" charset=\"utf-8\"><\/script><\/p>\n","protected":false},"excerpt":{"rendered":"Pour c\u00e9l\u00e9brer leur 14e anniversaire, Kate Middleton et le prince William sont all\u00e9s visiter l\u2019\u00eele de Mull. Et&hellip;\n","protected":false},"author":2,"featured_media":63951,"comment_status":"","ping_status":"","sticky":false,"template":"","format":"standard","meta":{"footnotes":""},"categories":[1359],"tags":[548,58,59,1011,27,5858,973,3936],"class_list":{"0":"post-63950","1":"post","2":"type-post","3":"status-publish","4":"format-standard","5":"has-post-thumbnail","7":"category-people","8":"tag-article-simple","9":"tag-divertissement","10":"tag-entertainment","11":"tag-fr","12":"tag-france","13":"tag-kate-middleton","14":"tag-people","15":"tag-prince-william"},"share_on_mastodon":{"url":"https:\/\/pubeurope.com\/@fr\/114426041008949898","error":""},"_links":{"self":[{"href":"https:\/\/www.europesays.com\/fr\/wp-json\/wp\/v2\/posts\/63950","targetHints":{"allow":["GET"]}}],"collection":[{"href":"https:\/\/www.europesays.com\/fr\/wp-json\/wp\/v2\/posts"}],"about":[{"href":"https:\/\/www.europesays.com\/fr\/wp-json\/wp\/v2\/types\/post"}],"author":[{"embeddable":true,"href":"https:\/\/www.europesays.com\/fr\/wp-json\/wp\/v2\/users\/2"}],"replies":[{"embeddable":true,"href":"https:\/\/www.europesays.com\/fr\/wp-json\/wp\/v2\/comments?post=63950"}],"version-history":[{"count":0,"href":"https:\/\/www.europesays.com\/fr\/wp-json\/wp\/v2\/posts\/63950\/revisions"}],"wp:featuredmedia":[{"embeddable":true,"href":"https:\/\/www.europesays.com\/fr\/wp-json\/wp\/v2\/media\/63951"}],"wp:attachment":[{"href":"https:\/\/www.europesays.com\/fr\/wp-json\/wp\/v2\/media?parent=63950"}],"wp:term":[{"taxonomy":"category","embeddable":true,"href":"https:\/\/www.europesays.com\/fr\/wp-json\/wp\/v2\/categories?post=63950"},{"taxonomy":"post_tag","embeddable":true,"href":"https:\/\/www.europesays.com\/fr\/wp-json\/wp\/v2\/tags?post=63950"}],"curies":[{"name":"wp","href":"https:\/\/api.w.org\/{rel}","templated":true}]}}