{"id":639512,"date":"2026-01-04T02:23:31","date_gmt":"2026-01-04T02:23:31","guid":{"rendered":"https:\/\/www.europesays.com\/fr\/639512\/"},"modified":"2026-01-04T02:23:31","modified_gmt":"2026-01-04T02:23:31","slug":"video-cest-paradisiaque-loeuvre-du-maitre-de-moulins-exposee-au-louvre-a-paris","status":"publish","type":"post","link":"https:\/\/www.europesays.com\/fr\/639512\/","title":{"rendered":"VID\u00c9O &#8211;\u00a0\u201cC&rsquo;est paradisiaque\u201d : l\u2019\u0153uvre\u00a0du \u201cMa\u00eetre de Moulins\u201d expos\u00e9e au Louvre \u00e0 Paris"},"content":{"rendered":"<p>Apr\u00e8s presque deux ans de restauration, le\u00a0tryptique\u00a0de Moulins est \u00e0 nouveau visible. Le tableau, peint aux environs de l\u2019ann\u00e9e 1 500, est la pi\u00e8ce maitresse d\u2019une exposition consacr\u00e9e au peintre Jean Hey au mus\u00e9e du Louvre \u00e0 Paris. Elle pr\u00e9sente plusieurs de ses \u0153uvres.<\/p>\n<p>C&rsquo;est l&rsquo;un des tableaux parmi les plus prodigieux de la fin du XVe si\u00e8cle. Il a \u00e9t\u00e9 peint pour \u00e9blouir les croyants. Aujourd&rsquo;hui encore, l&rsquo;effet produit est impressionnant.\u00a0\u201cC&rsquo;est magnifique. Tous les d\u00e9tails m&rsquo;\u00e9bahissent\u201d, se r\u00e9jouit une amatrice d\u2019art. Un\u00a0visiteur ajoute\u00a0:\u00a0\u201cJe n&rsquo;en avais vu que des photos sur des d\u00e9pliants du Louvre, mais je savais qu&rsquo;il fallait qu&rsquo;on vienne le voir\u201d. \u201cOn red\u00e9couvre vraiment les couleurs, notamment derri\u00e8re la Vierge, qui sont exceptionnelles, et surtout les d\u00e9tails des v\u00eatements\u201d, rench\u00e9rit un autre.\u00a0\u201cCes couleurs, c&rsquo;est paradisiaque, c&rsquo;est magnifique\u201d, entend-on aux abords du tableau.<\/p>\n<p><a href=\"https:\/\/www.youtube.com\/watch?v=TTi2jZHxrpM\" target=\"_blank\" rel=\"noopener noreferrer\" class=\"Youtube svelte-isxgy6\" style=\"background-image: url(https:\/\/i.ytimg.com\/vi\/TTi2jZHxrpM\/sddefault.jpg);\"><\/p>\n<p>L\u2019\u0153uvre\u00a0du \u201cMa\u00eetre de Moulins\u201d expos\u00e9e au Louvre \u00e0 Paris<\/p>\n<p> <\/a> <\/p>\n<p>Le triptyque du ma\u00eetre de\u00a0Moulins, Jean\u00a0Hey\u00a0est expos\u00e9 pour la premi\u00e8re fois au Louvre, aux c\u00f4t\u00e9s d&rsquo;autres \u0153uvres du peintre.\u00a0Sophie Caron, conservatrice au d\u00e9partement des peintures au mus\u00e9e du Louvre, explique\u00a0:\u00a0\u201cAu mus\u00e9e du Louvre est conserv\u00e9e la collection la plus importante d&rsquo;\u0153uvres de ce peintre, le ma\u00eetre de Moulins, autrement dit Jean Hey. On parle de cinq peintures, un dessin et trois sculptures.\u00a0\u00c7a peut\u00a0para\u00eetre pas \u00e9norme, mais pour un peintre du XVe si\u00e8cle, c&rsquo;est d\u00e9j\u00e0\u00a0tr\u00e8s cons\u00e9quent.\u201d<\/p>\n<p> <img decoding=\"async\" src=\"https:\/\/www.europesays.com\/fr\/wp-content\/uploads\/2026\/01\/1767493410_156_1280.jpeg\" alt=\"illustration agrandir l'image\" style=\"--_image-preview:url('data:image\/jpeg;base64,\/9j\/2wBDACgcHiMeGSgjISMtKygwPGRBPDc3PHtYXUlkkYCZlo+AjIqgtObDoKrarYqMyP\/L2u71\/\/\/\/m8H\/\/\/\/6\/+b9\/\/j\/2wBDASstLTw1PHZBQXb4pYyl+Pj4+Pj4+Pj4+Pj4+Pj4+Pj4+Pj4+Pj4+Pj4+Pj4+Pj4+Pj4+Pj4+Pj4+Pj4+Pj4+Pj\/wAARCAAXACoDASIAAhEBAxEB\/8QAGAABAQEBAQAAAAAAAAAAAAAAAgABAwX\/xAAXEAEBAQEAAAAAAAAAAAAAAAAAAREC\/8QAFQEBAQAAAAAAAAAAAAAAAAAAAAH\/xAAUEQEAAAAAAAAAAAAAAAAAAAAA\/9oADAMBAAIRAxEAPwDzIcCHAOMqiQHoHSwcUGHEgKNxJBWMxIH\/2Q==');\" loading=\"lazy\" fetchpriority=\"low\" class=\"svelte-1cksh76 rounded\" onload=\"this.__e=event\" onerror=\"this.__e=event\"\/> L&rsquo;artiste Jean Hey r\u00e9alisait aussi des sculptures. \u00a9 France T\u00e9l\u00e9visions &#8211; FTV  <\/p>\n<p>Le tableau est un retable sur bois r\u00e9alis\u00e9 vers 1\u00a0500 pour les\u00a0Ducs de Bourbon Pierre II,\u00a0repr\u00e9sent\u00e9 sur la partie gauche, et Anne de France sur la partie droite. Au centre, une vierge en majest\u00e9, au dos des deux panneaux lat\u00e9raux, des grisailles.\u00a0\u201cJean Hey,\u00a0c&rsquo;\u00e9tait le peintre des ducs de Bourbon. C&rsquo;\u00e9tait tr\u00e8s probablement un Flamand,\u00a0qui s&rsquo;est form\u00e9 dans l&rsquo;atelier d&rsquo;un grand peintre qui travaillait \u00e0 Gand dans la deuxi\u00e8me moiti\u00e9 du XVe si\u00e8cle, qui s&rsquo;appelait Hugo van der Goes. C&rsquo;est un peintre immense qui a apport\u00e9 beaucoup d&rsquo;innovations, notamment dans l&rsquo;expression des sentiments religieux\u201d, d\u00e9crit Philippe Lorentz, professeur en histoire de l\u2019art m\u00e9di\u00e9val \u00e0 Sorbonne Universit\u00e9.<\/p>\n<p> <img decoding=\"async\" src=\"https:\/\/www.europesays.com\/fr\/wp-content\/uploads\/2026\/01\/1767493411_689_1280.jpeg\" alt=\"illustration agrandir l'image\" style=\"--_image-preview:url('data:image\/jpeg;base64,\/9j\/2wBDACgcHiMeGSgjISMtKygwPGRBPDc3PHtYXUlkkYCZlo+AjIqgtObDoKrarYqMyP\/L2u71\/\/\/\/m8H\/\/\/\/6\/+b9\/\/j\/2wBDASstLTw1PHZBQXb4pYyl+Pj4+Pj4+Pj4+Pj4+Pj4+Pj4+Pj4+Pj4+Pj4+Pj4+Pj4+Pj4+Pj4+Pj4+Pj4+Pj4+Pj\/wAARCAAXACoDASIAAhEBAxEB\/8QAFwABAQEBAAAAAAAAAAAAAAAAAAECA\/\/EABYQAQEBAAAAAAAAAAAAAAAAAAABEf\/EABUBAQEAAAAAAAAAAAAAAAAAAAAB\/8QAFREBAQAAAAAAAAAAAAAAAAAAAAH\/2gAMAwEAAhEDEQA\/AOCBaipUpazaBampamg66WgEZtZtAVmoAj\/\/2Q==');\" loading=\"lazy\" fetchpriority=\"low\" class=\"svelte-1cksh76 rounded\" onload=\"this.__e=event\" onerror=\"this.__e=event\"\/> Le tableau tr\u00e8s color\u00e9 rencontre un vif succ\u00e8s. \u00a9 France T\u00e9l\u00e9visions &#8211; FTV  <\/p>\n<p>Entre 2019 et 2022, le triptyque a fait l&rsquo;objet d&rsquo;\u00e9tudes pouss\u00e9es et d&rsquo;analyses approfondies, puis les \u00e9quipes de restauration se sont mises au travail. Des interventions r\u00e9versibles.\u00a0\u201cOn utilise des mat\u00e9riaux qui sont de nature diff\u00e9rente des mat\u00e9riaux d&rsquo;origine et qui peuvent dans tous les cas \u00eatre retir\u00e9s. Une intervention de conservation en restauration s&rsquo;inscrit dans son temps. C&rsquo;est vraiment une d\u00e9marche culturelle et on ne peut pas savoir si,\u00a0dans 100 ans,\u00a0la d\u00e9marche ne sera pas diff\u00e9rente\u201d, explique Dominique Marcos-Levif, ing\u00e9nieure d\u2019\u00e9tudes au C2RMF charg\u00e9e du pilotage de la restauration.<\/p>\n<p>Une \u0153uvre \u00ab\u00a0tr\u00e8s fine\u00a0\u00bb<\/p>\n<p>Pas moins de\u00a024 mois de travail et 290 000 euros investis afin de permettre la red\u00e9couverte d&rsquo;une \u0153uvre majeure de cette \u00e9poque charni\u00e8re,\u00a0entre\u00a0la fin du gothique et le d\u00e9but de la Renaissance.\u00a0\u201cC&rsquo;est une \u0153uvre majeure par sa dimension, par sa finesse d&rsquo;ex\u00e9cution. Quand on regarde le model\u00e9 des visages ou les d\u00e9tails des v\u00eatements, on a vraiment une \u0153uvre tr\u00e8s fine et on sent que\u00a0ce sont\u00a0les pr\u00e9mices de la Renaissance. L\u2019artiste a vraiment une volont\u00e9 de repr\u00e9senter \u00e7a de mani\u00e8re tr\u00e8s r\u00e9aliste\u201d, affirme\u00a0Gr\u00e9goire Chalier, conservateur adjoint des monuments historiques \u00e0 la DRAC Auvergne Rh\u00f4ne-Alpes.\u00a0Le tableau va rester au Louvre jusqu&rsquo;\u00e0 la fin du mois d&rsquo;ao\u00fbt 2026.<\/p>\n<p>Il sera ensuite expos\u00e9 au monast\u00e8re royal de Brou avant de retourner \u00e0 Moulins,\u00a0d&rsquo;abord au mus\u00e9e Anne de Beaujeu et enfin dans la cath\u00e9drale de l&rsquo;Annonciation.<\/p>\n<p><strong>-Article r\u00e9dig\u00e9 \u00e0 partir du reportage de Christian Darneuville et\u00a0Bruno\u00a0Livertoux\u00a0pour France 3 Auvergne<\/strong><\/p>\n","protected":false},"excerpt":{"rendered":"Apr\u00e8s presque deux ans de restauration, le\u00a0tryptique\u00a0de Moulins est \u00e0 nouveau visible. Le tableau, peint aux environs de&hellip;\n","protected":false},"author":2,"featured_media":639513,"comment_status":"","ping_status":"","sticky":false,"template":"","format":"standard","meta":{"footnotes":""},"categories":[1358],"tags":[1348,1384,1385,1386,58,59,1011,27],"class_list":{"0":"post-639512","1":"post","2":"type-post","3":"status-publish","4":"format-standard","5":"has-post-thumbnail","7":"category-arts-et-design","8":"tag-arts","9":"tag-arts-and-design","10":"tag-arts-et-design","11":"tag-design","12":"tag-divertissement","13":"tag-entertainment","14":"tag-fr","15":"tag-france"},"share_on_mastodon":{"url":"https:\/\/pubeurope.com\/@fr\/115834454260144504","error":""},"_links":{"self":[{"href":"https:\/\/www.europesays.com\/fr\/wp-json\/wp\/v2\/posts\/639512","targetHints":{"allow":["GET"]}}],"collection":[{"href":"https:\/\/www.europesays.com\/fr\/wp-json\/wp\/v2\/posts"}],"about":[{"href":"https:\/\/www.europesays.com\/fr\/wp-json\/wp\/v2\/types\/post"}],"author":[{"embeddable":true,"href":"https:\/\/www.europesays.com\/fr\/wp-json\/wp\/v2\/users\/2"}],"replies":[{"embeddable":true,"href":"https:\/\/www.europesays.com\/fr\/wp-json\/wp\/v2\/comments?post=639512"}],"version-history":[{"count":0,"href":"https:\/\/www.europesays.com\/fr\/wp-json\/wp\/v2\/posts\/639512\/revisions"}],"wp:featuredmedia":[{"embeddable":true,"href":"https:\/\/www.europesays.com\/fr\/wp-json\/wp\/v2\/media\/639513"}],"wp:attachment":[{"href":"https:\/\/www.europesays.com\/fr\/wp-json\/wp\/v2\/media?parent=639512"}],"wp:term":[{"taxonomy":"category","embeddable":true,"href":"https:\/\/www.europesays.com\/fr\/wp-json\/wp\/v2\/categories?post=639512"},{"taxonomy":"post_tag","embeddable":true,"href":"https:\/\/www.europesays.com\/fr\/wp-json\/wp\/v2\/tags?post=639512"}],"curies":[{"name":"wp","href":"https:\/\/api.w.org\/{rel}","templated":true}]}}