{"id":639522,"date":"2026-01-04T02:30:12","date_gmt":"2026-01-04T02:30:12","guid":{"rendered":"https:\/\/www.europesays.com\/fr\/639522\/"},"modified":"2026-01-04T02:30:12","modified_gmt":"2026-01-04T02:30:12","slug":"teleshopping-cest-fini-les-souvenirs-de-laurent-cabrol-apres-larret-de-lemission-culte-je-me-voyais-comme-un-bonimenteur-de-foire","status":"publish","type":"post","link":"https:\/\/www.europesays.com\/fr\/639522\/","title":{"rendered":"T\u00e9l\u00e9shopping c\u2019est fini\u00a0: Les souvenirs de Laurent Cabrol apr\u00e8s l\u2019arr\u00eat de l\u2019\u00e9mission culte \u00ab\u00a0Je me voyais comme un bonimenteur de foire\u00a0\u00bb"},"content":{"rendered":"<p>\n                                                                    l&rsquo;essentiel<br \/>\n                                                                Il a \u00e9t\u00e9 l\u2019une des figures de T\u00e9l\u00e9shopping qui vient de tirer sa r\u00e9v\u00e9rence. Pour La D\u00e9p\u00eache du Midi, Laurent Cabrol revient sur ces quatorze ann\u00e9es pass\u00e9es \u00e0 la t\u00eate de l\u2019\u00e9mission, dont certains \u00e9pisodes \u00e9taient tourn\u00e9s dans sa ferme familiale.\n                            <\/p>\n<p>Aujourd\u2019hui \u00e2g\u00e9 de 78 ans, le Tarnais Laurent Cabrol a pass\u00e9 quatorze ann\u00e9es \u00e0 la t\u00eate de T\u00e9l\u00e9shopping, l\u2019\u00e9mission culte de TF1 entre\u00a01994 et\u00a02008.<\/p>\n<p><strong>Que repr\u00e9sentait T\u00e9l\u00e9shopping dans votre carri\u00e8re\u00a0?<\/strong><br \/>C\u2019\u00e9tait une nouvelle \u00e9tape. En aviation, on dirait que j\u2019avais amorc\u00e9 la descente. J\u2019avais connu les grandes heures de la t\u00e9l\u00e9vision avec La Nuit des h\u00e9ros, Les Marches de la gloire, La Famille en or ou encore Des chiffres et des lettres\u00a0: des \u00e9missions de 20\u00a0h\u00a030 suivies par des millions de t\u00e9l\u00e9spectateurs. Puis, on m\u2019a dit\u00a0: \u00ab\u00a0Vous allez passer de 20\u00a0h\u00a030 \u00e0 8\u00a0h\u00a030.\u00a0\u00bb J\u2019ai donc quitt\u00e9 les grands shows pour T\u00e9l\u00e9shopping. Ce n\u2019\u00e9tait pas un d\u00e9classement, mais un changement de rythme. L\u2019\u00e9mission restait tr\u00e8s suivie\u00a0: un million de t\u00e9l\u00e9spectateurs, \u00e0 une \u00e9poque o\u00f9 il n\u2019y avait que quelques cha\u00eenes. J\u2019en garde un excellent souvenir. C\u2019\u00e9tait une \u00e9quipe formidable, pleine de bonne humeur.<\/p>\n<\/p>\n<p>                    <img decoding=\"async\" class=\"responsive-img\" src=\"https:\/\/www.europesays.com\/fr\/wp-content\/uploads\/2026\/01\/1767493812_550_hqdefault.jpg\"\/><br \/>\n                <a class=\"stretched-link\" href=\"#paywall\" rel=\"js-anchor\"><\/p>\n<p>        <\/a><\/p>\n<p><strong>Vous \u00e9tiez un peu le plus grand vendeur de France, non\u00a0?<\/strong><br \/>(Rires) Oui, on vendait parfois deux mille oreillers d\u2019un coup\u00a0! On avait le plus grand magasin de France\u00a0: un million de t\u00e9l\u00e9spectateurs. Mais moi, je voulais surtout faire de la t\u00e9l\u00e9vision. Les patrons voulaient de la vente, moi je voulais de l\u2019animation. J\u2019ai r\u00e9ussi \u00e0 imposer un \u00e9quilibre\u00a0: moiti\u00e9 vente, moiti\u00e9 spectacle. Le but, c\u2019\u00e9tait de divertir les gens le matin, de les faire sourire. On rigolait, on se taquinait, et le public suivait.<\/p>\n<p><strong>Comment se d\u00e9roulaient les \u00e9missions\u00a0?<\/strong><br \/>Chaque vente avait une partie plateau, o\u00f9 l\u2019on discutait du produit, et une partie d\u00e9monstration enregistr\u00e9e. On \u00e9tait plusieurs \u00e0 se relayer\u00a0: Catherine Falgayrac, G\u00e9rard Braud, le cuisinier, et la p\u00e9tillante Sophie Gaillard, que j\u2019adorais. Sophie venait de Fun Radio, on s\u2019amusait beaucoup ensemble. C\u2019\u00e9tait une bande de copains. Et si un produit ne me plaisait pas, je pouvais refuser de le pr\u00e9senter.<\/p>\n<p class=\"std-elt__inline\">\n        <strong>\u00c0 lire aussi :<\/strong><br \/>\n        <a href=\"https:\/\/www.ladepeche.fr\/2025\/12\/31\/teleshopping-cest-fini-derniere-emission-ce-mercredi-sur-tf1-apres-38-ans-de-diffusion-13137444.php\" target=\"_blank\" rel=\"noopener\">T\u00e9l\u00e9shopping, c\u2019est fini\u00a0: derni\u00e8re \u00e9mission ce mercredi sur TF1 apr\u00e8s 38 ans de diffusion<\/a>\n    <\/p>\n<p><strong>Vous tourniez aussi dans le Tarn, chez vous\u00a0?<\/strong><br \/>Oui, pendant plusieurs \u00e9t\u00e9s. Comme je travaillais aussi \u00e0 Europe 1, on tournait \u00e0 Saint-Amans-Soult, dans ma ferme familiale. Les \u00e9quipes logeaient \u00e0 l\u2019h\u00f4tel, mais on mangeait tous ensemble \u00e0 la maison. On tournait avec les produits du moment\u00a0: mes rideaux servaient \u00e0 tester le barrage aux insectes, on filmait dans les pr\u00e9s, avec les vaches et les tracteurs. C\u2019\u00e9tait convivial, tr\u00e8s champ\u00eatre. Pendant cinq ou six ans, T\u00e9l\u00e9shopping s\u2019est donc invit\u00e9 dans le Tarn.<\/p>\n<p><strong>Tout semblait tr\u00e8s organis\u00e9 \u00e0 l\u2019\u00e9cran. C\u2019\u00e9tait vraiment le cas\u00a0?<\/strong><br \/>C\u2019\u00e9tait calcul\u00e9 dans l\u2019improvisation. J\u2019arrivais et je demandais\u00a0: \u00ab\u00a0Qu\u2019est-ce qu\u2019on a aujourd\u2019hui\u00a0?\u00a0\u00bb On avait une r\u00e9union avant, bien s\u00fbr, mais sur le plateau, on improvisait beaucoup.<\/p>\n<blockquote>\n<p>\u00ab\u00a0Mon plaisir, c\u2019\u00e9tait de faire une \u00e9mission joyeuse, conviviale. Je me voyais plus comme un bonimenteur de foire que comme un vendeur.\u00a0\u00bb<\/p>\n<\/blockquote>\n<p><strong>Certains produits vous ont-ils vraiment convaincu\u00a0?<\/strong><br \/>Oui, certains \u00e9taient excellents. Le barrage aux insectes, par exemple\u00a0: un produit fabuleux, dont on a vendu des millions de litres. Mais je ne m\u2019en servais jamais. Je les utilisais pour les d\u00e9monstrations, puis je les rendais. C\u2019\u00e9tait une question d\u2019\u00e9thique. Mon plaisir, c\u2019\u00e9tait de faire une \u00e9mission joyeuse, conviviale. Je me voyais plus comme un bonimenteur de foire que comme un vendeur.<\/p>\n<p><strong>Les journ\u00e9es de tournage \u00e9taient longues\u00a0?<\/strong><br \/>Tr\u00e8s longues. On enregistrait jusqu\u2019\u00e0 quarante-cinq minutes par \u00e9mission, parfois trois ou quatre par jour, de 10\u00a0h \u00e0 21\u00a0h. C\u2019\u00e9tait intense, mais on s\u2019amusait. Quand G\u00e9rard cuisinait pour vendre une couscoussi\u00e8re, on mangeait le couscous\u00a0!<\/p>\n<p class=\"std-elt__inline\">\n        <strong>\u00c0 lire aussi :<\/strong><br \/>\n        <a href=\"https:\/\/www.ladepeche.fr\/2024\/05\/09\/fin-des-chiffres-et-des-lettres-le-coup-de-gueule-du-tarnais-laurent-cabrol-11940346.php\" target=\"_blank\" rel=\"noopener\">Fin \u00ab\u00a0Des chiffres et des lettres\u00a0\u00bb\u00a0: le coup de gueule du Tarnais Laurent Cabrol<\/a>\n    <\/p>\n<p><strong>Et la fin de T\u00e9l\u00e9shopping, le 31\u00a0d\u00e9cembre, cela vous a touch\u00e9\u00a0?<\/strong><br \/>Oui, bien s\u00fbr. Mais c\u2019\u00e9tait in\u00e9vitable. Avec Internet, la vente en ligne a tout chang\u00e9. On disait\u00a0: \u00ab\u00a0Allez sur notre site pour commander.\u00a0\u00bb Petit \u00e0 petit, les ventes en ligne ont pris le dessus. Et puis aujourd\u2019hui, il y a quatre-vingt-dix cha\u00eenes, dont soixante-dix qui font du t\u00e9l\u00e9achat. Ce n\u2019est plus original. Le t\u00e9l\u00e9achat n\u2019a pas su \u00e9voluer. J\u2019ai toujours pens\u00e9 qu\u2019il fallait faire de la t\u00e9l\u00e9vision et de la vente, pas seulement de la vente. Mais les patrons ont pr\u00e9f\u00e9r\u00e9 miser sur le chiffre. R\u00e9sultat\u00a0: quand les gens ont vu un produit une fois, ils ne veulent pas le revoir dix fois.<\/p>\n","protected":false},"excerpt":{"rendered":"l&rsquo;essentiel Il a \u00e9t\u00e9 l\u2019une des figures de T\u00e9l\u00e9shopping qui vient de tirer sa r\u00e9v\u00e9rence. Pour La D\u00e9p\u00eache&hellip;\n","protected":false},"author":2,"featured_media":639523,"comment_status":"","ping_status":"","sticky":false,"template":"","format":"standard","meta":{"footnotes":""},"categories":[8],"tags":[58,59,1011,27,74640,8412,68925],"class_list":{"0":"post-639522","1":"post","2":"type-post","3":"status-publish","4":"format-standard","5":"has-post-thumbnail","7":"category-divertissement","8":"tag-divertissement","9":"tag-entertainment","10":"tag-fr","11":"tag-france","12":"tag-saintamanssoult","13":"tag-tarn","14":"tag-tu00e9lu00e9-mu00e9dias"},"share_on_mastodon":{"url":"https:\/\/pubeurope.com\/@fr\/115834481878004776","error":""},"_links":{"self":[{"href":"https:\/\/www.europesays.com\/fr\/wp-json\/wp\/v2\/posts\/639522","targetHints":{"allow":["GET"]}}],"collection":[{"href":"https:\/\/www.europesays.com\/fr\/wp-json\/wp\/v2\/posts"}],"about":[{"href":"https:\/\/www.europesays.com\/fr\/wp-json\/wp\/v2\/types\/post"}],"author":[{"embeddable":true,"href":"https:\/\/www.europesays.com\/fr\/wp-json\/wp\/v2\/users\/2"}],"replies":[{"embeddable":true,"href":"https:\/\/www.europesays.com\/fr\/wp-json\/wp\/v2\/comments?post=639522"}],"version-history":[{"count":0,"href":"https:\/\/www.europesays.com\/fr\/wp-json\/wp\/v2\/posts\/639522\/revisions"}],"wp:featuredmedia":[{"embeddable":true,"href":"https:\/\/www.europesays.com\/fr\/wp-json\/wp\/v2\/media\/639523"}],"wp:attachment":[{"href":"https:\/\/www.europesays.com\/fr\/wp-json\/wp\/v2\/media?parent=639522"}],"wp:term":[{"taxonomy":"category","embeddable":true,"href":"https:\/\/www.europesays.com\/fr\/wp-json\/wp\/v2\/categories?post=639522"},{"taxonomy":"post_tag","embeddable":true,"href":"https:\/\/www.europesays.com\/fr\/wp-json\/wp\/v2\/tags?post=639522"}],"curies":[{"name":"wp","href":"https:\/\/api.w.org\/{rel}","templated":true}]}}