{"id":639528,"date":"2026-01-04T02:33:16","date_gmt":"2026-01-04T02:33:16","guid":{"rendered":"https:\/\/www.europesays.com\/fr\/639528\/"},"modified":"2026-01-04T02:33:16","modified_gmt":"2026-01-04T02:33:16","slug":"linde-expose-des-bijoux-sacres-lies-a-bouddha-pour-la-premiere-fois-depuis-leur-decouverte-en-1898","status":"publish","type":"post","link":"https:\/\/www.europesays.com\/fr\/639528\/","title":{"rendered":"L&rsquo;Inde expose des bijoux sacr\u00e9s li\u00e9s \u00e0 Bouddha pour la premi\u00e8re fois depuis leur d\u00e9couverte en 1898"},"content":{"rendered":"\n<p class=\"c-chapo \">\n  Les autorit\u00e9s indiennes ont r\u00e9cup\u00e9r\u00e9 ces pierres pr\u00e9cieuses en juillet 2025, pour un montant rest\u00e9 secret, apr\u00e8s avoir fait annuler leur vente aux ench\u00e8res par la maison Sotheby&rsquo;s.\n<\/p>\n<p>      lire plus tard<\/p>\n<p id=\"dialog__title\" class=\"dialog__title\">Pour sauvegarder cet article, connectez-vous ou cr\u00e9ez un compte franceinfo<\/p>\n<p class=\"dialog__description\">Sans paiement. Sans abonnement.<\/p>\n<p>        Fermer la fen\u00eatre d\u2019activation des notifications France Info<\/p>\n<p>      cr\u00e9er votre compte<\/p>\n<p>      se connecter<\/p>\n<p>      :<\/p>\n<p>        Fermer la fen\u00eatre de pr\u00e9sentation<\/p>\n<p>    <img loading=\"lazy\" decoding=\"async\" class=\"signature__image lazyload\" width=\"100\" height=\"100\" data- alt=\"\" src=\"https:\/\/www.europesays.com\/fr\/wp-content\/uploads\/2025\/05\/64abd44855ee1_placeholder-36b69ec8.png\"\/><\/p>\n<p>          France T\u00e9l\u00e9visions &#8211; R\u00e9daction Culture<\/p>\n<p>    Publi\u00e9 le 03\/01\/2026 12:37<\/p>\n<p>        Temps de lecture : 2min<\/p>\n<p>    <img decoding=\"async\"  alt=\"Le ministre de la culture et du tourisme indien, Gajendra Singh Shekhawat, effectue un rituel pour la r\u00e9ception des reliques sacr\u00e9es de Bouddha rapatri\u00e9es \u00e0 New Delhi, le 30 juillet 2025. (INDIAN PRESS INFORMATION BUREAU \/ AFP)\" width=\"432\" height=\"243\" src=\"https:\/\/www.europesays.com\/fr\/wp-content\/uploads\/2026\/01\/000-68bx4nr-6958f7c4363f5123197906.jpg\" fetchpriority=\"high\"\/><\/p>\n<p>      Le ministre de la culture et du tourisme indien, Gajendra Singh Shekhawat, effectue un rituel pour la r\u00e9ception des reliques sacr\u00e9es de Bouddha rapatri\u00e9es \u00e0 New Delhi, le 30 juillet 2025. (INDIAN PRESS INFORMATION BUREAU \/ AFP)<\/p>\n<p>Les joyaux de Pipr\u00e2w\u00e2, des bijoux sacr\u00e9s li\u00e9s \u00e0 Bouddha, ont \u00e9t\u00e9 expos\u00e9s samedi 3 janvier \u00e0 New Delhi \u00ab\u00a0pour la premi\u00e8re fois\u00a0\u00bb depuis leur d\u00e9couverte, a annonc\u00e9 le minist\u00e8re indien de la Culture. \u00ab\u00a0Cet \u00e9v\u00e9nement historique marque la r\u00e9unification des reliques pr\u00e9cieuses de Pipr\u00e2w\u00e2 du Seigneur Bouddha, rapatri\u00e9es apr\u00e8s 127 ans\u00a0\u00bb, a-t-il d\u00e9clar\u00e9 dans un communiqu\u00e9.<\/p>\n<p>Ces quelque 300 pierres pr\u00e9cieuses et ornements, datant d&rsquo;environ 200 ans avant J.C, auraient \u00e9t\u00e9 enterr\u00e9s avec les reliques de Bouddha dans un stupa [monument reliquaire] du nord de l&rsquo;Inde. Ils ont \u00e9t\u00e9 expos\u00e9s avec d&rsquo;autres reliques \u00ab\u00a0pour la premi\u00e8re fois\u00a0\u00bb depuis leur d\u00e9couverte en 1898 par l&rsquo;arch\u00e9ologue britannique William Claxton Pepp\u00e9, \u00e0 Pipr\u00e2w\u00e2, dans l&rsquo;Uttar Pradesh (nord).<\/p>\n<p>Le Premier ministre indien, Narendra Modi, qui a inaugur\u00e9 l&rsquo;exposition dans la capitale, a d\u00e9clar\u00e9 que c&rsquo;\u00e9tait \u00ab\u00a0un jour tr\u00e8s sp\u00e9cial pour ceux qui sont passionn\u00e9s par l&rsquo;histoire, la culture et les id\u00e9aux\u00a0\u00bb de Bouddha. <a href=\"https:\/\/www.bbc.com\/news\/articles\/c0kz8r6gxrro.amp\" target=\"_blank\" rel=\"noopener\">L&rsquo;Inde a r\u00e9cup\u00e9r\u00e9 ces pierres pr\u00e9cieuses en juillet<\/a>, apr\u00e8s avoir fait annuler leur vente aux ench\u00e8res, initialement pr\u00e9vue le 7 mai 2025, par la maison Sotheby&rsquo;s \u00e0 Hong Kong, avec une mise \u00e0 prix d\u00e9passant 1,2 million de dollars [plus d&rsquo;un million d&rsquo;euros]. Des experts estiment qu&rsquo;elles auraient pu \u00eatre vendues dix fois plus cher.<\/p>\n<p>Cette affaire avait provoqu\u00e9 une <a href=\"https:\/\/www.radiofrance.fr\/franceinter\/podcasts\/regarde-le-monde\/regarde-le-monde-du-jeudi-08-mai-2025-8644884\" target=\"_blank\" rel=\"noopener\">pol\u00e9mique entre l&rsquo;Inde et le Royaume-Uni. <\/a>Dans un article pour Sotheby&rsquo;s, un h\u00e9ritier de William Claxton Pepp\u00e9 a soutenu que son anc\u00eatre avait fait don de ses trouvailles au gouvernement indien et qu&rsquo;il n&rsquo;en avait conserv\u00e9 qu&rsquo;une \u00ab\u00a0petite partie\u00a0\u00bb, transmise ensuite \u00e0 sa famille. New Delhi avait exig\u00e9 des excuses, et la r\u00e9v\u00e9lation totale des documents sur leur origine.<\/p>\n<p>Les pierres pr\u00e9cieuses ont \u00e9t\u00e9 rachet\u00e9es par un conglom\u00e9rat indien, Godrej Industries Group, en partenariat avec le gouvernement indien. Le montant de la transaction n&rsquo;a pas \u00e9t\u00e9 divulgu\u00e9.<\/p>\n","protected":false},"excerpt":{"rendered":"Les autorit\u00e9s indiennes ont r\u00e9cup\u00e9r\u00e9 ces pierres pr\u00e9cieuses en juillet 2025, pour un montant rest\u00e9 secret, apr\u00e8s avoir&hellip;\n","protected":false},"author":2,"featured_media":639529,"comment_status":"","ping_status":"","sticky":false,"template":"","format":"standard","meta":{"footnotes":""},"categories":[5],"tags":[11,1011,27,14,12,28],"class_list":{"0":"post-639528","1":"post","2":"type-post","3":"status-publish","4":"format-standard","5":"has-post-thumbnail","7":"category-international","8":"tag-actualites","9":"tag-fr","10":"tag-france","11":"tag-international","12":"tag-news","13":"tag-world"},"share_on_mastodon":{"url":"https:\/\/pubeurope.com\/@fr\/115834493648152679","error":""},"_links":{"self":[{"href":"https:\/\/www.europesays.com\/fr\/wp-json\/wp\/v2\/posts\/639528","targetHints":{"allow":["GET"]}}],"collection":[{"href":"https:\/\/www.europesays.com\/fr\/wp-json\/wp\/v2\/posts"}],"about":[{"href":"https:\/\/www.europesays.com\/fr\/wp-json\/wp\/v2\/types\/post"}],"author":[{"embeddable":true,"href":"https:\/\/www.europesays.com\/fr\/wp-json\/wp\/v2\/users\/2"}],"replies":[{"embeddable":true,"href":"https:\/\/www.europesays.com\/fr\/wp-json\/wp\/v2\/comments?post=639528"}],"version-history":[{"count":0,"href":"https:\/\/www.europesays.com\/fr\/wp-json\/wp\/v2\/posts\/639528\/revisions"}],"wp:featuredmedia":[{"embeddable":true,"href":"https:\/\/www.europesays.com\/fr\/wp-json\/wp\/v2\/media\/639529"}],"wp:attachment":[{"href":"https:\/\/www.europesays.com\/fr\/wp-json\/wp\/v2\/media?parent=639528"}],"wp:term":[{"taxonomy":"category","embeddable":true,"href":"https:\/\/www.europesays.com\/fr\/wp-json\/wp\/v2\/categories?post=639528"},{"taxonomy":"post_tag","embeddable":true,"href":"https:\/\/www.europesays.com\/fr\/wp-json\/wp\/v2\/tags?post=639528"}],"curies":[{"name":"wp","href":"https:\/\/api.w.org\/{rel}","templated":true}]}}