{"id":639533,"date":"2026-01-04T02:36:31","date_gmt":"2026-01-04T02:36:31","guid":{"rendered":"https:\/\/www.europesays.com\/fr\/639533\/"},"modified":"2026-01-04T02:36:31","modified_gmt":"2026-01-04T02:36:31","slug":"sncf-un-train-percute-une-voiture-trafic-a-larret-entre-saint-etienne-et-firminy","status":"publish","type":"post","link":"https:\/\/www.europesays.com\/fr\/639533\/","title":{"rendered":"SNCF : un train percute une voiture, trafic \u00e0 l&rsquo;arr\u00eat entre Saint-\u00c9tienne et Firminy"},"content":{"rendered":"<p>La circulation des trains entre Firminy et Saitn-Etienne est \u00e0 l&rsquo;arr\u00eat depuis 10 heures ce vendredi 2 janvier. La reprise n&rsquo;est pas attendue avant 16 heures.<\/p>\n<p>Courage et <b>patience <\/b>si vous devez prendre le train dans la <b>Loire <\/b>!\u00a0<\/p>\n<p>Le trafic des TER sur la <b>ligne Firminy\/Saint-\u00c9tienne<\/b> est interrompu depuis le milieu de matin\u00e9e ce vendredi.\u00a0<\/p>\n<p>En cause : <b>un train qui a percut\u00e9 une voiture<\/b> dans des circonstances encore ind\u00e9termin\u00e9es.\u00a0<\/p>\n<p>La reprise du trafic est pr\u00e9vue pour <b>16 heures<\/b> selon la SNCF.\u00a0<\/p>\n<p><img loading=\"lazy\" decoding=\"async\" src=\"https:\/\/www.europesays.com\/fr\/wp-content\/uploads\/2026\/01\/1767494191_486_img.png\" width=\"350\" height=\"200\" border=\"0\" title=\"\u00c3\u0089piceries de nuit.\"\/><\/p>\n<p>\u25baConso<\/p>\n<p style=\"font-size: 22px;\"><b>Le Puy-en-Velay : restriction d&rsquo;horaires pour les \u00e9piceries de nuit\u00a0<\/b><\/p>\n<p>Au Puy-en-Velay, les \u00e9piceries de nuit vont devoir&#8230;<\/p>\n<p><\/p>\n","protected":false},"excerpt":{"rendered":"La circulation des trains entre Firminy et Saitn-Etienne est \u00e0 l&rsquo;arr\u00eat depuis 10 heures ce vendredi 2 janvier.&hellip;\n","protected":false},"author":2,"featured_media":386200,"comment_status":"","ping_status":"","sticky":false,"template":"","format":"standard","meta":{"footnotes":""},"categories":[9653],"tags":[119,1111,11,2430,1777,674,1011,27,3367,12,25,4001,2215,6472,926,4752],"class_list":{"0":"post-639533","1":"post","2":"type-post","3":"status-publish","4":"format-standard","5":"has-post-thumbnail","7":"category-saint-etienne","8":"tag-accident","9":"tag-actu","10":"tag-actualites","11":"tag-auvergne-rhone-alpes","12":"tag-eu","13":"tag-europe","14":"tag-fr","15":"tag-france","16":"tag-loire","17":"tag-news","18":"tag-republique-francaise","19":"tag-saint-etienne","20":"tag-sncf","21":"tag-ter","22":"tag-train","23":"tag-voiture"},"share_on_mastodon":{"url":"https:\/\/pubeurope.com\/@fr\/115834505484418473","error":""},"_links":{"self":[{"href":"https:\/\/www.europesays.com\/fr\/wp-json\/wp\/v2\/posts\/639533","targetHints":{"allow":["GET"]}}],"collection":[{"href":"https:\/\/www.europesays.com\/fr\/wp-json\/wp\/v2\/posts"}],"about":[{"href":"https:\/\/www.europesays.com\/fr\/wp-json\/wp\/v2\/types\/post"}],"author":[{"embeddable":true,"href":"https:\/\/www.europesays.com\/fr\/wp-json\/wp\/v2\/users\/2"}],"replies":[{"embeddable":true,"href":"https:\/\/www.europesays.com\/fr\/wp-json\/wp\/v2\/comments?post=639533"}],"version-history":[{"count":0,"href":"https:\/\/www.europesays.com\/fr\/wp-json\/wp\/v2\/posts\/639533\/revisions"}],"wp:featuredmedia":[{"embeddable":true,"href":"https:\/\/www.europesays.com\/fr\/wp-json\/wp\/v2\/media\/386200"}],"wp:attachment":[{"href":"https:\/\/www.europesays.com\/fr\/wp-json\/wp\/v2\/media?parent=639533"}],"wp:term":[{"taxonomy":"category","embeddable":true,"href":"https:\/\/www.europesays.com\/fr\/wp-json\/wp\/v2\/categories?post=639533"},{"taxonomy":"post_tag","embeddable":true,"href":"https:\/\/www.europesays.com\/fr\/wp-json\/wp\/v2\/tags?post=639533"}],"curies":[{"name":"wp","href":"https:\/\/api.w.org\/{rel}","templated":true}]}}