{"id":639537,"date":"2026-01-04T02:42:33","date_gmt":"2026-01-04T02:42:33","guid":{"rendered":"https:\/\/www.europesays.com\/fr\/639537\/"},"modified":"2026-01-04T02:42:33","modified_gmt":"2026-01-04T02:42:33","slug":"taofifenua-devrait-prolonger-deux-ans","status":"publish","type":"post","link":"https:\/\/www.europesays.com\/fr\/639537\/","title":{"rendered":"Taofifenua devrait prolonger deux ans"},"content":{"rendered":"<p><strong>Arriv\u00e9 en 2024 au Racing 92,<br \/>\nRomain Taofifenua voyait son contrat arriv\u00e9 \u00e0 son terme \u00e0 l&rsquo;issue<br \/>\nde l&rsquo;exercice. Une situation qui devrait vite \u00eatre r\u00e9gl\u00e9e puisque<br \/>\nselon les informations de RugbyPass, le deuxi\u00e8me ligne devrait<br \/>\nprolonger l&rsquo;aventure pour deux saisons<br \/>\nsuppl\u00e9mentaires.<\/strong><\/p>\n<p>L\u2019histoire entre le Racing 92 et Romain Taofifenua semble partie<br \/>\npour dur\u00e9e encore au moins deux saisons de plus. Arriv\u00e9 \u00e0 l\u2019\u00e9t\u00e9<br \/>\n2024 du c\u00f4t\u00e9 des Hauts-de-Seine, le deuxi\u00e8me ligne s\u2019est rapidement<br \/>\nimpos\u00e9 comme un \u00e9l\u00e9ment fort de l\u2019effectif. Une stature qui devrait<br \/>\ndonc \u00eatre r\u00e9compens\u00e9e par une prolongation comme l\u2019a r\u00e9v\u00e9l\u00e9 le<br \/>\nm\u00e9dia RugbyPass ce vendredi. Alors qu\u2019il \u00e9tait en fin de<br \/>\ncontrat en juin prochain, Romain Taofifenua devrait donc poursuivre<br \/>\nencore un peu l\u2019aventure avec le Racing.<\/p>\n<p>Form\u00e9 \u00e0 Perpignan o\u00f9 il aura particip\u00e9 \u00e0 80 rencontres (40<br \/>\npoints), c\u2019est du c\u00f4t\u00e9 de Toulon que Romain Taofifenua se r\u00e9v\u00e8le<br \/>\nv\u00e9ritablement. Durant son passage dans le Var, le deuxi\u00e8me ligne<br \/>\nparticipe \u00e0 la victoire de Toulon \u00e0 l\u2019occasion de la Coupe d\u2019Europe<br \/>\n2015, et participe \u00e0 deux finales de Top 14 en 2016, puis en 2017.<br \/>\nApr\u00e8s sept saisons et 152 matchs (60 points), c\u2019est du c\u00f4t\u00e9 de Lyon<br \/>\nque Romain Taofifenua pose ses valises en 2021. Avec le \u00ab LOU \u00bb, il<br \/>\na notamment contribu\u00e9 au succ\u00e8s des siens \u00e0 l\u2019occasion du Challenge<br \/>\nEurop\u00e9en en 2022 face \u00e0 Toulon. En trois saisons au LOU, Romain<br \/>\nTaofifenua a particip\u00e9 \u00e0 58 rencontres (30 points).<\/p>\n<p>En ce qui concerne le XV de France, le natif de Mont-de-Marsan<br \/>\nest, au fil des ann\u00e9es, devenu un \u00e9l\u00e9ment fort, apportant tout son<br \/>\ntalent au cours de ses 59 s\u00e9lections (3 essais). Il a par ailleurs<br \/>\ncontribu\u00e9 aux succ\u00e8s des Bleus \u00e0 l\u2019occasion du Grand Chelem lors du<br \/>\nTournoi des 6 Nations 2022, ainsi que lors de l\u2019\u00e9dition 2025. \u00c0<br \/>\nl\u2019\u00e9t\u00e9 2024, Romain Taofifenua rejoint le Racing 92 et devient<br \/>\nrapidement un \u00e9l\u00e9ment pr\u00e9pond\u00e9rant de l\u2019effectif, apportant sa<br \/>\npuissance sur les diff\u00e9rentes phases arr\u00eat\u00e9es, ainsi que sa force<br \/>\nde p\u00e9n\u00e9tration aux abords de la zone de marque. Aujourd\u2019hui \u00e2g\u00e9 de<br \/>\n35 ans, le deuxi\u00e8me ligne n\u2019a pas encore pr\u00e9vu de raccrocher les<br \/>\ncrampons et compte bien continuer d\u2019apporter encore son exp\u00e9rience<br \/>\nau groupe du Racing 92. Comme r\u00e9v\u00e9l\u00e9 par RugbyPass, Romain<br \/>\nTaofifenua devrait donc s\u2019engager un peu plus durablement dans le<br \/>\nclub des Hauts-de-Seine avec une prolongation pour deux saisons<br \/>\nsuppl\u00e9mentaires, soit jusqu\u2019en 2028. Avec 12 matchs pour trois<br \/>\nessais inscrits cette saison, Romain Taofifenua participe au bon<br \/>\nd\u00e9but de saison de son \u00e9quipe, actuellement 7e. Il sera d\u2019ailleurs<br \/>\ntitulaire et capitaine d\u00e8s ce samedi soir, pour le choc de la 14e<br \/>\njourn\u00e9e de Top 14 entre l\u2019UBB et le Racing (21 heures).<\/p>\n","protected":false},"excerpt":{"rendered":"Arriv\u00e9 en 2024 au Racing 92, Romain Taofifenua voyait son contrat arriv\u00e9 \u00e0 son terme \u00e0 l&rsquo;issue de&hellip;\n","protected":false},"author":2,"featured_media":639538,"comment_status":"","ping_status":"","sticky":false,"template":"","format":"standard","meta":{"footnotes":""},"categories":[9619],"tags":[1111,11,1777,674,1011,27,12,7742,882,5421,25,74641,479,57681,478,2310],"class_list":{"0":"post-639537","1":"post","2":"type-post","3":"status-publish","4":"format-standard","5":"has-post-thumbnail","7":"category-toulon","8":"tag-actu","9":"tag-actualites","10":"tag-eu","11":"tag-europe","12":"tag-fr","13":"tag-france","14":"tag-news","15":"tag-prolongation","16":"tag-provence-alpes-cote-dazur","17":"tag-racing-92","18":"tag-republique-francaise","19":"tag-romain-taofifenua","20":"tag-rugby","21":"tag-sport365-fr","22":"tag-top-14","23":"tag-toulon"},"share_on_mastodon":{"url":"https:\/\/pubeurope.com\/@fr\/115834528922494371","error":""},"_links":{"self":[{"href":"https:\/\/www.europesays.com\/fr\/wp-json\/wp\/v2\/posts\/639537","targetHints":{"allow":["GET"]}}],"collection":[{"href":"https:\/\/www.europesays.com\/fr\/wp-json\/wp\/v2\/posts"}],"about":[{"href":"https:\/\/www.europesays.com\/fr\/wp-json\/wp\/v2\/types\/post"}],"author":[{"embeddable":true,"href":"https:\/\/www.europesays.com\/fr\/wp-json\/wp\/v2\/users\/2"}],"replies":[{"embeddable":true,"href":"https:\/\/www.europesays.com\/fr\/wp-json\/wp\/v2\/comments?post=639537"}],"version-history":[{"count":0,"href":"https:\/\/www.europesays.com\/fr\/wp-json\/wp\/v2\/posts\/639537\/revisions"}],"wp:featuredmedia":[{"embeddable":true,"href":"https:\/\/www.europesays.com\/fr\/wp-json\/wp\/v2\/media\/639538"}],"wp:attachment":[{"href":"https:\/\/www.europesays.com\/fr\/wp-json\/wp\/v2\/media?parent=639537"}],"wp:term":[{"taxonomy":"category","embeddable":true,"href":"https:\/\/www.europesays.com\/fr\/wp-json\/wp\/v2\/categories?post=639537"},{"taxonomy":"post_tag","embeddable":true,"href":"https:\/\/www.europesays.com\/fr\/wp-json\/wp\/v2\/tags?post=639537"}],"curies":[{"name":"wp","href":"https:\/\/api.w.org\/{rel}","templated":true}]}}