{"id":639539,"date":"2026-01-04T02:44:13","date_gmt":"2026-01-04T02:44:13","guid":{"rendered":"https:\/\/www.europesays.com\/fr\/639539\/"},"modified":"2026-01-04T02:44:13","modified_gmt":"2026-01-04T02:44:13","slug":"previsions-du-dimanche-4-janvier-2026","status":"publish","type":"post","link":"https:\/\/www.europesays.com\/fr\/639539\/","title":{"rendered":"pr\u00e9visions du dimanche 4 janvier 2026"},"content":{"rendered":"<p>Aujourd&rsquo;hui, on anticipe pour Montpellier des temp\u00e9ratures d&rsquo;environ 5\u00b0C. Le ciel sera assez lumineux, avec quelques \u00e9claircies le matin. Les valeurs afficheront entre 2\u00b0C et 5\u00b0C, rappelant l&rsquo;hiver au bon souvenir des habitants. Un vent de nord-ouest soufflera l\u00e9g\u00e8rement. Le soleil sera au rendez-vous : un bel apr\u00e8s-midi se pr\u00e9sente ! L&rsquo;hiver s&rsquo;est d\u00e9finitivement install\u00e9 puisque les temp\u00e9ratures s&rsquo;\u00e9chelonneront de 3 \u00e0 7\u00b0C. La ville profitera de quelques \u00e9claircies le soir. L&rsquo;hiver se fait sentir : les valeurs seront comprises entre 2 et 3\u00b0C. Entre dimanche et lundi, la nuit sera claire.<\/p>\n<p>Demain, une chute des temp\u00e9ratures, en accord avec la p\u00e9riode hivernale, est \u00e0 craindre \u00e0 Montpellier. Les valeurs s&rsquo;\u00e9chelonneront entre 0 et 6\u00b0C, un temps bel et bien de saison. Un vent de nord-ouest rafra\u00eechira sensiblement l&rsquo;atmosph\u00e8re. Le matin, un ciel avec des \u00e9claircies va progressivement remplacer les nuages. Les valeurs tourneront autour des 1\u00b0C. Demain apr\u00e8s-midi, un grand soleil brillera. C&rsquo;est une hausse de quelques degr\u00e9s que vont enregistrer les temp\u00e9ratures. L&rsquo;hiver sera bien au rendez-vous puisque les temp\u00e9ratures seront tout de m\u00eame de 3\u00b0C au plus bas et de 6\u00b0C au plus haut. Apr\u00e8s un petit passage nuageux, on annonce une embellie pour cette soir\u00e9e. Il fera en moyenne 2\u00b0C.<\/p>\n<p>La m\u00e9t\u00e9o restera stable les jours \u00e0 venir. Une m\u00e9t\u00e9o ensoleill\u00e9e, avec des temp\u00e9ratures de 1\u00b0C environ, est \u00e0 pr\u00e9voir.<\/p>\n<p>Les petits comme les grands adoreront se retrouver demain autour d&rsquo;une galette pour l&rsquo;\u00c9piphanie. But : remporter la f\u00e8ve !<\/p>\n","protected":false},"excerpt":{"rendered":"Aujourd&rsquo;hui, on anticipe pour Montpellier des temp\u00e9ratures d&rsquo;environ 5\u00b0C. Le ciel sera assez lumineux, avec quelques \u00e9claircies le&hellip;\n","protected":false},"author":2,"featured_media":639540,"comment_status":"","ping_status":"","sticky":false,"template":"","format":"standard","meta":{"footnotes":""},"categories":[9599],"tags":[1111,11,1777,674,1011,27,2208,12,2680,2119,25],"class_list":{"0":"post-639539","1":"post","2":"type-post","3":"status-publish","4":"format-standard","5":"has-post-thumbnail","7":"category-montpellier","8":"tag-actu","9":"tag-actualites","10":"tag-eu","11":"tag-europe","12":"tag-fr","13":"tag-france","14":"tag-montpellier","15":"tag-news","16":"tag-occitanie","17":"tag-previsions-meteo","18":"tag-republique-francaise"},"share_on_mastodon":{"url":"https:\/\/pubeurope.com\/@fr\/115834536744338494","error":""},"_links":{"self":[{"href":"https:\/\/www.europesays.com\/fr\/wp-json\/wp\/v2\/posts\/639539","targetHints":{"allow":["GET"]}}],"collection":[{"href":"https:\/\/www.europesays.com\/fr\/wp-json\/wp\/v2\/posts"}],"about":[{"href":"https:\/\/www.europesays.com\/fr\/wp-json\/wp\/v2\/types\/post"}],"author":[{"embeddable":true,"href":"https:\/\/www.europesays.com\/fr\/wp-json\/wp\/v2\/users\/2"}],"replies":[{"embeddable":true,"href":"https:\/\/www.europesays.com\/fr\/wp-json\/wp\/v2\/comments?post=639539"}],"version-history":[{"count":0,"href":"https:\/\/www.europesays.com\/fr\/wp-json\/wp\/v2\/posts\/639539\/revisions"}],"wp:featuredmedia":[{"embeddable":true,"href":"https:\/\/www.europesays.com\/fr\/wp-json\/wp\/v2\/media\/639540"}],"wp:attachment":[{"href":"https:\/\/www.europesays.com\/fr\/wp-json\/wp\/v2\/media?parent=639539"}],"wp:term":[{"taxonomy":"category","embeddable":true,"href":"https:\/\/www.europesays.com\/fr\/wp-json\/wp\/v2\/categories?post=639539"},{"taxonomy":"post_tag","embeddable":true,"href":"https:\/\/www.europesays.com\/fr\/wp-json\/wp\/v2\/tags?post=639539"}],"curies":[{"name":"wp","href":"https:\/\/api.w.org\/{rel}","templated":true}]}}