{"id":639545,"date":"2026-01-04T02:53:16","date_gmt":"2026-01-04T02:53:16","guid":{"rendered":"https:\/\/www.europesays.com\/fr\/639545\/"},"modified":"2026-01-04T02:53:16","modified_gmt":"2026-01-04T02:53:16","slug":"strasbourg-rosenior-bientot-a-chelsea-si-quelque-chose-doit-arriver-ca-arrivera-video-sports","status":"publish","type":"post","link":"https:\/\/www.europesays.com\/fr\/639545\/","title":{"rendered":"Strasbourg &#8211; Rosenior bient\u00f4t \u00e0 Chelsea ? : \u00ab\u00a0Si quelque chose doit arriver, \u00e7a arrivera\u00a0\u00bb vid\u00e9o : Sports"},"content":{"rendered":"<p>\n                                            Apr\u00e8s le nul de Strabourg contre Nice samedi (1-1), Liam Rosenior, pressenti pour \u00eatre nomm\u00e9 sur le banc de Chelsea\u00a0\u00bb  a fait un discours aux allures d&rsquo;adieux. \u00ab\u00a0J\u2019ai v\u00e9cu les 18 meilleurs mois de ma carri\u00e8re professionnelle, sans aucun doute, et j\u2019y ai nou\u00e9 de tr\u00e8s belles amiti\u00e9s\u00a0\u00bb a notamment d\u00e9clar\u00e9 le technicien anglais, tout en pr\u00e9cisant \u00ab\u00a0que rien de concret\u00a0\u00bb n&rsquo;avait encore \u00e9t\u00e9 discut\u00e9 avec les Blues.\n                                    <\/p>\n<p>Vid\u00e9o suivante dans 5 secondes<\/p>\n","protected":false},"excerpt":{"rendered":"Apr\u00e8s le nul de Strabourg contre Nice samedi (1-1), Liam Rosenior, pressenti pour \u00eatre nomm\u00e9 sur le banc&hellip;\n","protected":false},"author":2,"featured_media":639546,"comment_status":"","ping_status":"","sticky":false,"template":"","format":"standard","meta":{"footnotes":""},"categories":[2820],"tags":[1111,11,11871,74522,1777,674,63,1011,27,775,15900,46978,12,40658,2401,25,640],"class_list":{"0":"post-639545","1":"post","2":"type-post","3":"status-publish","4":"format-standard","5":"has-post-thumbnail","7":"category-strasbourg","8":"tag-actu","9":"tag-actualites","10":"tag-chelsea","11":"tag-english","12":"tag-eu","13":"tag-europe","14":"tag-football","15":"tag-fr","16":"tag-france","17":"tag-grand-est","18":"tag-liam-rosenior","19":"tag-ligue-1-france","20":"tag-news","21":"tag-news-football","22":"tag-nice","23":"tag-republique-francaise","24":"tag-strasbourg"},"share_on_mastodon":{"url":"https:\/\/pubeurope.com\/@fr\/115834572117576357","error":""},"_links":{"self":[{"href":"https:\/\/www.europesays.com\/fr\/wp-json\/wp\/v2\/posts\/639545","targetHints":{"allow":["GET"]}}],"collection":[{"href":"https:\/\/www.europesays.com\/fr\/wp-json\/wp\/v2\/posts"}],"about":[{"href":"https:\/\/www.europesays.com\/fr\/wp-json\/wp\/v2\/types\/post"}],"author":[{"embeddable":true,"href":"https:\/\/www.europesays.com\/fr\/wp-json\/wp\/v2\/users\/2"}],"replies":[{"embeddable":true,"href":"https:\/\/www.europesays.com\/fr\/wp-json\/wp\/v2\/comments?post=639545"}],"version-history":[{"count":0,"href":"https:\/\/www.europesays.com\/fr\/wp-json\/wp\/v2\/posts\/639545\/revisions"}],"wp:featuredmedia":[{"embeddable":true,"href":"https:\/\/www.europesays.com\/fr\/wp-json\/wp\/v2\/media\/639546"}],"wp:attachment":[{"href":"https:\/\/www.europesays.com\/fr\/wp-json\/wp\/v2\/media?parent=639545"}],"wp:term":[{"taxonomy":"category","embeddable":true,"href":"https:\/\/www.europesays.com\/fr\/wp-json\/wp\/v2\/categories?post=639545"},{"taxonomy":"post_tag","embeddable":true,"href":"https:\/\/www.europesays.com\/fr\/wp-json\/wp\/v2\/tags?post=639545"}],"curies":[{"name":"wp","href":"https:\/\/api.w.org\/{rel}","templated":true}]}}