{"id":639549,"date":"2026-01-04T02:57:19","date_gmt":"2026-01-04T02:57:19","guid":{"rendered":"https:\/\/www.europesays.com\/fr\/639549\/"},"modified":"2026-01-04T02:57:19","modified_gmt":"2026-01-04T02:57:19","slug":"previsions-du-dimanche-4-janvier-2026-2","status":"publish","type":"post","link":"https:\/\/www.europesays.com\/fr\/639549\/","title":{"rendered":"pr\u00e9visions du dimanche 4 janvier 2026"},"content":{"rendered":"<p>Nantes va conna\u00eetre une splendide journ\u00e9e tr\u00e8s ensoleill\u00e9e. L&rsquo;hiver sera bien au rendez-vous puisque les temp\u00e9ratures seront quand m\u00eame de -3\u00b0C au minimum et de 4\u00b0C au maximum. Une brise de nord-est soufflera l\u00e9g\u00e8rement. Les Nantais vont avoir froid le matin : les temp\u00e9ratures ne vont pas d\u00e9passer 3\u00b0C. Le thermom\u00e8tre affichera -1\u00b0C en moyenne. Les temp\u00e9ratures vont enregistrer une augmentation de quelques degr\u00e9s au cours de l&rsquo;apr\u00e8s-midi. Les valeurs seront comprises entre 0\u00b0C et 4\u00b0C, rappelant l&rsquo;hiver au bon souvenir des habitants. Le temps devrait s&rsquo;am\u00e9liorer pendant la soir\u00e9e. C&rsquo;est un ciel clair que conna\u00eetra la nuit de dimanche \u00e0 lundi.<\/p>\n<p>Le soleil appara\u00eet l\u00e9g\u00e8rement demain. Ces \u00e9claircies devraient r\u00e9jouir les Nantais. La m\u00e9t\u00e9o va se r\u00e9chauffer avec une hausse de quelques degr\u00e9s. On anticipe des temp\u00e9ratures avoisinant 2\u00b0C. Un modeste vent de nord-ouest sera ressenti par les habitants. Les Nantais vont avoir froid le matin : les temp\u00e9ratures ne vont pas d\u00e9passer 3\u00b0C. Les valeurs vont monter pendant l&rsquo;apr\u00e8s-midi de plusieurs degr\u00e9s. Les maximales iront jusqu&rsquo;\u00e0 5\u00b0C et les minimales seront de 1\u00b0C : un temps de saison. Des \u00e9claircies sont pr\u00e9vues : on passera une soir\u00e9e agr\u00e9able.<\/p>\n<p>Pour les jours \u00e0 venir, la m\u00e9t\u00e9o ne bougera pas. Des temp\u00e9ratures dans les -4\u00b0C iront de pair avec un ciel ensoleill\u00e9.<\/p>\n<p>Les petits tout comme les grands aimeront se retrouver demain autour d&rsquo;une galette pour l&rsquo;\u00c9piphanie. But : remporter la f\u00e8ve !<\/p>\n","protected":false},"excerpt":{"rendered":"Nantes va conna\u00eetre une splendide journ\u00e9e tr\u00e8s ensoleill\u00e9e. L&rsquo;hiver sera bien au rendez-vous puisque les temp\u00e9ratures seront quand&hellip;\n","protected":false},"author":2,"featured_media":639550,"comment_status":"","ping_status":"","sticky":false,"template":"","format":"standard","meta":{"footnotes":""},"categories":[2818],"tags":[1111,11,1777,674,1011,27,766,12,2636,2119,25],"class_list":{"0":"post-639549","1":"post","2":"type-post","3":"status-publish","4":"format-standard","5":"has-post-thumbnail","7":"category-nantes","8":"tag-actu","9":"tag-actualites","10":"tag-eu","11":"tag-europe","12":"tag-fr","13":"tag-france","14":"tag-nantes","15":"tag-news","16":"tag-pays-de-la-loire","17":"tag-previsions-meteo","18":"tag-republique-francaise"},"share_on_mastodon":{"url":"https:\/\/pubeurope.com\/@fr\/115834587868939796","error":""},"_links":{"self":[{"href":"https:\/\/www.europesays.com\/fr\/wp-json\/wp\/v2\/posts\/639549","targetHints":{"allow":["GET"]}}],"collection":[{"href":"https:\/\/www.europesays.com\/fr\/wp-json\/wp\/v2\/posts"}],"about":[{"href":"https:\/\/www.europesays.com\/fr\/wp-json\/wp\/v2\/types\/post"}],"author":[{"embeddable":true,"href":"https:\/\/www.europesays.com\/fr\/wp-json\/wp\/v2\/users\/2"}],"replies":[{"embeddable":true,"href":"https:\/\/www.europesays.com\/fr\/wp-json\/wp\/v2\/comments?post=639549"}],"version-history":[{"count":0,"href":"https:\/\/www.europesays.com\/fr\/wp-json\/wp\/v2\/posts\/639549\/revisions"}],"wp:featuredmedia":[{"embeddable":true,"href":"https:\/\/www.europesays.com\/fr\/wp-json\/wp\/v2\/media\/639550"}],"wp:attachment":[{"href":"https:\/\/www.europesays.com\/fr\/wp-json\/wp\/v2\/media?parent=639549"}],"wp:term":[{"taxonomy":"category","embeddable":true,"href":"https:\/\/www.europesays.com\/fr\/wp-json\/wp\/v2\/categories?post=639549"},{"taxonomy":"post_tag","embeddable":true,"href":"https:\/\/www.europesays.com\/fr\/wp-json\/wp\/v2\/tags?post=639549"}],"curies":[{"name":"wp","href":"https:\/\/api.w.org\/{rel}","templated":true}]}}