{"id":639557,"date":"2026-01-04T03:03:10","date_gmt":"2026-01-04T03:03:10","guid":{"rendered":"https:\/\/www.europesays.com\/fr\/639557\/"},"modified":"2026-01-04T03:03:10","modified_gmt":"2026-01-04T03:03:10","slug":"habib-beye-ne-goute-pas-a-lattitude-dolivier-letang-ligue-1-j17-lille-rennes-0-2","status":"publish","type":"post","link":"https:\/\/www.europesays.com\/fr\/639557\/","title":{"rendered":"Habib Beye ne go\u00fbte pas \u00e0 l&rsquo;attitude d&rsquo;Olivier L\u00e9tang &#8211; Ligue 1 &#8211; J17 &#8211; Lille-Rennes (0-2)"},"content":{"rendered":"<p>Olivier L\u00e9tang se fait des copains.<\/p>\n<p>Le pr\u00e9sident lillois a commenc\u00e9 l\u2019ann\u00e9e par une d\u00e9faite et surtout par une \u00e9norme col\u00e8re <a target=\"_blank\" href=\"https:\/\/www.sofoot.com\/breves\/ligue-1-a-11-contre-10-rennes-met-un-lille-en-colere-a-terre\" rel=\"noopener\">\u00e0 la pause de Lille-Rennes<\/a>, n\u2019ayant pas dig\u00e9r\u00e9 le carton rouge re\u00e7u par Alexsandro et expliqu\u00e9 apr\u00e8s <a target=\"_blank\" href=\"https:\/\/www.sofoot.com\/breves\/lille-rennes-larbitre-eric-wattellier-explique-la-raison-de-lexpulsion-dalexsandro\" rel=\"noopener\">la rencontre par l\u2019arbitre Eric Wattellier<\/a>.<\/p>\n<p>Beye veut du soutien pour les arbitres<\/p>\n<p>En conf\u00e9rence de presse, o\u00f9 ne s\u2019est pas pr\u00e9sent\u00e9 Bruno Genesio, Habib Beye a fait comprendre qu\u2019il n\u2019\u00e9tait pas vraiment fan de l\u2019attitude du dirigeant du LOSC, connu pour ses coups de gueule contre l\u2019arbitrage : \u00ab\u202fUn peu \u00e0 son habitude, le pr\u00e9sident lillois a tent\u00e9 de cr\u00e9er un contexte. \u00c7a ne devrait plus jamais arriver dans le foot. Je le dis \u00e0 Lille, je dirais la m\u00eame chose si c\u2019\u00e9tait au Stade rennais. Il faut aider les acteurs du jeu, footballeurs comme arbitres, et ce type de pression \u00e0 la mi-temps d\u00e9stabilise tout un contexte.\u00a0\u00bb<\/p>\n<p>Relanc\u00e9 un peu plus tard, l\u2019entra\u00eeneur rennais est rest\u00e9 sur la m\u00eame ligne. \u00ab\u202fPour moi, le terrain appartient aux acteurs, donc aux joueurs et aux staffs, \u00e0 personne d\u2019autre. Je ne suis pas celui qui va dire que \u00e7a n\u2019arrive pas ailleurs, mais je trouve que ce n\u2019est pas une bonne image pour notre foot. Nos arbitres n\u2019ont pas besoin de \u00e7a, ils ont besoin d\u2019\u00eatre soutenus, a continu\u00e9 Beye. Je suis le premier \u00e0 me plaindre quand il y a une mauvaise d\u00e9cision, on le fait tous, je ne suis pas diff\u00e9rent des autres, je ne suis pas en train de vous dire que je ne le fais pas. On a tous nos frustrations, mais il faut savoir reconna\u00eetre que \u00e7a ne sert pas le contexte et les rencontres.\u202f\u00bb<\/p>\n<p>Les trois points et la sagesse.<\/p>\n<p>\t\t\t\t\t\t\t\t\t\t<a class=\"lien-connexe\" href=\"https:\/\/www.sofoot.com\/breves\/lille-rennes-larbitre-eric-wattellier-explique-la-raison-de-lexpulsion-dalexsandro\" target=\"_blank\" rel=\"noopener\">L&rsquo;arbitre Eric Wattellier explique la raison de l&rsquo;expulsion d&rsquo;Alexsandro<\/a>\t\t\t\t\t<\/p>\n","protected":false},"excerpt":{"rendered":"Olivier L\u00e9tang se fait des copains. Le pr\u00e9sident lillois a commenc\u00e9 l\u2019ann\u00e9e par une d\u00e9faite et surtout par&hellip;\n","protected":false},"author":2,"featured_media":639558,"comment_status":"","ping_status":"","sticky":false,"template":"","format":"standard","meta":{"footnotes":""},"categories":[2815],"tags":[1111,47,11,61,69,65,64,1777,674,63,1011,27,811,68,66,1307,12,62,70,25,67],"class_list":{"0":"post-639557","1":"post","2":"type-post","3":"status-publish","4":"format-standard","5":"has-post-thumbnail","7":"category-lille","8":"tag-actu","9":"tag-actualite","10":"tag-actualites","11":"tag-actus-football","12":"tag-bundesliga","13":"tag-championnats-europeens","14":"tag-equipe-de-france","15":"tag-eu","16":"tag-europe","17":"tag-football","18":"tag-fr","19":"tag-france","20":"tag-hauts-de-france","21":"tag-ligua","22":"tag-ligue-1","23":"tag-lille","24":"tag-news","25":"tag-news-foot","26":"tag-premier-league","27":"tag-republique-francaise","28":"tag-serie-a"},"share_on_mastodon":{"url":"https:\/\/pubeurope.com\/@fr\/115834611489327293","error":""},"_links":{"self":[{"href":"https:\/\/www.europesays.com\/fr\/wp-json\/wp\/v2\/posts\/639557","targetHints":{"allow":["GET"]}}],"collection":[{"href":"https:\/\/www.europesays.com\/fr\/wp-json\/wp\/v2\/posts"}],"about":[{"href":"https:\/\/www.europesays.com\/fr\/wp-json\/wp\/v2\/types\/post"}],"author":[{"embeddable":true,"href":"https:\/\/www.europesays.com\/fr\/wp-json\/wp\/v2\/users\/2"}],"replies":[{"embeddable":true,"href":"https:\/\/www.europesays.com\/fr\/wp-json\/wp\/v2\/comments?post=639557"}],"version-history":[{"count":0,"href":"https:\/\/www.europesays.com\/fr\/wp-json\/wp\/v2\/posts\/639557\/revisions"}],"wp:featuredmedia":[{"embeddable":true,"href":"https:\/\/www.europesays.com\/fr\/wp-json\/wp\/v2\/media\/639558"}],"wp:attachment":[{"href":"https:\/\/www.europesays.com\/fr\/wp-json\/wp\/v2\/media?parent=639557"}],"wp:term":[{"taxonomy":"category","embeddable":true,"href":"https:\/\/www.europesays.com\/fr\/wp-json\/wp\/v2\/categories?post=639557"},{"taxonomy":"post_tag","embeddable":true,"href":"https:\/\/www.europesays.com\/fr\/wp-json\/wp\/v2\/tags?post=639557"}],"curies":[{"name":"wp","href":"https:\/\/api.w.org\/{rel}","templated":true}]}}