{"id":639561,"date":"2026-01-04T03:06:17","date_gmt":"2026-01-04T03:06:17","guid":{"rendered":"https:\/\/www.europesays.com\/fr\/639561\/"},"modified":"2026-01-04T03:06:17","modified_gmt":"2026-01-04T03:06:17","slug":"pourquoi-ils-se-forment-a-lyon","status":"publish","type":"post","link":"https:\/\/www.europesays.com\/fr\/639561\/","title":{"rendered":"pourquoi ils se forment \u00e0 Lyon"},"content":{"rendered":"<p class=\"content\" style=\"font-size:1.2em;font-weight:700\">Design, jeu vid\u00e9o, lumi\u00e8re, musique ou entrepreneuriat culturel : Lyon forme chaque ann\u00e9e des profils aux trajectoires multiples. \u00c0 travers ces portraits d\u2019\u00e9tudiants et de jeunes professionnels, Lyon Capitale donne la parole \u00e0 celles et ceux qui font vivre les industries cr\u00e9atives de la m\u00e9tropole, entre passion, exigences et perspectives d\u2019avenir.<\/p>\n<p>Derri\u00e8re les chiffres et les strat\u00e9gies publiques, les industries cr\u00e9atives lyonnaises vivent avant tout \u00e0 travers des parcours singuliers. \u00c9tudiants, jeunes dipl\u00f4m\u00e9s ou entrepreneurs racontent ici leur formation, leurs choix, leurs doutes et leurs ambitions. Autant de trajectoires qui dessinent, \u00e0 hauteur humaine, le visage d\u2019un territoire cr\u00e9atif en devenir. <\/p>\n<p><strong>\u00c9l\u00e9onore Gaultier de Carville, 2e ann\u00e9e de bachelor Design d\u2019Espace &amp; Micro-Architecture de MADE iN<\/strong><\/p>\n<p><img alt=\"\" class=\"wp-image-476279 lazyload\" style=\"aspect-ratio:0.9733371835595341;width:268px;height:auto\" src=\"https:\/\/www.europesays.com\/fr\/wp-content\/uploads\/2026\/01\/Eleonore-Gaultier-de-Carville-1.jpg\" decoding=\"async\" data-eio-rwidth=\"876\" data-eio-rheight=\"900\"\/><\/p>\n<p><strong>\u2018 Son parcours<\/strong><\/p>\n<p>\u201cOriginaire de Normandie, j\u2019ai suivi un lyc\u00e9e avec les sp\u00e9cialit\u00e9s humanit\u00e9s, litt\u00e9rature et philosophie, SVT et math\u00e9matiques. Avec l\u2019envie de bouger, je suis venue \u00e0 Lyon pour une licence de lettres modernes, que j\u2019ai arr\u00eat\u00e9e au bout de deux mois pour effectuer un service civique. Mes journ\u00e9es manquaient de sens, alors j\u2019ai travaill\u00e9 sept mois dans un projet de restauration solidaire du Vieux-Lyon. En recherchant des formations sur Internet, j\u2019ai d\u00e9couvert MADE iN, dont l\u2019esprit et l\u2019accompagnement m\u2019ont imm\u00e9diatement parl\u00e9.\u201d<\/p>\n<p><strong>\u2018 Son coup de c\u0153ur<\/strong><\/p>\n<p>\u201cJ\u2019ai \u00e9t\u00e9 s\u00e9duite par les petites classes, le suivi personnalis\u00e9 et l\u2019\u00e9quilibre entre th\u00e9orie et travaux pratiques. Travailler avec les Compagnons du Devoir et Les Grands Ateliers permet de comprendre concr\u00e8tement la faisabilit\u00e9 d\u2019un meuble et la r\u00e9alit\u00e9 du m\u00e9tier. Il y a aussi un cours d\u2019histoire de l\u2019art qui compl\u00e8te la formation, et nous passons le TOEIC d\u2019anglais en 3e ann\u00e9e.\u201d<\/p>\n<p><strong>\u2018 Ses perspectives<\/strong><\/p>\n<p>\u201cJe souhaite poursuivre mes \u00e9tudes, possiblement en master management et design, afin de cr\u00e9er un jour ma propre entreprise dans l\u2019architecture d\u2019int\u00e9rieur. M\u00eame sans parcours artistique, chacun peut trouver sa place gr\u00e2ce \u00e0 l\u2019accompagnement constant.\u201d<\/p>\n<p><strong>Arthur Greiveldinger, \u00c9tudiant en 5e ann\u00e9e en fili\u00e8re multim\u00e9dia \u00e0 l\u2019\u00e9cole \u00c9mile-Cohl<\/strong><\/p>\n<p><img alt=\"\" class=\"wp-image-476277 lazyload\" style=\"aspect-ratio:0.8200137858330292;width:261px;height:auto\" src=\"https:\/\/www.europesays.com\/fr\/wp-content\/uploads\/2026\/01\/Arthur-01.jpg\" decoding=\"async\" data-eio-rwidth=\"738\" data-eio-rheight=\"900\"\/><\/p>\n<p><strong>\u2018 Son parcours<\/strong><\/p>\n<p>\u201cDepuis tout petit, je sais que je veux \u00eatre illustrateur et pouvoir faire de l\u2019art mon m\u00e9tier. Enfant, j\u2019avais soif de cr\u00e9er, je copiais all\u00e8grement mes artistes pr\u00e9f\u00e9r\u00e9s, j\u2019imaginais des affiches, je faisais des logos de groupes avec ce que j\u2019avais sous la main.\u201d<\/p>\n<p><strong>\u2018 La formation choisie<\/strong><\/p>\n<p>\u201cPendant les trois ann\u00e9es de dessinateur praticien \u00e0 Cohl, on apprend l\u2019importance de comprendre ce que l\u2019on dessine et enfin comment on se l\u2019approprie au service d\u2019une narration. J\u2019ai choisi de me sp\u00e9cialiser en \u00e9dition multim\u00e9dia pour d\u00e9velopper des univers \u00e0 travers des workshops et des projets plus ambitieux, et apprendre les logiciels indispensables.\u201d<\/p>\n<p><strong>\u2018 Ses coups de c\u0153ur<\/strong><\/p>\n<p>\u201cMon grand fr\u00e8re avait d\u00e9j\u00e0 fait l\u2019\u00e9cole, donc je savais \u00e0 quoi m\u2019attendre. Je suis convaincu qu\u2019une ma\u00eetrise r\u00e9ellement solide du dessin est essentielle\u2026 le champ est libre, et c\u2019est l\u00e0 qu\u2019on peut vraiment s\u2019amuser. Pas mal d\u2019artistes qui m\u2019ont \u00e9norm\u00e9ment inspir\u00e9 sont pass\u00e9s par la case Cohl, comme Jean-Luc Navette ou Woodkid.\u201d<\/p>\n<p><strong>\u2018 Ses perspectives<\/strong><\/p>\n<p>\u201cJe reste toujours sur mes r\u00eaves d\u2019enfant. Le m\u00e9tier d\u2019illustrateur est difficile : on travaille uniquement en tant que freelance\u2026 plus de libert\u00e9, mais plus d\u2019incertitude. Ma formation me permet de toucher \u00e0 tout\u2026 du graphisme au livre illustr\u00e9, en passant par l\u2019affiche, la fresque murale, le motion design ou encore le dessin de presse. Il s\u2019agit d\u2019ouvrir grand l\u2019\u00e9ventail, de garder les yeux ouverts et les mains pleines d\u2019encre.\u201d<\/p>\n<p><strong>Julie Dulugat, Licence professionnelle de Conception et Management en \u00c9clairage, IAE Lyon School of Management<\/strong><\/p>\n","protected":false},"excerpt":{"rendered":"Design, jeu vid\u00e9o, lumi\u00e8re, musique ou entrepreneuriat culturel : Lyon forme chaque ann\u00e9e des profils aux trajectoires multiples.&hellip;\n","protected":false},"author":2,"featured_media":639562,"comment_status":"","ping_status":"","sticky":false,"template":"","format":"standard","meta":{"footnotes":""},"categories":[1889],"tags":[1111,11,2430,1777,674,1011,27,2428,12,25],"class_list":{"0":"post-639561","1":"post","2":"type-post","3":"status-publish","4":"format-standard","5":"has-post-thumbnail","7":"category-lyon","8":"tag-actu","9":"tag-actualites","10":"tag-auvergne-rhone-alpes","11":"tag-eu","12":"tag-europe","13":"tag-fr","14":"tag-france","15":"tag-lyon","16":"tag-news","17":"tag-republique-francaise"},"share_on_mastodon":{"url":"https:\/\/pubeurope.com\/@fr\/115834623413912808","error":""},"_links":{"self":[{"href":"https:\/\/www.europesays.com\/fr\/wp-json\/wp\/v2\/posts\/639561","targetHints":{"allow":["GET"]}}],"collection":[{"href":"https:\/\/www.europesays.com\/fr\/wp-json\/wp\/v2\/posts"}],"about":[{"href":"https:\/\/www.europesays.com\/fr\/wp-json\/wp\/v2\/types\/post"}],"author":[{"embeddable":true,"href":"https:\/\/www.europesays.com\/fr\/wp-json\/wp\/v2\/users\/2"}],"replies":[{"embeddable":true,"href":"https:\/\/www.europesays.com\/fr\/wp-json\/wp\/v2\/comments?post=639561"}],"version-history":[{"count":0,"href":"https:\/\/www.europesays.com\/fr\/wp-json\/wp\/v2\/posts\/639561\/revisions"}],"wp:featuredmedia":[{"embeddable":true,"href":"https:\/\/www.europesays.com\/fr\/wp-json\/wp\/v2\/media\/639562"}],"wp:attachment":[{"href":"https:\/\/www.europesays.com\/fr\/wp-json\/wp\/v2\/media?parent=639561"}],"wp:term":[{"taxonomy":"category","embeddable":true,"href":"https:\/\/www.europesays.com\/fr\/wp-json\/wp\/v2\/categories?post=639561"},{"taxonomy":"post_tag","embeddable":true,"href":"https:\/\/www.europesays.com\/fr\/wp-json\/wp\/v2\/tags?post=639561"}],"curies":[{"name":"wp","href":"https:\/\/api.w.org\/{rel}","templated":true}]}}