{"id":639565,"date":"2026-01-04T03:10:12","date_gmt":"2026-01-04T03:10:12","guid":{"rendered":"https:\/\/www.europesays.com\/fr\/639565\/"},"modified":"2026-01-04T03:10:12","modified_gmt":"2026-01-04T03:10:12","slug":"la-coree-du-nord-tire-des-missiles-balistiques-vers-la-mer-du-japon-rapportent-seoul-et-tokyo","status":"publish","type":"post","link":"https:\/\/www.europesays.com\/fr\/639565\/","title":{"rendered":"La Cor\u00e9e du Nord\u00a0tire des missiles balistiques vers la mer du Japon, rapportent S\u00e9oul et Tokyo"},"content":{"rendered":"<p>                      <img loading=\"lazy\" decoding=\"async\" src=\"https:\/\/www.europesays.com\/fr\/wp-content\/uploads\/2026\/01\/0b58401_b6b5cf357ebb4eda95fd41e94a659fe3-0-2ced6e8768c044198d3c0b3682dfd46b.jpg\" alt=\"Sur cette photo fournie par le gouvernement nord-cor\u00e9en, le dirigeant Kim Jong-un (au premier plan), se tient pr\u00e8s d\u2019un missile balistique de port\u00e9e interm\u00e9diaire, en p\u00e9riph\u00e9rie de Pyongyang, le 2\u00a0avril 2024.\"   width=\"664\" height=\"443\"\/>    Sur cette photo fournie par le gouvernement nord-cor\u00e9en, le dirigeant Kim Jong-un (au premier plan), se tient pr\u00e8s d\u2019un missile balistique de port\u00e9e interm\u00e9diaire, en p\u00e9riph\u00e9rie de Pyongyang, le 2\u00a0avril 2024.  KOREAN CENTRAL NEWS AGENCY\/KOREA NEWS SERVICE VIA AP                          <\/p>\n<p class=\"article__paragraph  \">La Cor\u00e9e du Nord a tir\u00e9, dimanche 4\u00a0janvier, plusieurs missiles balistiques pr\u00e9sum\u00e9s selon S\u00e9oul\u00a0; il s\u2019agit de son premier lancement de l\u2019ann\u00e9e, qui survient au lendemain de <a href=\"https:\/\/www.lemonde.fr\/international\/article\/2026\/01\/03\/l-enlevement-de-nicolas-maduro-au-venezuela-une-demonstration-de-force-de-donald-trump-et-un-message-envoye-au-monde-entier_6660472_3210.html\" target=\"_blank\" rel=\"noopener\">la capture du pr\u00e9sident v\u00e9n\u00e9zu\u00e9lien par les Etats-Unis<\/a>.<\/p>\n<p class=\"article__paragraph  \">\u00ab\u00a0Notre arm\u00e9e a d\u00e9tect\u00e9 plusieurs projectiles, qui sont pr\u00e9sum\u00e9s \u00eatre des missiles balistiques, lanc\u00e9s vers la mer de l\u2019Est depuis les environs de Pyongyang [la capitale nord-cor\u00e9enne] aux alentours de 7\u00a0h\u00a050 dimanche (23\u00a0h\u00a050\u00a0en France, samedi)\u00a0\u00bb, a d\u00e9taill\u00e9 le minist\u00e8re de la d\u00e9fense sud-cor\u00e9en, faisant r\u00e9f\u00e9rence au nom local de la mer du Japon. Le minist\u00e8re de la d\u00e9fense japonais a lui aussi dit avoir d\u00e9tect\u00e9 le tir d\u2019un missile balistique pr\u00e9sum\u00e9, qui est retomb\u00e9 vers 8\u00a0h\u00a008 locales (0\u00a0h\u00a008\u00a0en France). Sa zone de chute n\u2019a pas \u00e9t\u00e9 pr\u00e9cis\u00e9e.<\/p>\n<p class=\"article__paragraph  \">\u00ab\u00a0Cela refl\u00e8te probablement l\u2019importante pression que Pyongyang ressent face \u00e0 la situation au\u00a0Venezuela\u00a0\u00bb, a not\u00e9 aupr\u00e8s de l\u2019Agence France-Presse (AFP) Hong Min, analyste \u00e0 l\u2019Institut cor\u00e9en pour l\u2019unification nationale. Les Etats-Unis ont frapp\u00e9 le Venezuela, t\u00f4t samedi, et captur\u00e9 son dirigeant Nicolas Maduro, ensuite conduit en territoire am\u00e9ricain o\u00f9 il doit r\u00e9pondre d\u2019accusations de \u00ab\u00a0narcoterrorisme\u00a0\u00bb. Donald Trump a par ailleurs expliqu\u00e9 que Washington allait \u00ab\u00a0diriger\u00a0\u00bb le pays jusqu\u2019\u00e0 une \u00ab\u00a0transition s\u00fbre, appropri\u00e9e et judicieuse\u00a0\u00bb.<\/p>\n<p>                                       Lire aussi |  Article r\u00e9serv\u00e9 \u00e0 nos abonn\u00e9s  <a href=\"https:\/\/www.lemonde.fr\/international\/article\/2025\/10\/11\/en-coree-du-nord-le-80-anniversaire-du-parti-du-travail-illustre-le-retour-de-pyongyang-sur-la-scene-diplomatique-mondiale_6645745_3210.html\" class=\"js-article-read-also catcher--favoris__link\" data-premium=\"1\" id=\"article-title-3441837\" target=\"_blank\" rel=\"noopener\">En Cor\u00e9e du Nord, le 80\u1d49 anniversaire du Parti du travail illustre le retour de Pyongyang sur la sc\u00e8ne diplomatique mondiale<\/a>    <\/p>\n<p>   Lire plus tard  <\/p>\n<p class=\"article__paragraph  \">La Cor\u00e9e du Nord a fr\u00e9quemment d\u00e9nonc\u00e9 de suppos\u00e9s plans de Washington pour renverser le pouvoir en place. \u00ab\u00a0Bien que les sp\u00e9cifications du missile doivent \u00eatre v\u00e9rifi\u00e9es, le message sous-jacent est probablement qu\u2019attaquer la Cor\u00e9e du Nord ne serait pas aussi facile que de frapper le Venezuela\u00a0\u00bb, a soulign\u00e9 Hong Min.<\/p>\n<p class=\"article__paragraph  \">Cette man\u0153uvre de Pyongyang est par ailleurs intervenue quelques heures avant que le pr\u00e9sident sud-cor\u00e9en, Lee Jae Myung, ne d\u00e9colle vers la Chine pour un sommet avec son homologue Xi Jinping. L\u2019influence de P\u00e9kin, proche de Pyongyang, pourrait aider M. Lee dans ses efforts pour r\u00e9chauffer les relations avec le Nord.<\/p>\n<p>                    Congr\u00e8s du Parti des travailleurs                    <\/p>\n<p class=\"article__paragraph  \">Les derniers tirs de la Cor\u00e9e du Nord surviennent aussi au moment o\u00f9 son dirigeant, Kim Jong-un, se montre tr\u00e8s pr\u00e9sent sur le plan militaire. Il a notamment visit\u00e9 un chantier de sous-marins \u00e0 propulsion nucl\u00e9aire, ordonn\u00e9 d\u2019augmenter la production de missiles et la construction d\u2019usines, <a href=\"https:\/\/www.lemonde.fr\/international\/article\/2025\/12\/29\/la-coree-du-nord-teste-deux-missiles-de-croisiere-de-longue-portee-sous-la-supervision-de-kim-jong-un_6659676_3210.html\" target=\"_blank\" rel=\"noopener\">supervis\u00e9 le test de deux missiles de croisi\u00e8re de longue port\u00e9e<\/a> et vant\u00e9 la puissance de ses nouveaux lance-roquettes multiples.<\/p>\n<p class=\"article__paragraph  \">Le Nord a, de mani\u00e8re g\u00e9n\u00e9rale, consid\u00e9rablement acc\u00e9l\u00e9r\u00e9 ses essais militaires ces derni\u00e8res ann\u00e9es. Le pr\u00e9c\u00e9dent test de missile balistique nord-cor\u00e9en remontait \u00e0 novembre\u00a02025, apr\u00e8s que Donald Trump a donn\u00e9 son feu vert \u00e0 la Cor\u00e9e du Sud pour construire des sous-marins \u00e0\u00a0propulsion nucl\u00e9aire. Selon les analystes, l\u2019objectif de Pyongyang est d\u2019am\u00e9liorer ses capacit\u00e9s en mati\u00e8re de frappe de pr\u00e9cision, de d\u00e9fier Washington et S\u00e9oul et de tester des armes avant d\u2019\u00e9ventuellement les exporter vers la Russie, son alli\u00e9e.<\/p>\n<p>                                       Lire aussi |  Article r\u00e9serv\u00e9 \u00e0 nos abonn\u00e9s  <a href=\"https:\/\/www.lemonde.fr\/pixels\/article\/2025\/07\/10\/comment-la-coree-du-nord-infiltre-ses-experts-informatiques-au-c-ur-des-entreprises-occidentales_6620374_4408996.html\" class=\"js-article-read-also catcher--favoris__link\" data-premium=\"1\" id=\"article-title-3429789\" target=\"_blank\" rel=\"noopener\">Comment la Cor\u00e9e du Nord infiltre ses experts informatiques au c\u0153ur des entreprises occidentales<\/a>    <\/p>\n<p>   Lire plus tard  <\/p>\n<p class=\"article__paragraph  \">Par ailleurs, dans les prochaines semaines, doit avoir lieu le premier congr\u00e8s en cinq ans du Parti des travailleurs, au pouvoir en Cor\u00e9e du Nord. La politique \u00e9conomique du pays ainsi que sa strat\u00e9gie militaire et de d\u00e9fense devraient figurer parmi les sujets majeurs abord\u00e9s.<\/p>\n<p> Le Monde M\u00e9morable  <\/p>\n<p> <a href=\"https:\/\/www.lemonde.fr\/memorable\/?rfextension=inread\" class=\"inread__link js-services-inread-link\" target=\"_blank\" rel=\"noopener\">  <\/p>\n<p>Testez votre culture g\u00e9n\u00e9rale avec la r\u00e9daction du \u00ab Monde \u00bb<\/p>\n<p>Testez votre culture g\u00e9n\u00e9rale avec la r\u00e9daction du \u00ab Monde \u00bb<\/p>\n<p>D\u00e9couvrir<\/p>\n<p> <\/a>      <\/p>\n<p> Newsletter  <\/p>\n<p> <a href=\"https:\/\/www.lemonde.fr\/newsletters\/a-la-une\/\" class=\"inread__link js-services-inread-link\" target=\"_blank\" rel=\"noopener\">  <\/p>\n<p>\u00ab A la une \u00bb<\/p>\n<p>Chaque matin, parcourez l&rsquo;essentiel de l&rsquo;actualit\u00e9 du jour avec les derniers titres du \u00ab Monde \u00bb<\/p>\n<p>S&rsquo;inscrire<\/p>\n<p> <\/a>          <\/p>\n<p> Le Monde Application  <\/p>\n<p> <a href=\"https:\/\/lamatinale.onelink.me\/gKMy\/ahw2ubr3\" class=\"inread__link js-services-inread-link\" target=\"_blank\" rel=\"noopener\">  <\/p>\n<p>La Matinale du Monde<\/p>\n<p>Chaque matin, retrouvez notre s\u00e9lection de 20 articles \u00e0 ne pas manquer <\/p>\n<p>T\u00e9l\u00e9charger l&rsquo;application<\/p>\n<p> <\/a>      <\/p>\n<p> Newsletter abonn\u00e9s  <\/p>\n<p> <a href=\"https:\/\/www.lemonde.fr\/newsletters\/international\/\" class=\"inread__link js-services-inread-link\" target=\"_blank\" rel=\"noopener\">  <\/p>\n<p>\u00ab International \u00bb<\/p>\n<p>L\u2019essentiel de l\u2019actualit\u00e9 internationale de la semaine<\/p>\n<p>S&rsquo;inscrire<\/p>\n<p> <\/a>             <\/p>\n<p class=\"article__paragraph  \">Samedi, Kim Jong-un s\u2019\u00e9tait \u00e0 nouveau rendu dans une usine de mat\u00e9riel militaire, impliqu\u00e9e dans la fabrication d\u2019armes tactiques guid\u00e9es, a rapport\u00e9 l\u2019agence officielle nord-cor\u00e9enne KCNA. Le dirigeant a ordonn\u00e9 au site d\u2019augmenter sa capacit\u00e9 de production actuelle de 250\u00a0%, selon la m\u00eame source.<\/p>\n<p class=\"author__detail\">  Le Monde avec AFP  <\/p>\n<p>                <a href=\"https:\/\/www.lemonde.fr\/syndication\/\" class=\"reuse__content\" title=\"R\u00e9utiliser ce contenu\" target=\"_blank\" rel=\"noopener\">R\u00e9utiliser ce contenu<\/a>      <\/p>\n","protected":false},"excerpt":{"rendered":"Sur cette photo fournie par le gouvernement nord-cor\u00e9en, le dirigeant Kim Jong-un (au premier plan), se tient pr\u00e8s&hellip;\n","protected":false},"author":2,"featured_media":639566,"comment_status":"","ping_status":"","sticky":false,"template":"","format":"standard","meta":{"footnotes":""},"categories":[1888],"tags":[1111,1928,11,1927,1777,674,1011,27,12,1926,626,1925,25],"class_list":{"0":"post-639565","1":"post","2":"type-post","3":"status-publish","4":"format-standard","5":"has-post-thumbnail","7":"category-paris","8":"tag-actu","9":"tag-actu-paris","10":"tag-actualites","11":"tag-actualites-paris","12":"tag-eu","13":"tag-europe","14":"tag-fr","15":"tag-france","16":"tag-news","17":"tag-news-paris","18":"tag-paris","19":"tag-paris-news","20":"tag-republique-francaise"},"share_on_mastodon":{"url":"https:\/\/pubeurope.com\/@fr\/115834639352614899","error":""},"_links":{"self":[{"href":"https:\/\/www.europesays.com\/fr\/wp-json\/wp\/v2\/posts\/639565","targetHints":{"allow":["GET"]}}],"collection":[{"href":"https:\/\/www.europesays.com\/fr\/wp-json\/wp\/v2\/posts"}],"about":[{"href":"https:\/\/www.europesays.com\/fr\/wp-json\/wp\/v2\/types\/post"}],"author":[{"embeddable":true,"href":"https:\/\/www.europesays.com\/fr\/wp-json\/wp\/v2\/users\/2"}],"replies":[{"embeddable":true,"href":"https:\/\/www.europesays.com\/fr\/wp-json\/wp\/v2\/comments?post=639565"}],"version-history":[{"count":0,"href":"https:\/\/www.europesays.com\/fr\/wp-json\/wp\/v2\/posts\/639565\/revisions"}],"wp:featuredmedia":[{"embeddable":true,"href":"https:\/\/www.europesays.com\/fr\/wp-json\/wp\/v2\/media\/639566"}],"wp:attachment":[{"href":"https:\/\/www.europesays.com\/fr\/wp-json\/wp\/v2\/media?parent=639565"}],"wp:term":[{"taxonomy":"category","embeddable":true,"href":"https:\/\/www.europesays.com\/fr\/wp-json\/wp\/v2\/categories?post=639565"},{"taxonomy":"post_tag","embeddable":true,"href":"https:\/\/www.europesays.com\/fr\/wp-json\/wp\/v2\/tags?post=639565"}],"curies":[{"name":"wp","href":"https:\/\/api.w.org\/{rel}","templated":true}]}}