{"id":639567,"date":"2026-01-04T03:11:57","date_gmt":"2026-01-04T03:11:57","guid":{"rendered":"https:\/\/www.europesays.com\/fr\/639567\/"},"modified":"2026-01-04T03:11:57","modified_gmt":"2026-01-04T03:11:57","slug":"manu-payet-revient-sur-scene-a-paris","status":"publish","type":"post","link":"https:\/\/www.europesays.com\/fr\/639567\/","title":{"rendered":"Manu Payet revient sur sc\u00e8ne \u00e0 Paris"},"content":{"rendered":"<p>\u00ab\u00a0Emmanuel 2\u00a0\u00bb: Manu Payet revient sur sc\u00e8ne \u00e0 ParisSur le m\u00eame sujet<a href=\"https:\/\/www.bfmtv.com\/culture\/video-emmanuel-2-manu-payet-revient-sur-scene-a-paris_VN-202601030096.html\" title=\"&quot;Emmanuel 2&quot;: Manu Payet revient sur sc\u00e8ne \u00e0 Paris\" target=\"_blank\" rel=\"noopener\"><img width=\"16\" height=\"9\" class=\"lozad\"  alt=\"&quot;Emmanuel 2&quot;: Manu Payet revient sur sc\u00e8ne \u00e0 Paris\"\/>en lecture\u00a0\u00bbEmmanuel 2&Prime;: Manu Payet revient sur sc\u00e8ne \u00e0 Paris<\/a><a href=\"https:\/\/www.bfmtv.com\/culture\/video-dune-avengers-le-diable-s-habille-en-prada-les-films-les-plus-attendus-en-2026_VN-202601030078.html\" title=\"&quot;Dune&quot;, &quot;Avengers&quot;, &quot;Le diable s&#039;habille en Prada&quot;... Les films les plus attendus en 2026\" target=\"_blank\" rel=\"noopener\"><img width=\"16\" height=\"9\" class=\"lozad\"  alt=\"&quot;Dune&quot;, &quot;Avengers&quot;, &quot;Le diable s'habille en Prada&quot;... Les films les plus attendus en 2026\"\/>4:25&Prime;Dune\u00a0\u00bb, \u00ab\u00a0Avengers\u00a0\u00bb, \u00ab\u00a0Le diable s&rsquo;habille en Prada\u00a0\u00bb&#8230; Les films les plus attendus en 2026<\/a><a href=\"https:\/\/www.bfmtv.com\/culture\/video-dans-les-pas-d-ariane-la-maison-du-patrimoine-d-ollioules_VN-202601020317.html\" title=\"Dans les pas d&#039;Ariane : la Maison du patrimoine d&#039;Ollioules\" target=\"_blank\" rel=\"noopener\"><img width=\"16\" height=\"9\" class=\"lozad\"  alt=\"Dans les pas d'Ariane : la Maison du patrimoine d'Ollioules\"\/>3:07Dans les pas d&rsquo;Ariane : la Maison du patrimoine d&rsquo;Ollioules<\/a><a href=\"https:\/\/www.bfmtv.com\/culture\/video-de-youtube-a-l-olympia-le-parcours-de-l-humoriste-jeremy-nadeau_VN-202601020140.html\" title=\"De Youtube \u00e0 l&#039;Olympia: le parcours de l&#039;humoriste J\u00e9r\u00e9my Nadeau\" target=\"_blank\" rel=\"noopener\"><img width=\"16\" height=\"9\" class=\"lozad\"  alt=\"De Youtube \u00e0 l'Olympia: le parcours de l'humoriste J\u00e9r\u00e9my Nadeau\"\/>2:46De Youtube \u00e0 l&rsquo;Olympia: le parcours de l&rsquo;humoriste J\u00e9r\u00e9my Nadeau<\/a><a href=\"https:\/\/www.bfmtv.com\/culture\/video-dans-son-nouveau-roman-les-deux-royaumes-eric-emmanuel-schmitt-s-venture-eu-temps-de-l-empire-romain_VN-202601020104.html\" title=\"Dans son nouveau roman &quot;Les deux royaumes&quot;, \u00c9ric-Emmanuel Schmitt s&#039;aventure au temps de l&#039;empire romain\" target=\"_blank\" rel=\"noopener\"><img width=\"16\" height=\"9\" class=\"lozad\"  alt=\"Dans son nouveau roman &quot;Les deux royaumes&quot;, \u00c9ric-Emmanuel Schmitt s'aventure au temps de l'empire romain\"\/>3:05Dans son nouveau roman \u00ab\u00a0Les deux royaumes\u00a0\u00bb, \u00c9ric-Emmanuel Schmitt s&rsquo;aventure au temps de l&#8217;empire romain<\/a><a href=\"https:\/\/www.bfmtv.com\/replay-emissions\/bfm-premiere\/video-eric-emmanuel-schmitt-au-temps-de-l-empire-romain-02-01_VN-202601020102.html\" title=\"\u00c9ric-Emmanuel Schmitt au temps de l&#039;Empire romain - 02\/01\" target=\"_blank\" rel=\"noopener\"><img width=\"16\" height=\"9\" class=\"lozad\"  alt=\"\u00c9ric-Emmanuel Schmitt au temps de l'Empire romain - 02\/01\"\/>3:14\u00c9ric-Emmanuel Schmitt au temps de l&rsquo;Empire romain &#8211; 02\/01<\/a><a href=\"https:\/\/www.bfmtv.com\/lyon\/replay-emissions\/les-longs-formats-des-locales-lyon\/video-dans-l-objectif-cafe-theatre-l-art-de-durer_VN-202601010354.html\" title=\"Dans l&#039;objectif : Caf\u00e9-th\u00e9\u00e2tre, l&#039;art de durer \" target=\"_blank\" rel=\"noopener\"><img width=\"16\" height=\"9\" class=\"lozad\"  alt=\"Dans l'objectif : Caf\u00e9-th\u00e9\u00e2tre, l'art de durer \"\/>26:34Dans l&rsquo;objectif : Caf\u00e9-th\u00e9\u00e2tre, l&rsquo;art de durer<\/a><a href=\"https:\/\/www.bfmtv.com\/culture\/video-signe-bfm-paint-invaders-un-nouveau-centre-d-art-immersif-au-c-ur-de-paris_VN-202601010133.html\" title=\"SIGN\u00c9 BFM - Paint Invaders: un nouveau centre d&#039;art immersif au c\u0153ur de Paris  \" target=\"_blank\" rel=\"noopener\"><img width=\"16\" height=\"9\" class=\"lozad\"  alt=\"SIGN\u00c9 BFM - Paint Invaders: un nouveau centre d'art immersif au c\u0153ur de Paris  \"\/>3:25SIGN\u00c9 BFM &#8211; Paint Invaders: un nouveau centre d&rsquo;art immersif au c\u0153ur de Paris<\/a><a href=\"https:\/\/www.bfmtv.com\/replay-emissions\/bfm-premiere\/video-dix-ans-apres-clap-de-fin-pour-stranger-things-01-01_VN-202601010116.html\" title=\"Dix ans apr\u00e8s, clap de fin pour &quot;Stranger Things&quot; - 01\/01\" target=\"_blank\" rel=\"noopener\"><img width=\"16\" height=\"9\" class=\"lozad\"  alt=\"Dix ans apr\u00e8s, clap de fin pour &quot;Stranger Things&quot; - 01\/01\"\/>1:11Dix ans apr\u00e8s, clap de fin pour \u00ab\u00a0Stranger Things\u00a0\u00bb &#8211; 01\/01<\/a><a href=\"https:\/\/www.bfmtv.com\/culture\/video-stranger-things-s-acheve-ce-1er-janvier-2026-sur-netflix_VN-202601010093.html\" title=\"&quot;Stranger Things&quot; s&#039;ach\u00e8ve ce 1er janvier 2026 sur Netflix\" target=\"_blank\" rel=\"noopener\"><img width=\"16\" height=\"9\" class=\"lozad\"  alt=\"&quot;Stranger Things&quot; s'ach\u00e8ve ce 1er janvier 2026 sur Netflix\"\/>1:10&Prime;Stranger Things\u00a0\u00bb s&rsquo;ach\u00e8ve ce 1er janvier 2026 sur Netflix<\/a><a href=\"https:\/\/www.bfmtv.com\/politique\/video-hommage-national-a-brigitte-bardot-cela-aurait-ete-une-bonne-idee-si-cela-avait-ete-son-souhait-estime-henri-guaino-ancien-conseiller-de-nicolas-sarkozy_VN-202512310538.html\" title=\"Hommage national \u00e0 Brigitte Bardot: &quot;Cela aurait \u00e9t\u00e9 une bonne id\u00e9e si cela avait \u00e9t\u00e9 son souhait&quot;, estime Henri Guaino, ancien conseiller de Nicolas Sarkozy \" target=\"_blank\" rel=\"noopener\"><img width=\"16\" height=\"9\" class=\"lozad\"  alt=\"Hommage national \u00e0 Brigitte Bardot: &quot;Cela aurait \u00e9t\u00e9 une bonne id\u00e9e si cela avait \u00e9t\u00e9 son souhait&quot;, estime Henri Guaino, ancien conseiller de Nicolas Sarkozy \"\/>0:59Hommage national \u00e0 Brigitte Bardot: \u00ab\u00a0Cela aurait \u00e9t\u00e9 une bonne id\u00e9e si cela avait \u00e9t\u00e9 son souhait\u00a0\u00bb, estime Henri Guaino, ancien conseiller de Nicolas Sarkozy<\/a><a href=\"https:\/\/www.bfmtv.com\/politique\/video-decret-de-naturalisation-de-george-clooney-c-est-moi-qui-l-ai-signe-affirme-laurent-nunez-ministre-de-l-interieur_VN-202512310493.html\" title=\"D\u00e9cret de naturalisation de George Clooney: &quot;C&#039;est moi qui l&#039;ai sign\u00e9&quot;, affirme Laurent Nu\u00f1ez, ministre de l&#039;Int\u00e9rieur\" target=\"_blank\" rel=\"noopener\"><img width=\"16\" height=\"9\" class=\"lozad\"  alt=\"D\u00e9cret de naturalisation de George Clooney: &quot;C'est moi qui l'ai sign\u00e9&quot;, affirme Laurent Nu\u00f1ez, ministre de l'Int\u00e9rieur\"\/>1:26D\u00e9cret de naturalisation de George Clooney: \u00ab\u00a0C&rsquo;est moi qui l&rsquo;ai sign\u00e9\u00a0\u00bb, affirme Laurent Nu\u00f1ez, ministre de l&rsquo;Int\u00e9rieur<\/a><a href=\"https:\/\/www.bfmtv.com\/people\/video-evelyne-leclercq-ancienne-animatrice-de-l-emission-tournez-manege-est-decedee-a-74-ans_VN-202512310302.html\" title=\"\u00c9velyne Leclercq, ancienne animatrice de l&#039;\u00e9mission &quot;Tournez man\u00e8ge!&quot;, est d\u00e9c\u00e9d\u00e9e \u00e0 74 ans\" target=\"_blank\" rel=\"noopener\"><img width=\"16\" height=\"9\" class=\"lozad\"  alt=\"\u00c9velyne Leclercq, ancienne animatrice de l'\u00e9mission &quot;Tournez man\u00e8ge!&quot;, est d\u00e9c\u00e9d\u00e9e \u00e0 74 ans\"\/>1:56\u00c9velyne Leclercq, ancienne animatrice de l&rsquo;\u00e9mission \u00ab\u00a0Tournez man\u00e8ge!\u00a0\u00bb, est d\u00e9c\u00e9d\u00e9e \u00e0 74 ans<\/a><a href=\"https:\/\/www.bfmtv.com\/people\/musique\/video-le-nouveau-clip-d-indochine-sanna-sur-la-croix-realise-par-nicola-sirkis-en-personne-en-exclusivite-sur-bfmtv_VN-202512310144.html\" title=\"Le nouveau clip d&#039;Indochine, &quot;Sanna sur la Croix&quot;, r\u00e9alis\u00e9 par Nicola Sirkis en personne, en exclusivit\u00e9 sur BFMTV\" target=\"_blank\" rel=\"noopener\"><img width=\"16\" height=\"9\" class=\"lozad\"  alt=\"Le nouveau clip d'Indochine, &quot;Sanna sur la Croix&quot;, r\u00e9alis\u00e9 par Nicola Sirkis en personne, en exclusivit\u00e9 sur BFMTV\"\/>4:00Le nouveau clip d&rsquo;Indochine, \u00ab\u00a0Sanna sur la Croix\u00a0\u00bb, r\u00e9alis\u00e9 par Nicola Sirkis en personne, en exclusivit\u00e9 sur BFMTV<\/a><a class=\"jumpToVideo\" target=\"_blank\"><img class=\"thumbnailPreview\"\/><\/a><\/p>\n","protected":false},"excerpt":{"rendered":"\u00ab\u00a0Emmanuel 2\u00a0\u00bb: Manu Payet revient sur sc\u00e8ne \u00e0 ParisSur le m\u00eame sujeten lecture\u00a0\u00bbEmmanuel 2&Prime;: Manu Payet revient sur&hellip;\n","protected":false},"author":2,"featured_media":639568,"comment_status":"","ping_status":"","sticky":false,"template":"","format":"standard","meta":{"footnotes":""},"categories":[1888],"tags":[1111,1928,11,1927,1777,674,1011,27,12,1926,626,1925,25],"class_list":{"0":"post-639567","1":"post","2":"type-post","3":"status-publish","4":"format-standard","5":"has-post-thumbnail","7":"category-paris","8":"tag-actu","9":"tag-actu-paris","10":"tag-actualites","11":"tag-actualites-paris","12":"tag-eu","13":"tag-europe","14":"tag-fr","15":"tag-france","16":"tag-news","17":"tag-news-paris","18":"tag-paris","19":"tag-paris-news","20":"tag-republique-francaise"},"share_on_mastodon":{"url":"https:\/\/pubeurope.com\/@fr\/115834646843506275","error":""},"_links":{"self":[{"href":"https:\/\/www.europesays.com\/fr\/wp-json\/wp\/v2\/posts\/639567","targetHints":{"allow":["GET"]}}],"collection":[{"href":"https:\/\/www.europesays.com\/fr\/wp-json\/wp\/v2\/posts"}],"about":[{"href":"https:\/\/www.europesays.com\/fr\/wp-json\/wp\/v2\/types\/post"}],"author":[{"embeddable":true,"href":"https:\/\/www.europesays.com\/fr\/wp-json\/wp\/v2\/users\/2"}],"replies":[{"embeddable":true,"href":"https:\/\/www.europesays.com\/fr\/wp-json\/wp\/v2\/comments?post=639567"}],"version-history":[{"count":0,"href":"https:\/\/www.europesays.com\/fr\/wp-json\/wp\/v2\/posts\/639567\/revisions"}],"wp:featuredmedia":[{"embeddable":true,"href":"https:\/\/www.europesays.com\/fr\/wp-json\/wp\/v2\/media\/639568"}],"wp:attachment":[{"href":"https:\/\/www.europesays.com\/fr\/wp-json\/wp\/v2\/media?parent=639567"}],"wp:term":[{"taxonomy":"category","embeddable":true,"href":"https:\/\/www.europesays.com\/fr\/wp-json\/wp\/v2\/categories?post=639567"},{"taxonomy":"post_tag","embeddable":true,"href":"https:\/\/www.europesays.com\/fr\/wp-json\/wp\/v2\/tags?post=639567"}],"curies":[{"name":"wp","href":"https:\/\/api.w.org\/{rel}","templated":true}]}}