{"id":639569,"date":"2026-01-04T03:13:14","date_gmt":"2026-01-04T03:13:14","guid":{"rendered":"https:\/\/www.europesays.com\/fr\/639569\/"},"modified":"2026-01-04T03:13:14","modified_gmt":"2026-01-04T03:13:14","slug":"ratp-dans-cette-station-de-metro-de-paris-a-la-configuration-unique-les-rames-semblent-presque-decoller","status":"publish","type":"post","link":"https:\/\/www.europesays.com\/fr\/639569\/","title":{"rendered":"RATP. Dans cette station de m\u00e9tro de Paris \u00e0 la configuration unique, les rames semblent presque d\u00e9coller"},"content":{"rendered":"<p>                    Par<br \/>\n        <strong><br \/>\n            <a href=\"https:\/\/actu.fr\/auteur\/thomas-martin\" title=\"Consulter tous les articles de Thomas Martin\" target=\"_blank\" rel=\"noopener\">Thomas Martin<\/a><br \/>\n                    <\/strong><\/p>\n<p>        Publi\u00e9 le<\/p>\n<p>            3 janv. 2026 \u00e0 8h24        <\/p>\n<p>La <a href=\"https:\/\/actu.fr\/ile-de-france\/paris_75056\/video-pourquoi-le-metro-de-la-ligne-10-a-paris-circule-a-sens-unique_52062979.html\" target=\"_blank\" rel=\"noopener\">ligne 10<\/a> du m\u00e9tro a f\u00eat\u00e9 ses <strong>102 ans<\/strong> mardi 30 d\u00e9cembre. Mise en service en 1923, elle relie aujourd\u2019hui les stations Boulogne Pont de Saint-Cloud et Gare d\u2019Austerlitz. Elle a \u00e9t\u00e9, en 2025, la premi\u00e8re \u00e0 accueillir le nouveau mat\u00e9riel roulant : le <a href=\"https:\/\/actu.fr\/ile-de-france\/paris_75056\/ratp-c-est-un-jour-a-part-a-paris-le-metro-entre-dans-une-nouvelle-ere-avec-l-arrivee-des-mf19_63308228.html\" target=\"_blank\" rel=\"noopener\">MF19<\/a>. Elle poss\u00e8de certaines stations assez particuli\u00e8res sur le r\u00e9seau de la <a href=\"https:\/\/actu.fr\/tag\/ratp\" target=\"_blank\" rel=\"noopener\">RATP<\/a>, notamment celle de Mirabeau.\u00a0<\/p>\n<p>Une rampe spectaculaire\u00a0<\/p>\n<p class=\" wall-content\">La station Mirabeau, situ\u00e9e dans le 16e arrondissement de Paris, est mise en service le 30 septembre 1913, lors du prolongement de la ligne 8 (future ligne 10) entre Beaugrenelle et Porte d\u2019Auteuil.\u00a0<\/p>\n<p class=\" wall-content\">Cette station est effet une curiosit\u00e9 du m\u00e9tro parisien : elle ne dessert qu\u2019une seule direction, vers Gare d\u2019Austerlitz.\u00a0<\/p>\n<p class=\" wall-content\">La voie en direction de Porte d\u2019Auteuil existe bel et bien, mais elle traverse la station sur une rampe spectaculaire de 4 %, parmi les plus fortes d\u00e9clivit\u00e9s exploit\u00e9es en station \u00e0 Paris, d\u00e9pourvue de quai. La ligne doit en effet passer profond\u00e9ment sous la Seine, ce qui impose une forte pente en sortie de tunnel.\u00a0<\/p>\n<p class=\" wall-content\">Les rames ne marquent donc aucun arr\u00eat et donnent presque l\u2019impression de d\u00e9coller.<\/p>\n<p class=\" wall-content\">Le plan initial pr\u00e9voyait deux quais face \u00e0 face. Il est abandonn\u00e9 en raison de la fragilit\u00e9 des fondations de l\u2019\u00e9glise Notre-Dame-d\u2019Auteuil, incompatible avec des travaux plus lourds \u00e0 cet endroit pr\u00e9cis.<\/p>\n<p class=\" wall-content\">\n<p class=\" wall-content\">Pour compenser le d\u00e9nivel\u00e9 de la butte d\u2019Auteuil, la voie nord a d\u00fb s\u2019engager sur cette forte pente, rendant impossible l\u2019am\u00e9nagement de deux quais au m\u00eame endroit. La station desservant l\u2019autre sens a ainsi \u00e9t\u00e9 d\u00e9cal\u00e9e et porte aujourd\u2019hui le nom d\u2019\u00c9glise d\u2019Auteuil qui reste ann\u00e9e apr\u00e8s ann\u00e9e <a href=\"https:\/\/actu.fr\/ile-de-france\/paris_75056\/ces-stations-de-metro-a-paris-sont-quasi-desertes-les-voyageurs-y-sont-vraiment-tres-rares_59652152.html\" target=\"_blank\" rel=\"noopener\">la moins fr\u00e9quent\u00e9e de Paris<\/a>. Elle doit son rang \u00e0 sa configuration de demi-station accueillant uniquement les rames en provenance du centre de Paris. Elle est donc majoritairement fr\u00e9quent\u00e9e par des voyageurs y descendant.<\/p>\n<p class=\" wall-content\">Personnalisez votre actualit\u00e9 en ajoutant vos villes et m\u00e9dias en favori avec <a href=\"https:\/\/moncompte.actu.fr\" title=\"D\u00e9couvez Mon Actu\" rel=\"nofollow noopener\" data-trk=\"{&quot;cta&quot;:{&quot;action&quot;:&quot;https:\\\/\\\/moncompte.actu.fr&quot;,&quot;category&quot;:&quot;mon compte&quot;,&quot;from&quot;:&quot;article footer&quot;,&quot;name&quot;:&quot;Mon actu&quot;,&quot;type&quot;:&quot;cta&quot;}}\" target=\"_blank\">Mon Actu<\/a>.<\/p>\n","protected":false},"excerpt":{"rendered":"Par Thomas Martin Publi\u00e9 le 3 janv. 2026 \u00e0 8h24 La ligne 10 du m\u00e9tro a f\u00eat\u00e9 ses&hellip;\n","protected":false},"author":2,"featured_media":639570,"comment_status":"","ping_status":"","sticky":false,"template":"","format":"standard","meta":{"footnotes":""},"categories":[1888],"tags":[11,1777,674,1011,27,1757,4047,12,626,625,25,104],"class_list":{"0":"post-639569","1":"post","2":"type-post","3":"status-publish","4":"format-standard","5":"has-post-thumbnail","7":"category-paris","8":"tag-actualites","9":"tag-eu","10":"tag-europe","11":"tag-fr","12":"tag-france","13":"tag-insolite","14":"tag-metro","15":"tag-news","16":"tag-paris","17":"tag-ratp","18":"tag-republique-francaise","19":"tag-societe"},"share_on_mastodon":{"url":"https:\/\/pubeurope.com\/@fr\/115834650937414168","error":""},"_links":{"self":[{"href":"https:\/\/www.europesays.com\/fr\/wp-json\/wp\/v2\/posts\/639569","targetHints":{"allow":["GET"]}}],"collection":[{"href":"https:\/\/www.europesays.com\/fr\/wp-json\/wp\/v2\/posts"}],"about":[{"href":"https:\/\/www.europesays.com\/fr\/wp-json\/wp\/v2\/types\/post"}],"author":[{"embeddable":true,"href":"https:\/\/www.europesays.com\/fr\/wp-json\/wp\/v2\/users\/2"}],"replies":[{"embeddable":true,"href":"https:\/\/www.europesays.com\/fr\/wp-json\/wp\/v2\/comments?post=639569"}],"version-history":[{"count":0,"href":"https:\/\/www.europesays.com\/fr\/wp-json\/wp\/v2\/posts\/639569\/revisions"}],"wp:featuredmedia":[{"embeddable":true,"href":"https:\/\/www.europesays.com\/fr\/wp-json\/wp\/v2\/media\/639570"}],"wp:attachment":[{"href":"https:\/\/www.europesays.com\/fr\/wp-json\/wp\/v2\/media?parent=639569"}],"wp:term":[{"taxonomy":"category","embeddable":true,"href":"https:\/\/www.europesays.com\/fr\/wp-json\/wp\/v2\/categories?post=639569"},{"taxonomy":"post_tag","embeddable":true,"href":"https:\/\/www.europesays.com\/fr\/wp-json\/wp\/v2\/tags?post=639569"}],"curies":[{"name":"wp","href":"https:\/\/api.w.org\/{rel}","templated":true}]}}