{"id":639571,"date":"2026-01-04T03:14:15","date_gmt":"2026-01-04T03:14:15","guid":{"rendered":"https:\/\/www.europesays.com\/fr\/639571\/"},"modified":"2026-01-04T03:14:15","modified_gmt":"2026-01-04T03:14:15","slug":"la-droite-de-retour-cest-la-grande-regression","status":"publish","type":"post","link":"https:\/\/www.europesays.com\/fr\/639571\/","title":{"rendered":"\u00ab\u202fLa droite de retour, c\u2019est la grande r\u00e9gression\u202f\u00bb"},"content":{"rendered":"<p><strong>LA TRIBUNE DIMANCHE \u2013 Nous sommes \u00e0 70 jours du premier tour des <a href=\"https:\/\/www.latribune.fr\/municipales-2026-1232\" target=\"_blank\" rel=\"noopener\">municipales<\/a>, dont la pr\u00e9campagne \u00e0 Paris a \u00e9t\u00e9 domin\u00e9e par les coups d\u2019\u00e9clat et propositions de Rachida Dati, votre principale concurrente. Comment entendez-vous reprendre l\u2019initiative\u2009?<br \/><\/strong><strong>EMMANUEL GR\u00c9GOIRE \u2013 <\/strong>Quelles propositions a-t-elle faites\u2009? Je n\u2019en ai retenu aucune et je crois que les Parisiens non plus. <a href=\"https:\/\/www.latribune.fr\/article\/la-tribune-dimanche\/politique\/50192254989928\/je-veux-apaiser-paris-rachida-dati-candidate-lr-dans-la-capitale\" target=\"_blank\" rel=\"noopener\">Rachida Dati<\/a> est une excellente tiktokeuse, mais je ne la vois pas transformer ses succ\u00e8s d\u2019audience \u2013\u202fqui sont, \u00e0 mon avis, autant motiv\u00e9s par la raillerie que par la conviction. Mes capteurs ne sont ni TikTok, ni X, mais les Parisiens que je rencontre.<\/p>\n<p><strong>Quels sont les grands axes de votre candidature\u2009?<br \/><\/strong>Les Parisiens veulent que leur maire soit \u00e0 port\u00e9e de main. C\u2019est une nuance qui me distingue d\u2019<a href=\"https:\/\/www.latribune.fr\/article\/regions\/ile-de-france\/3799832334989414\/acculee-par-une-dette-record-anne-hidalgo-presente-son-dernier-budget\" target=\"_blank\" rel=\"noopener\">Anne Hidalgo<\/a>. Je veux engager une r\u00e9volution d\u00e9mocratique en allant \u00e0 la rencontre des habitants chaque ann\u00e9e, dans les 117 conseils de quartier de la ville, en produisant \u00e0 chaque fois un compte rendu public. Je veux renforcer le r\u00f4le des maires d\u2019arrondissement, en mati\u00e8re de s\u00e9curit\u00e9, de propret\u00e9 et de pilotage des investissements. Cela me permettra de me concentrer sur la construction d\u2019un nouveau Grand Paris.<\/p>\n","protected":false},"excerpt":{"rendered":"LA TRIBUNE DIMANCHE \u2013 Nous sommes \u00e0 70 jours du premier tour des municipales, dont la pr\u00e9campagne \u00e0&hellip;\n","protected":false},"author":2,"featured_media":639572,"comment_status":"","ping_status":"","sticky":false,"template":"","format":"standard","meta":{"footnotes":""},"categories":[1888],"tags":[5734,11,2511,426,11513,1777,674,1011,27,4027,17261,4743,3102,5415,12,626,74642,25,8133],"class_list":{"0":"post-639571","1":"post","2":"type-post","3":"status-publish","4":"format-standard","5":"has-post-thumbnail","7":"category-paris","8":"tag-5734","9":"tag-actualites","10":"tag-cest","11":"tag-candidat","12":"tag-emmanuel","13":"tag-eu","14":"tag-europe","15":"tag-fr","16":"tag-france","17":"tag-grande","18":"tag-gregoire","19":"tag-la","20":"tag-la-tribune-dimanche","21":"tag-mairie","22":"tag-news","23":"tag-paris","24":"tag-regression","25":"tag-republique-francaise","26":"tag-retour"},"share_on_mastodon":{"url":"https:\/\/pubeurope.com\/@fr\/115834655040026230","error":""},"_links":{"self":[{"href":"https:\/\/www.europesays.com\/fr\/wp-json\/wp\/v2\/posts\/639571","targetHints":{"allow":["GET"]}}],"collection":[{"href":"https:\/\/www.europesays.com\/fr\/wp-json\/wp\/v2\/posts"}],"about":[{"href":"https:\/\/www.europesays.com\/fr\/wp-json\/wp\/v2\/types\/post"}],"author":[{"embeddable":true,"href":"https:\/\/www.europesays.com\/fr\/wp-json\/wp\/v2\/users\/2"}],"replies":[{"embeddable":true,"href":"https:\/\/www.europesays.com\/fr\/wp-json\/wp\/v2\/comments?post=639571"}],"version-history":[{"count":0,"href":"https:\/\/www.europesays.com\/fr\/wp-json\/wp\/v2\/posts\/639571\/revisions"}],"wp:featuredmedia":[{"embeddable":true,"href":"https:\/\/www.europesays.com\/fr\/wp-json\/wp\/v2\/media\/639572"}],"wp:attachment":[{"href":"https:\/\/www.europesays.com\/fr\/wp-json\/wp\/v2\/media?parent=639571"}],"wp:term":[{"taxonomy":"category","embeddable":true,"href":"https:\/\/www.europesays.com\/fr\/wp-json\/wp\/v2\/categories?post=639571"},{"taxonomy":"post_tag","embeddable":true,"href":"https:\/\/www.europesays.com\/fr\/wp-json\/wp\/v2\/tags?post=639571"}],"curies":[{"name":"wp","href":"https:\/\/api.w.org\/{rel}","templated":true}]}}