{"id":639576,"date":"2026-01-04T03:17:17","date_gmt":"2026-01-04T03:17:17","guid":{"rendered":"https:\/\/www.europesays.com\/fr\/639576\/"},"modified":"2026-01-04T03:17:17","modified_gmt":"2026-01-04T03:17:17","slug":"maduro-est-arrive-aux-etats-unis-qui-entendent-diriger-la-transition-au-venezuela-04-01-2026-a-0343","status":"publish","type":"post","link":"https:\/\/www.europesays.com\/fr\/639576\/","title":{"rendered":"Maduro est arriv\u00e9 aux Etats-Unis qui entendent \u00ab\u00a0diriger\u00a0\u00bb la transition au Venezuela &#8211; 04\/01\/2026 \u00e0 03:43"},"content":{"rendered":"<p>        <img decoding=\"async\" src=\"https:\/\/www.europesays.com\/fr\/wp-content\/uploads\/2026\/01\/034dc2acecbc65d044726ee1ca327069-760x507.jpg\" alt=\"Un convoi transportant le pr\u00e9sident v\u00e9n\u00e9zu\u00e9lien d\u00e9chu Nicolas Maduro quitte l'h\u00e9liport de Westside \u00e0 New York, le 3 janvier 2026 ( AFP \/ ANGELA WEISS )\" loading=\"eager\" fetchpriority=\"high\" width=\"760\" height=\"507\" style=\"max-width: 100%!important; height: auto;\"\/><\/p>\n<p class=\"c-image-news__legend\">Un convoi transportant le pr\u00e9sident v\u00e9n\u00e9zu\u00e9lien d\u00e9chu Nicolas Maduro quitte l&rsquo;h\u00e9liport de Westside \u00e0 New York, le 3 janvier 2026 ( AFP \/ ANGELA WEISS )<\/p>\n<p>\n Le pr\u00e9sident v\u00e9n\u00e9zu\u00e9lien d\u00e9chu, Nicolas Maduro, est arriv\u00e9 samedi \u00e0 New York apr\u00e8s sa capture par les Etats-Unis, qui ont annonc\u00e9 leur intention de \u00ab\u00a0diriger\u00a0\u00bb la transition au Venezuela et d&rsquo;exploiter ses vastes r\u00e9serves de p\u00e9trole.\n<\/p>\n<p>\n Des images de l&rsquo;AFP ont montr\u00e9 le dirigeant v\u00e9n\u00e9zu\u00e9lien sortant d&rsquo;un avion sous escorte dans un a\u00e9roport du nord de New York, puis son arriv\u00e9e \u00e0 Manhattan par h\u00e9licopt\u00e8re.\n<\/p>\n<p>\n Il devait ensuite rejoindre des locaux de l&rsquo;agence antidrogue am\u00e9ricaine (DEA) puis une prison de Brooklyn, le Metropolitan Detention Center, selon plusieurs m\u00e9dias am\u00e9ricains.\n<\/p>\n<p>\n Le pr\u00e9sident v\u00e9n\u00e9zu\u00e9lien doit compara\u00eetre \u00e0 une date ind\u00e9termin\u00e9e devant un juge de New York, pour r\u00e9pondre notamment de \u00ab\u00a0narcoterrorisme\u00a0\u00bb et importation de coca\u00efne aux Etats-Unis.\n<\/p>\n<p>\n Nicolas Maduro, 63 ans, et son \u00e9pouse Cilia Flores, 69 ans, ont \u00e9t\u00e9 captur\u00e9s dans la nuit par les forces am\u00e9ricaines apr\u00e8s des frappes sur Caracas et ses environs, et des mois de pression militaire des Etats-Unis en mer des Cara\u00efbes.\n<\/p>\n<p>\n Malgr\u00e9 la r\u00e9ussite de l&rsquo;op\u00e9ration, un pari risqu\u00e9 pour Donald Trump, l&rsquo;avenir imm\u00e9diat du pays de 30 millions d&rsquo;habitants reste incertain.\n<\/p>\n<p>\n \u00ab\u00a0Nous allons diriger le pays jusqu&rsquo;\u00e0 ce que nous puissions proc\u00e9der \u00e0 une transition s\u00fbre, appropri\u00e9e et judicieuse\u00a0\u00bb, a dit le pr\u00e9sident am\u00e9ricain lors d&rsquo;une conf\u00e9rence de presse en Floride.\n<\/p>\n<p>\n Il n&rsquo;a cependant pas pr\u00e9cis\u00e9 comment les Etats-Unis allaient proc\u00e9der. Et dans les rues de Caracas, aucun signe d&rsquo;une pr\u00e9sence militaire am\u00e9ricaine n&rsquo;\u00e9tait visible, a constat\u00e9 l&rsquo;AFP.\n<\/p>\n<p>\n M. Trump a d\u00e9clar\u00e9 qu&rsquo;il autoriserait les compagnies p\u00e9troli\u00e8res am\u00e9ricaines \u00e0 se rendre au Venezuela pour exploiter les r\u00e9serves de brut du pays, ajoutant que les Etats-Unis \u00e9taient pr\u00eats \u00e0 lancer \u00ab\u00a0une seconde attaque plus importante\u00a0\u00bb si besoin.\n<\/p>\n<\/p>\n<p>\n A ses c\u00f4t\u00e9s, le chef d&rsquo;\u00e9tat-major am\u00e9ricain, le g\u00e9n\u00e9ral Dan Caine, a donn\u00e9 quelques d\u00e9tails sur l&rsquo;op\u00e9ration militaire baptis\u00e9e \u00ab\u00a0Absolute Resolve\u00a0\u00bb (D\u00e9termination absolue).\n<\/p>\n<p>\n L&rsquo;op\u00e9ration \u00ab\u00a0discr\u00e8te, pr\u00e9cise et men\u00e9e pendant les heures d&rsquo;obscurit\u00e9 maximale du 2 janvier, est le point culminant de mois de pr\u00e9paration et d&rsquo;entra\u00eenement\u00a0\u00bb, a d\u00e9clar\u00e9 le g\u00e9n\u00e9ral Caine.\n<\/p>\n<p>\n Elle a mobilis\u00e9 plus de 150 avions et le dirigeant v\u00e9n\u00e9zu\u00e9lien et son \u00e9pouse se sont rendus \u00ab\u00a0sans r\u00e9sister\u00a0\u00bb, a-t-il pr\u00e9cis\u00e9.\n<\/p>\n<p> &#8211; \u00ab\u00a0Unique pr\u00e9sident\u00a0\u00bb &#8211;<\/p>\n<p>\n Les Etats-Unis ont affirm\u00e9 qu&rsquo;aucun Am\u00e9ricain n&rsquo;avait \u00e9t\u00e9 tu\u00e9 lors de l&rsquo;op\u00e9ration, dont le bilan humain c\u00f4t\u00e9 v\u00e9n\u00e9zu\u00e9lien reste incertain.\n<\/p>\n<p>        <img decoding=\"async\" src=\"https:\/\/www.europesays.com\/fr\/wp-content\/uploads\/2026\/01\/2ea156d78efa1703ef7a4d01307c77f7-760x507.jpg\" alt=\"Le pr\u00e9sident am\u00e9ricain Donald Trump, aux c\u00f4t\u00e9s du secr\u00e9taire d\u2019\u00c9tat Marco Rubio (G) et du secr\u00e9taire \u00e0 la D\u00e9fense Pete Hegseth (D), s\u2019adresse \u00e0 la presse apr\u00e8s la capture et exfiltration du pr\u00e9sident Nicolas Maduro par les forces am\u00e9ricaines, depuis sa r\u00e9sidence de Mar-a-Lago \u00e0 Palm Beach, en Floride, le 3 janvier 2025 ( AFP \/ Jim WATSON )\" loading=\"eager\" fetchpriority=\"high\" width=\"760\" height=\"507\" style=\"max-width: 100%!important; height: auto;\"\/><\/p>\n<p class=\"c-image-news__legend\">Le pr\u00e9sident am\u00e9ricain Donald Trump, aux c\u00f4t\u00e9s du secr\u00e9taire d\u2019\u00c9tat Marco Rubio (G) et du secr\u00e9taire \u00e0 la D\u00e9fense Pete Hegseth (D), s\u2019adresse \u00e0 la presse apr\u00e8s la capture et exfiltration du pr\u00e9sident Nicolas Maduro par les forces am\u00e9ricaines, depuis sa r\u00e9sidence de Mar-a-Lago \u00e0 Palm Beach, en Floride, le 3 janvier 2025 ( AFP \/ Jim WATSON )<\/p>\n<p>\n Donald Trump a affirm\u00e9 au New York Post que \u00ab\u00a0beaucoup de Cubains (avaient) perdu la vie\u00a0\u00bb car \u00ab\u00a0ils prot\u00e9geaient Maduro\u00a0\u00bb, tout en disant ne pas conna\u00eetre le nombre exact de morts.\n<\/p>\n<p>\n Selon les m\u00e9dias am\u00e9ricains, M. Maduro s&rsquo;appuyait sur des conseillers envoy\u00e9s par le gouvernement communiste de La Havane, \u00e9galement sanctionn\u00e9 par Washington et proche alli\u00e9 de Caracas.\n<\/p>\n<p>\n En conf\u00e9rence de presse, Donald Trump a assur\u00e9 que la vice-pr\u00e9sidente v\u00e9n\u00e9zu\u00e9lienne Delcy Rodriguez avait dit au secr\u00e9taire d&rsquo;Etat am\u00e9ricain Marco Rubio \u00eatre pr\u00eate \u00e0 coop\u00e9rer avec les Etats-Unis.\n<\/p>\n<p>\n La Cour supr\u00eame du Venezuela a confi\u00e9 samedi l&rsquo;int\u00e9rim du pouvoir \u00e0 Mme Rodriguez apr\u00e8s avoir constat\u00e9 \u00ab\u00a0l&rsquo;enl\u00e8vement du pr\u00e9sident constitutionnel\u00a0\u00bb au cours d&rsquo;une \u00ab\u00a0agression militaire \u00e9trang\u00e8re\u00a0\u00bb.\n<\/p>\n<p>\n Mais la Cour n&rsquo;a pas d\u00e9clar\u00e9 M. Maduro d\u00e9finitivement absent, ce qui aurait d\u00e9clench\u00e9 une \u00e9lection pr\u00e9sidentielle anticip\u00e9e sous 30 jours.\n<\/p>\n<p>\n Nicolas Maduro est \u00ab\u00a0l&rsquo;unique pr\u00e9sident du pays\u00a0\u00bb, avait auparavant d\u00e9clar\u00e9 Mme Rodriguez, en exigeant sa \u00ab\u00a0lib\u00e9ration imm\u00e9diate\u00a0\u00bb.\n<\/p>\n<p>        <img decoding=\"async\" src=\"https:\/\/www.europesays.com\/fr\/wp-content\/uploads\/2026\/01\/230c3a118b9d67edae2f21c4582b55de-640x768.jpg\" alt=\"Cette image publi\u00e9e sur le compte Truth Social du pr\u00e9sident am\u00e9ricain Donald Trump le 3 janvier 2026 montre ce que le pr\u00e9sident Trump affirme \u00eatre le pr\u00e9sident v\u00e9n\u00e9zu\u00e9lien Nicol\u00e1s Maduro \u00e0 bord de l\u2019USS Iwo Jima apr\u00e8s que l\u2019arm\u00e9e am\u00e9ricaine l\u2019a captur\u00e9 le 3 janvier 2026 ( US President Donald Trump's TRUTH Social account \/ HANDOUT )\" loading=\"eager\" fetchpriority=\"high\" width=\"640\" height=\"768\" style=\"max-width: 100%!important; height: auto;\"\/><\/p>\n<p class=\"c-image-news__legend\">Cette image publi\u00e9e sur le compte Truth Social du pr\u00e9sident am\u00e9ricain Donald Trump le 3 janvier 2026 montre ce que le pr\u00e9sident Trump affirme \u00eatre le pr\u00e9sident v\u00e9n\u00e9zu\u00e9lien Nicol\u00e1s Maduro \u00e0 bord de l\u2019USS Iwo Jima apr\u00e8s que l\u2019arm\u00e9e am\u00e9ricaine l\u2019a captur\u00e9 le 3 janvier 2026 ( US President Donald Trump&rsquo;s TRUTH Social account \/ HANDOUT )<\/p>\n<p>\n Sans pr\u00e9ciser comment Washington envisageait la suite, Donald Trump a d&rsquo;ores et d\u00e9j\u00e0 disqualifi\u00e9 la cheffe de l&rsquo;opposition et prix Nobel de la paix, Maria Corina Machado.\n<\/p>\n<p>\n \u00ab\u00a0Je pense qu&rsquo;il lui serait tr\u00e8s difficile d&rsquo;\u00eatre \u00e0 la t\u00eate du pays. Elle ne b\u00e9n\u00e9ficie ni du soutien ni du respect au sein de son pays\u00a0\u00bb, a-t-il lanc\u00e9.\n<\/p>\n<p>\n \u00ab\u00a0L&rsquo;heure de la libert\u00e9 est arriv\u00e9e\u00a0\u00bb, avait r\u00e9agi l&rsquo;opposante apr\u00e8s l&rsquo;annonce de la capture du pr\u00e9sident v\u00e9n\u00e9zu\u00e9lien, estimant que le candidat de l&rsquo;opposition \u00e0 la pr\u00e9sidentielle de 2024, Edmundo Gonzalez Urrutia, en exil en Espagne, devait \u00ab\u00a0assumer imm\u00e9diatement\u00a0\u00bb la pr\u00e9sidence.\n<\/p>\n<p>\n Le Conseil de s\u00e9curit\u00e9 de l&rsquo;ONU se r\u00e9unira lundi matin \u00e0 la demande du Venezuela.\n<\/p>\n<p> &#8211; \u00ab\u00a0Rentrer chez nous\u00a0\u00bb &#8211;<\/p>\n<p>\n A Caracas, les rues \u00e9taient pratiquement d\u00e9sertes samedi, et les rideaux m\u00e9talliques des magasins sont rest\u00e9s baiss\u00e9s.\n<\/p>\n<p>        <img decoding=\"async\" src=\"https:\/\/www.europesays.com\/fr\/wp-content\/uploads\/2026\/01\/9caa5667b76dc2e26a219d99b360f4b9-760x524.jpg\" alt=\"Carte du Venezuela montrant les endroits cibl\u00e9s par des frappes am\u00e9ricaines, \u00e0 Caracas, La Guaira et Higuerote ( AFP \/ Patricio ARANA )\" loading=\"eager\" fetchpriority=\"high\" width=\"760\" height=\"524\" style=\"max-width: 100%!important; height: auto;\"\/><\/p>\n<p class=\"c-image-news__legend\">Carte du Venezuela montrant les endroits cibl\u00e9s par des frappes am\u00e9ricaines, \u00e0 Caracas, La Guaira et Higuerote ( AFP \/ Patricio ARANA )<\/p>\n<p>\n Quelque 500 partisans de M. Maduro se sont rassembl\u00e9s non loin du Palais de Miraflores, le palais pr\u00e9sidentiel \u00e0 Caracas.\n<\/p>\n<p>\n \u00ab\u00a0Comment se fait-il qu&rsquo;un gouvernement \u00e9tranger vienne s&rsquo;ing\u00e9rer dans le pays et en expulse le pr\u00e9sident? (&#8230;) C&rsquo;est la force du ca\u00efd de quartier\u00a0\u00bb, a d\u00e9plor\u00e9 Katia Brice\u00f1o, une professeure d&rsquo;universit\u00e9 de 54 ans.\n<\/p>\n<p>\n A l&rsquo;inverse, des milliers de V\u00e9n\u00e9zu\u00e9liens exil\u00e9s, sur les huit millions qui ont fui leur pays en proie \u00e0 une crise politique et \u00e9conomique sans fin, se sont rassembl\u00e9s dans plusieurs villes du monde pour c\u00e9l\u00e9brer la chute de Nicolas Maduro.\n<\/p>\n<p>\n \u00ab\u00a0Enfin nous allons avoir un pays libre. Enfin nous allons pouvoir rentrer chez nous\u00a0\u00bb, a dit \u00e0 l&rsquo;AFP Yurimar Rojas, vendeur ambulant \u00e0 Santiago du Chili.<\/p>\n","protected":false},"excerpt":{"rendered":"Un convoi transportant le pr\u00e9sident v\u00e9n\u00e9zu\u00e9lien d\u00e9chu Nicolas Maduro quitte l&rsquo;h\u00e9liport de Westside \u00e0 New York, le 3&hellip;\n","protected":false},"author":2,"featured_media":639577,"comment_status":"","ping_status":"","sticky":false,"template":"","format":"standard","meta":{"footnotes":""},"categories":[1589],"tags":[400,11,398,408,405,73,1866,403,402,399,404,12,401,406,1864,1865,1863,308,407],"class_list":{"0":"post-639576","1":"post","2":"type-post","3":"status-publish","4":"format-standard","5":"has-post-thumbnail","7":"category-etats-unis","8":"tag-action-cac-40","9":"tag-actualites","10":"tag-bourse-de-paris","11":"tag-boursorama","12":"tag-cotations","13":"tag-etats-unis","14":"tag-etats-unis-damerique","15":"tag-indices-devises","16":"tag-investir","17":"tag-investissement","18":"tag-marche-boursier","19":"tag-news","20":"tag-sicav","21":"tag-trackers","22":"tag-united-states","23":"tag-united-states-of-america","24":"tag-us","25":"tag-usa","26":"tag-warrants"},"share_on_mastodon":{"url":"https:\/\/pubeurope.com\/@fr\/115834666714584628","error":""},"_links":{"self":[{"href":"https:\/\/www.europesays.com\/fr\/wp-json\/wp\/v2\/posts\/639576","targetHints":{"allow":["GET"]}}],"collection":[{"href":"https:\/\/www.europesays.com\/fr\/wp-json\/wp\/v2\/posts"}],"about":[{"href":"https:\/\/www.europesays.com\/fr\/wp-json\/wp\/v2\/types\/post"}],"author":[{"embeddable":true,"href":"https:\/\/www.europesays.com\/fr\/wp-json\/wp\/v2\/users\/2"}],"replies":[{"embeddable":true,"href":"https:\/\/www.europesays.com\/fr\/wp-json\/wp\/v2\/comments?post=639576"}],"version-history":[{"count":0,"href":"https:\/\/www.europesays.com\/fr\/wp-json\/wp\/v2\/posts\/639576\/revisions"}],"wp:featuredmedia":[{"embeddable":true,"href":"https:\/\/www.europesays.com\/fr\/wp-json\/wp\/v2\/media\/639577"}],"wp:attachment":[{"href":"https:\/\/www.europesays.com\/fr\/wp-json\/wp\/v2\/media?parent=639576"}],"wp:term":[{"taxonomy":"category","embeddable":true,"href":"https:\/\/www.europesays.com\/fr\/wp-json\/wp\/v2\/categories?post=639576"},{"taxonomy":"post_tag","embeddable":true,"href":"https:\/\/www.europesays.com\/fr\/wp-json\/wp\/v2\/tags?post=639576"}],"curies":[{"name":"wp","href":"https:\/\/api.w.org\/{rel}","templated":true}]}}