{"id":639580,"date":"2026-01-04T03:19:10","date_gmt":"2026-01-04T03:19:10","guid":{"rendered":"https:\/\/www.europesays.com\/fr\/639580\/"},"modified":"2026-01-04T03:19:10","modified_gmt":"2026-01-04T03:19:10","slug":"touche-par-un-drame-familial-kevin-kampl-quitte-leipzig-allemagne-leipzig","status":"publish","type":"post","link":"https:\/\/www.europesays.com\/fr\/639580\/","title":{"rendered":"Touch\u00e9 par un drame familial, Kevin Kampl quitte Leipzig &#8211; Allemagne &#8211; Leipzig"},"content":{"rendered":"<p>Ma famille d\u2019abord.<\/p>\n<p>Le RB Leipzig a annonc\u00e9 ce samedi le <strong>d\u00e9part de Kevin Kampl<\/strong>. Le milieu de 35 ans et le club ont trouv\u00e9 un accord pour r\u00e9silier le contrat qui les lie \u00e0 la date du 31 janvier. Une demande du joueur, qui souhaite <strong>se rapprocher de sa famille<\/strong> suite au d\u00e9c\u00e8s de son fr\u00e8re.\u00a0\u00ab\u202fLa douleur caus\u00e9e par <strong>la perte soudaine de mon fr\u00e8re m\u2019a fait comprendre \u00e0 quel point le temps est pr\u00e9cieux<\/strong> et combien il est important de le passer avec ses proches. Apr\u00e8s toutes ces ann\u00e9es, j\u2019ai r\u00e9alis\u00e9 que le moment \u00e9tait venu de rentrer chez moi, notamment parce que mon p\u00e8re n\u2019est pas en bonne sant\u00e9 et que je souhaite passer plus de temps avec lui\u202f\u00bb, <a target=\"_blank\" href=\"https:\/\/rbleipzig.com\/en\/news\/goodbye-kevin-kampl-rb-leipzig\" rel=\"noopener\">\u00e9crit-il sur le site du club<\/a>.<\/p>\n<p>Pass\u00e9 par Leverkusen, Salzbourg ou encore Dortmund, Kampl jouait pour Leipzig depuis 2017. Chez les Roten Bullen, l\u2019international slov\u00e8ne a disput\u00e9 283 matchs et a remport\u00e9 <strong>deux Coupes d\u2019Allemagne<\/strong> ainsi qu\u2019une Supercoupe. \u00ab\u202fJ\u2019aurais ador\u00e9 jouer une derni\u00e8re fois dans notre stade devant vous, nos fans. Ce n\u2019est<strong> pas ainsi que j\u2019avais imagin\u00e9 mes adieux<\/strong>. Mais parfois, la vie nous impose d\u2019autres priorit\u00e9s, et je suis en paix avec cette d\u00e9cision\u202f\u00bb, poursuit-il, sans exclure compl\u00e8tement de revenir un jour sur le terrain.<\/p>\n<p><strong>Un hommage lui sera rendu le 17 janvier<\/strong> \u00e0 l\u2019occasion de la r\u00e9ception du Bayern.\u00a0\u00ab\u00a0Kevin a jou\u00e9 un r\u00f4le majeur dans les plus grands succ\u00e8s du club, commente le directeur sportif Marcel Sch\u00e4fer. Sa d\u00e9cision de consacrer toute son \u00e9nergie \u00e0 sa famille dans cette situation m\u00e9rite le plus grand respect et souligne une fois de plus son caract\u00e8re exemplaire. Kevin s\u2019est donn\u00e9 \u00e0 fond pour le RB Leipzig, s\u2019est pleinement int\u00e9gr\u00e9 au club et \u00e0 la ville et \u00e9tait tr\u00e8s respect\u00e9 par tous ses co\u00e9quipiers, le staff technique et tous ceux qui travaillent pour le club. La porte du RB Leipzig restera toujours ouverte pour Kevin.\u00a0\u00bb<\/p>\n<p>La classe.<\/p>\n<p>\t\t\t\t\t\t\t\t\t\t<a class=\"lien-connexe\" href=\"https:\/\/www.sofoot.com\/breves\/bundesliga-leverkusen-pique-sa-place-sur-le-podium-a-leipzig\" target=\"_blank\" rel=\"noopener\">Leverkusen pique sa place sur le podium \u00e0 Leipzig<\/a>\t\t\t\t\t<\/p>\n","protected":false},"excerpt":{"rendered":"Ma famille d\u2019abord. Le RB Leipzig a annonc\u00e9 ce samedi le d\u00e9part de Kevin Kampl. Le milieu de&hellip;\n","protected":false},"author":2,"featured_media":639581,"comment_status":"","ping_status":"","sticky":false,"template":"","format":"standard","meta":{"footnotes":""},"categories":[1587],"tags":[47,11,61,672,69,1804,65,1805,1803,64,1777,674,63,1801,68,66,12,62,70,1802,67],"class_list":{"0":"post-639580","1":"post","2":"type-post","3":"status-publish","4":"format-standard","5":"has-post-thumbnail","7":"category-allemagne","8":"tag-actualite","9":"tag-actualites","10":"tag-actus-football","11":"tag-allemagne","12":"tag-bundesliga","13":"tag-bundesrepublik-deutschland","14":"tag-championnats-europeens","15":"tag-de","16":"tag-deutschland","17":"tag-equipe-de-france","18":"tag-eu","19":"tag-europe","20":"tag-football","21":"tag-germany","22":"tag-ligua","23":"tag-ligue-1","24":"tag-news","25":"tag-news-foot","26":"tag-premier-league","27":"tag-republique-federale-dallemagne","28":"tag-serie-a"},"share_on_mastodon":{"url":"https:\/\/pubeurope.com\/@fr\/115834674505835871","error":""},"_links":{"self":[{"href":"https:\/\/www.europesays.com\/fr\/wp-json\/wp\/v2\/posts\/639580","targetHints":{"allow":["GET"]}}],"collection":[{"href":"https:\/\/www.europesays.com\/fr\/wp-json\/wp\/v2\/posts"}],"about":[{"href":"https:\/\/www.europesays.com\/fr\/wp-json\/wp\/v2\/types\/post"}],"author":[{"embeddable":true,"href":"https:\/\/www.europesays.com\/fr\/wp-json\/wp\/v2\/users\/2"}],"replies":[{"embeddable":true,"href":"https:\/\/www.europesays.com\/fr\/wp-json\/wp\/v2\/comments?post=639580"}],"version-history":[{"count":0,"href":"https:\/\/www.europesays.com\/fr\/wp-json\/wp\/v2\/posts\/639580\/revisions"}],"wp:featuredmedia":[{"embeddable":true,"href":"https:\/\/www.europesays.com\/fr\/wp-json\/wp\/v2\/media\/639581"}],"wp:attachment":[{"href":"https:\/\/www.europesays.com\/fr\/wp-json\/wp\/v2\/media?parent=639580"}],"wp:term":[{"taxonomy":"category","embeddable":true,"href":"https:\/\/www.europesays.com\/fr\/wp-json\/wp\/v2\/categories?post=639580"},{"taxonomy":"post_tag","embeddable":true,"href":"https:\/\/www.europesays.com\/fr\/wp-json\/wp\/v2\/tags?post=639580"}],"curies":[{"name":"wp","href":"https:\/\/api.w.org\/{rel}","templated":true}]}}