{"id":639596,"date":"2026-01-04T03:32:18","date_gmt":"2026-01-04T03:32:18","guid":{"rendered":"https:\/\/www.europesays.com\/fr\/639596\/"},"modified":"2026-01-04T03:32:18","modified_gmt":"2026-01-04T03:32:18","slug":"hugo-boucher-sa-nouvelle-vie-au-cote-des-pros-dineos-grenadiers","status":"publish","type":"post","link":"https:\/\/www.europesays.com\/fr\/639596\/","title":{"rendered":"Hugo Boucher, sa nouvelle vie au c\u00f4t\u00e9 des pros d\u2019Ineos Grenadiers"},"content":{"rendered":"<p>De quel cadeau peut-on r\u00eaver pour ses 18\u00a0ans\u00a0? Concernant Hugo Boucher, le r\u00eave est d\u00e9j\u00e0 devenu r\u00e9alit\u00e9\u00a0: \u00e0 la fin 2025, il a sign\u00e9 son contrat chez les Anglais d\u2019Ineos Grenadiers, une des \u00e9quipes les plus ambitieuses dans le monde du cyclisme. H\u00e9riti\u00e8re de la Sky de Wiggins ou Froome, Ineos et son propri\u00e9taire milliardaire, Jim Ratcliffe, ont d\u00e9cid\u00e9 de r\u00e9parer une aberration\u00a0: il n\u2019existait pas d\u2019\u00e9quipe r\u00e9serve dans cette Pro Team majeure du peloton international, l\u2019erreur est r\u00e9par\u00e9e avec la cr\u00e9ation de la Racing Academy. \u00ab\u00a0C\u2019est une formation toute nouvelle, sourit l\u2019Orl\u00e9anais, qui conserve sa licence \u00e0 l\u2019ACBB, on d\u00e9couvre tous la structure et on fait connaissance entre co\u00e9quipiers. C\u2019est tr\u00e8s sympa, il y a des Anglais bien s\u00fbr mais aussi\u00a0un Australien, un Italien, un \u00c9rythr\u00e9en\u2026\u00a0\u00bb<\/p>\n<p>Apr\u00e8s <a target=\"_self\" href=\"https:\/\/www.lanouvellerepublique.fr\/indre\/commune\/martizay\/classic-coeur-de-brenne-coup-de-trafalgar-pour-waterlot-1741464769\" rel=\"noopener\">une saison mitig\u00e9e<\/a> chez les Fran\u00e7ais de Decathlon Ag2R La Mondiale, le champion de France U17 qui conserve sa licence \u00e0 l\u2019<a target=\"_self\" href=\"https:\/\/www.lanouvellerepublique.fr\/indre\/le-foot-le-foot-le-foot-le-besf-of-guy-bedos-de-la-semaine-sportive-dans-l-indre-1747145203\" rel=\"noopener\">ACBB Issoudun<\/a> s\u2019enthousiasme\u00a0: \u00ab\u00a0On a fait un stage de pr\u00e9saison dans le sud de l\u2019Espagne en d\u00e9cembre, c\u2019est au-del\u00e0 de mes esp\u00e9rances&#8230;. <\/p>\n<p>    Cet article a \u00e9t\u00e9 tronqu\u00e9. Abonnez-vous pour lire l&rsquo;article complet sur notre site.<\/p>\n<p>\u00a0\u00bb<\/p>\n<p style=\"margin: 0 !important; padding: 0 !important; font-size: 12px !important;\">Cet article a \u00e9t\u00e9 tronqu\u00e9. Abonnez-vous pour lire l&rsquo;article complet.<\/p>\n<p>    <a href=\"https:\/\/www.lanouvellerepublique.fr\/abonnements\" style=\"display: inline-block; margin-top: 5px !important; padding: 6px 12px !important; background: #cb1c27; color: white; text-decoration: none; border-radius: 4px; font-size: 12px !important;\" target=\"_blank\" rel=\"noopener\"><br \/>\n      S&rsquo;abonner<br \/>\n    <\/a><\/p>\n","protected":false},"excerpt":{"rendered":"De quel cadeau peut-on r\u00eaver pour ses 18\u00a0ans\u00a0? Concernant Hugo Boucher, le r\u00eave est d\u00e9j\u00e0 devenu r\u00e9alit\u00e9\u00a0: \u00e0&hellip;\n","protected":false},"author":2,"featured_media":639597,"comment_status":"","ping_status":"","sticky":false,"template":"","format":"standard","meta":{"footnotes":""},"categories":[1411],"tags":[1392,1154,207,1011,27,5052,10802,60,210],"class_list":{"0":"post-639596","1":"post","2":"type-post","3":"status-publish","4":"format-standard","5":"has-post-thumbnail","7":"category-cyclisme","8":"tag-a-la-une-local","9":"tag-cycling","10":"tag-cyclisme","11":"tag-fr","12":"tag-france","13":"tag-indre","14":"tag-issoudun","15":"tag-sports","16":"tag-tour-de-france"},"share_on_mastodon":{"url":"https:\/\/pubeurope.com\/@fr\/115834725581560429","error":""},"_links":{"self":[{"href":"https:\/\/www.europesays.com\/fr\/wp-json\/wp\/v2\/posts\/639596","targetHints":{"allow":["GET"]}}],"collection":[{"href":"https:\/\/www.europesays.com\/fr\/wp-json\/wp\/v2\/posts"}],"about":[{"href":"https:\/\/www.europesays.com\/fr\/wp-json\/wp\/v2\/types\/post"}],"author":[{"embeddable":true,"href":"https:\/\/www.europesays.com\/fr\/wp-json\/wp\/v2\/users\/2"}],"replies":[{"embeddable":true,"href":"https:\/\/www.europesays.com\/fr\/wp-json\/wp\/v2\/comments?post=639596"}],"version-history":[{"count":0,"href":"https:\/\/www.europesays.com\/fr\/wp-json\/wp\/v2\/posts\/639596\/revisions"}],"wp:featuredmedia":[{"embeddable":true,"href":"https:\/\/www.europesays.com\/fr\/wp-json\/wp\/v2\/media\/639597"}],"wp:attachment":[{"href":"https:\/\/www.europesays.com\/fr\/wp-json\/wp\/v2\/media?parent=639596"}],"wp:term":[{"taxonomy":"category","embeddable":true,"href":"https:\/\/www.europesays.com\/fr\/wp-json\/wp\/v2\/categories?post=639596"},{"taxonomy":"post_tag","embeddable":true,"href":"https:\/\/www.europesays.com\/fr\/wp-json\/wp\/v2\/tags?post=639596"}],"curies":[{"name":"wp","href":"https:\/\/api.w.org\/{rel}","templated":true}]}}