{"id":639600,"date":"2026-01-04T03:34:11","date_gmt":"2026-01-04T03:34:11","guid":{"rendered":"https:\/\/www.europesays.com\/fr\/639600\/"},"modified":"2026-01-04T03:34:11","modified_gmt":"2026-01-04T03:34:11","slug":"laury-thilleman-se-livre-sur-une-periode-douloureuse-de-sa-vie-conjugale-avec-son-ex-cest-tres-violent","status":"publish","type":"post","link":"https:\/\/www.europesays.com\/fr\/639600\/","title":{"rendered":"Laury Thilleman se livre sur une p\u00e9riode douloureuse de sa vie conjugale avec son ex, \u00ab\u00a0C&rsquo;est tr\u00e8s violent\u00a0\u00bb"},"content":{"rendered":"<p>\u00c0 34 ans, Laury Thilleman poursuit son chemin et rel\u00e8ve tous les<br \/>\nd\u00e9fis que la vie met sur son chemin. Apr\u00e8s avoir d\u00e9croch\u00e9 la<br \/>\ncouronne de Miss France en 2011, la jeune femme s\u2019est tourn\u00e9e vers<br \/>\nl\u00a0\u00bbentrepreneuriat et la t\u00e9l\u00e9vision. D\u2019ailleurs, elle fait le<br \/>\nbonheur des t\u00e9l\u00e9spectateurs de France 3 depuis quelque temps dans<br \/>\nl\u2019\u00e9mission Rendez-vous en terre inconnue. Aux commandes du<br \/>\nprogramme, elle a d\u00e9j\u00e0 v\u00e9cu <a href=\"https:\/\/www.melty.fr\/people\/laury-thilleman-tres-proche-de-cyril-lignac-elle-devoile-tout-sur-leur-relation-une-espece-damour-2263457.html\" target=\"_blank\" rel=\"noopener\"><br \/>\ndes aventures aux c\u00f4t\u00e9s de Cyril Lignac<\/a>. Mais si tout semble<br \/>\naller comme sur des roulettes pour Laury Thilleman, \u00e7a n\u2019a pas<br \/>\ntoujours \u00e9t\u00e9 le cas. En effet, l\u2019ancienne reine de beaut\u00e9 a fait<br \/>\nface \u00e0 de nombreuses difficult\u00e9s, notamment c\u00f4t\u00e9 c\u0153ur.<\/p>\n<p>Une s\u00e9paration inattendue<\/p>\n<p>Pendant longtemps, Laury Thilleman \u00e9tait persuad\u00e9e d\u2019avoir<br \/>\ntrouv\u00e9 l\u2019homme de sa vie. En effet, la jeune femme a partag\u00e9 sa vie<br \/>\navec le chef cuisinier Juan Arbelaez. Une histoire d\u2019amour qui a<br \/>\nm\u00eame abouti \u00e0 un mariage en 2019. Fou amoureux l\u2019un de l\u2019autre, ils<br \/>\n\u00e9taient ins\u00e9parables. Ils affrontaient la vie toujours \u00e0 deux.<br \/>\n<strong>Une complicit\u00e9 naturelle<\/strong> qui faisait des envieux<br \/>\nsur la toile. Malheureusement, les choses ne se sont pas bien<br \/>\ntermin\u00e9es pour le couple. Apr\u00e8s sept ans ensemble, <a href=\"https:\/\/www.melty.fr\/people\/laury-thilleman-miss-france-apres-7-ans-de-relation-elle-annonce-sa-rupture-choc-avec-juan-arbelaez-996639.html\" target=\"_blank\" rel=\"noopener\"><br \/>\nLaury Thilleman et Juan Arbelaez ont d\u00e9cid\u00e9 de prendre des chemins<br \/>\ndiff\u00e9rents<\/a>.<\/p>\n<p>\u201cAfin de couper court \u00e0 toutes rumeurs, <strong>Juan et moi<br \/>\nd\u00e9cidons ensemble de continuer nos routes<br \/>\ns\u00e9par\u00e9ment<\/strong>\u201d, annon\u00e7ait-elle en mai 2022. Depuis, le<br \/>\nchef cuisinier est pass\u00e9 \u00e0 autre chose. De son c\u00f4t\u00e9, l\u2019animatrice a<br \/>\nd\u00e9cid\u00e9 de faire preuve de discr\u00e9tion. \u201c<strong>\u00c0 30 ans, je me<br \/>\nsuis retrouv\u00e9e \u00e0 un carrefour de ma vie et j\u2019ai \u00e9cout\u00e9 ma petite<br \/>\nvoix int\u00e9rieure<\/strong> qui ne voulait pas se sentir<br \/>\nemprisonn\u00e9e\u201d, a-t-elle confi\u00e9. Avant d\u2019ajouter : \u201cJ\u2019ai<br \/>\ntoujours pris soin de pr\u00e9server mon jardin secret. Vivons heureux,<br \/>\nvivons cach\u00e9s.\u201d<\/p>\n<p>Laury Thilleman sans d\u00e9tour sur une p\u00e9riode particuli\u00e8rement<br \/>\ndouloureuse<\/p>\n<p>Laury Thilleman n\u2019a jamais cess\u00e9 d&rsquo;illuminer avec son sourire et<br \/>\nson \u00e9nergie d\u00e9bordante. Mais derri\u00e8re cette image se cachait une<br \/>\nprofonde blessure. <strong>Une r\u00e9alit\u00e9 troublante<\/strong> que la<br \/>\njeune femme a d\u00e9cid\u00e9 de d\u00e9voiler dans le livre de Laurie Darmon<br \/>\nintitul\u00e9 Corps \u00e0 c\u0153urs. Dans cet ouvrage, l\u2019animatrice se<br \/>\nlivre sur son combat intime. Celui d\u2019une femme publique qui, \u00e0<br \/>\nforce de vouloir tout contr\u00f4ler et de r\u00e9pondre aux exigences de la<br \/>\nsoci\u00e9t\u00e9, a fini par s\u2019oublier. <strong>Un sentiment d\u2019\u00eatre men\u00e9e \u00e0<br \/>\nla baguette par son propre mental<\/strong> qui a longtemps pes\u00e9 sur<br \/>\nle quotidien de la trentenaire.<\/p>\n<p>Dans ce livre, Laury Thilleman a \u00e9galement \u00e9voqu\u00e9 un sujet plus<br \/>\nsensible, \u00e0 savoir <strong>les probl\u00e8mes d\u2019infertilit\u00e9<\/strong><br \/>\nauxquels elle a fait face aux c\u00f4t\u00e9s de Juan Arbelaez. \u201cJe te<br \/>\npasse les moments o\u00f9 l\u2019on m\u2019annon\u00e7ait ma propre grossesse, alors<br \/>\nque \u00e7a faisait peut-\u00eatre deux ans que <strong>j\u2019essayais d\u2019avoir un<br \/>\nenfant, et que \u00e7a ne marchait pas<\/strong>\u201d, a-t-elle confi\u00e9.<br \/>\nFace \u00e0 ces difficult\u00e9s, l\u2019animatrice a pens\u00e9 \u00e0 toutes les solutions<br \/>\nm\u00e9dicales, comme la cong\u00e9lation de ses ovocytes. Une \u00e9tape de sa<br \/>\nvie qu\u2019elle gardait jusque-l\u00e0 secr\u00e8te. \u201cBien s\u00fbr que je<br \/>\nn\u2019allais pas en parler, mais c\u2019est tr\u00e8s violent\u201d, a-t-elle<br \/>\nr\u00e9v\u00e9l\u00e9.<\/p>\n<p>\u201cJ\u2019ai l\u2019impression d\u2019avoir beaucoup<br \/>\ndonn\u00e9 aux autres\u201d<\/p>\n<p>Les difficult\u00e9s, Laury Thilleman en a rencontr\u00e9, notamment pour<br \/>\navoir un enfant. D\u00e9sormais sans compagnon et sans enfants, beaucoup<br \/>\npourraient penser que l\u2019animatrice est triste. Mais c\u2019est loin<br \/>\nd\u2019\u00eatre le cas. Apr\u00e8s avoir fait passer les autres avant elle<br \/>\npendant de nombreuses ann\u00e9es, il est temps pour l\u2019animatrice de<br \/>\nchanger. \u201c<strong>Ce n\u2019est pas une tare de vouloir rester seule<br \/>\net sans enfants<\/strong>\u201d, confiait-elle dans les colonnes de<br \/>\nParis Match.<\/p>\n<p>Avant d\u2019ajouter : \u201cJ\u2019ai l\u2019impression d\u2019avoir beaucoup donn\u00e9<br \/>\naux autres. Avant de construire peut-\u00eatre une vie de famille, je<br \/>\nveux m\u2019offrir du temps pour moi-m\u00eame.\u201d Toutefois, cela ne<br \/>\nsignifie pas qu\u2019elle ne pense plus \u00e0 l\u2019amour ou qu\u2019elle a ferm\u00e9 la<br \/>\nporte \u00e0 son d\u00e9sir de maternit\u00e9. \u201c<strong>Je serai heureuse si<br \/>\n\u00e7a m\u2019arrive un jour<\/strong>. Mais si ce n\u2019est pas le cas, c\u2019est<br \/>\ncomme \u00e7a. Je pense que la vie a tout pr\u00e9vu pour nous\u201d,<br \/>\na-t-elle expliqu\u00e9.<\/p>\n","protected":false},"excerpt":{"rendered":"\u00c0 34 ans, Laury Thilleman poursuit son chemin et rel\u00e8ve tous les d\u00e9fis que la vie met sur&hellip;\n","protected":false},"author":2,"featured_media":639601,"comment_status":"","ping_status":"","sticky":false,"template":"","format":"standard","meta":{"footnotes":""},"categories":[1359],"tags":[58,59,1011,27,44087,35154,973,65861],"class_list":{"0":"post-639600","1":"post","2":"type-post","3":"status-publish","4":"format-standard","5":"has-post-thumbnail","7":"category-people","8":"tag-divertissement","9":"tag-entertainment","10":"tag-fr","11":"tag-france","12":"tag-juan-arbelaez","13":"tag-laury-thilleman","14":"tag-people","15":"tag-trend"},"share_on_mastodon":{"url":"https:\/\/pubeurope.com\/@fr\/115834733518442418","error":""},"_links":{"self":[{"href":"https:\/\/www.europesays.com\/fr\/wp-json\/wp\/v2\/posts\/639600","targetHints":{"allow":["GET"]}}],"collection":[{"href":"https:\/\/www.europesays.com\/fr\/wp-json\/wp\/v2\/posts"}],"about":[{"href":"https:\/\/www.europesays.com\/fr\/wp-json\/wp\/v2\/types\/post"}],"author":[{"embeddable":true,"href":"https:\/\/www.europesays.com\/fr\/wp-json\/wp\/v2\/users\/2"}],"replies":[{"embeddable":true,"href":"https:\/\/www.europesays.com\/fr\/wp-json\/wp\/v2\/comments?post=639600"}],"version-history":[{"count":0,"href":"https:\/\/www.europesays.com\/fr\/wp-json\/wp\/v2\/posts\/639600\/revisions"}],"wp:featuredmedia":[{"embeddable":true,"href":"https:\/\/www.europesays.com\/fr\/wp-json\/wp\/v2\/media\/639601"}],"wp:attachment":[{"href":"https:\/\/www.europesays.com\/fr\/wp-json\/wp\/v2\/media?parent=639600"}],"wp:term":[{"taxonomy":"category","embeddable":true,"href":"https:\/\/www.europesays.com\/fr\/wp-json\/wp\/v2\/categories?post=639600"},{"taxonomy":"post_tag","embeddable":true,"href":"https:\/\/www.europesays.com\/fr\/wp-json\/wp\/v2\/tags?post=639600"}],"curies":[{"name":"wp","href":"https:\/\/api.w.org\/{rel}","templated":true}]}}