{"id":639602,"date":"2026-01-04T03:35:15","date_gmt":"2026-01-04T03:35:15","guid":{"rendered":"https:\/\/www.europesays.com\/fr\/639602\/"},"modified":"2026-01-04T03:35:15","modified_gmt":"2026-01-04T03:35:15","slug":"pourquoi-les-photos-des-annees-2000-peuvent-etre-perdues-a-jamais-et-comment-preserver-celles-daujourdhui","status":"publish","type":"post","link":"https:\/\/www.europesays.com\/fr\/639602\/","title":{"rendered":"Pourquoi les photos des ann\u00e9es 2000 peuvent \u00eatre perdues \u00e0 jamais \u2014 et comment pr\u00e9server celles d&rsquo;aujourd&rsquo;hui"},"content":{"rendered":"<p><img fetchpriority=\"high\" decoding=\"async\" src=\"https:\/\/www.europesays.com\/fr\/wp-content\/uploads\/2026\/01\/baf1b5d0-db68-11f0-b1a4-5dc5d1c6f4ef.jpg.webp.webp\"   alt=\"Trois adolescents prennent des selfies avec un appareil photo num\u00e9rique Kodak EasyShare \u00e0 Times Square (\u00c9tats-Unis)\" loading=\"eager\" width=\"1024\" height=\"576\" style=\"aspect-ratio:1024 \/ 576\" class=\"css-1seqhu9\"\/><\/p>\n<p class=\"css-nyj3yn\" role=\"text\">Cr\u00e9dit photo, Getty Images<\/p>\n<p>L\u00e9gende image, Selon des estimations r\u00e9centes, on estime qu&rsquo;environ 5,3 milliards de photos num\u00e9riques sont prises chaque jour dans le monde.<strong id=\"article-byline\" aria-hidden=\"true\" class=\"css-2ozlq5\">Article Information<\/strong><\/p>\n<ul class=\"css-1dlgp3z\">\n<li class=\"css-1s1df59\">\n<ul role=\"list\" class=\"css-z50d25\">\n<li class=\"css-0\">Author, Julia Bensfield Luce<\/li>\n<li class=\"css-k1irjw\">Role,  BBC Future<\/li>\n<\/ul>\n<\/li>\n<li>\n<p>il y a 9 heures<\/p>\n<\/li>\n<li\/><\/ul>\n<p dir=\"ltr\" class=\"css-tmqcq9 e1yuyadm0\">Pour mon 40e anniversaire, j&rsquo;ai demand\u00e9 \u00e0 mes amis et \u00e0 ma famille un seul cadeau : des photos de moi au d\u00e9but de mes 20 ans. Ma propre collection d&rsquo;images de cette p\u00e9riode \u2014 environ entre 2005 et 2010 \u2014 est terriblement petite. <\/p>\n<p dir=\"ltr\" class=\"css-tmqcq9 e1yuyadm0\">Il y a un vide entre mes albums photo imprim\u00e9s de l&rsquo;\u00e9poque de l&rsquo;universit\u00e9 et mon dossier Dropbox (service de stockage en ligne) contenant des souvenirs de mes premi\u00e8res ann\u00e9es en tant que m\u00e8re. <\/p>\n<p dir=\"ltr\" class=\"css-tmqcq9 e1yuyadm0\">Tout ce que j&rsquo;ai r\u00e9ussi \u00e0 trouver de cette \u00e9poque, c&rsquo;est une poign\u00e9e de photos en basse r\u00e9solution o\u00f9 je me trouve dans un bar en train de faire quelque chose d&rsquo;\u00e9trange avec mes mains.<\/p>\n<p dir=\"ltr\" class=\"css-tmqcq9 e1yuyadm0\">Et le reste ? Il est rest\u00e9 en arri\u00e8re \u00e0 cause d&rsquo;un ordinateur en panne, de comptes e-mail et de r\u00e9seaux sociaux inactifs, et d&rsquo;une mer de petites cartes m\u00e9moire et de cl\u00e9s USB perdues dans le chaos de plusieurs d\u00e9m\u00e9nagements internationaux. <\/p>\n<p dir=\"ltr\" class=\"css-tmqcq9 e1yuyadm0\">C&rsquo;est comme si mes souvenirs n&rsquo;\u00e9taient qu&rsquo;un r\u00eave. J&rsquo;ai d\u00e9couvert que je n&rsquo;\u00e9tais pas la seule. <\/p>\n<p dir=\"ltr\" class=\"css-tmqcq9 e1yuyadm0\">Au d\u00e9but des ann\u00e9es 2000, le monde est pass\u00e9 par une transition soudaine et radicale de la photographie analogique au num\u00e9rique, mais il a fallu un certain temps pour trouver un stockage facile et fiable pour tous ces nouveaux fichiers.<\/p>\n<p dir=\"ltr\" class=\"css-tmqcq9 e1yuyadm0\">De nos jours, votre smartphone envoie des sauvegardes des photos vers le cloud d\u00e8s qu&rsquo;elles sont prises. <\/p>\n<p dir=\"ltr\" class=\"css-tmqcq9 e1yuyadm0\">De nombreuses images captur\u00e9es lors de la premi\u00e8re g\u00e9n\u00e9ration d&rsquo;appareils photo num\u00e9riques n&rsquo;ont pas eu la m\u00eame chance. <\/p>\n<p dir=\"ltr\" class=\"css-tmqcq9 e1yuyadm0\">Au fur et \u00e0 mesure que les gens changeaient d&rsquo;appareils et que les services num\u00e9riques apparaissaient et disparaissaient, des millions de photos ont \u00e9t\u00e9 perdues en cours de route.<\/p>\n<p dir=\"ltr\" class=\"css-tmqcq9 e1yuyadm0\">Il y a un trou noir dans l&rsquo;archive photographique qui traverse la soci\u00e9t\u00e9. <\/p>\n<p dir=\"ltr\" class=\"css-tmqcq9 e1yuyadm0\">Ceux qui avaient un appareil photo num\u00e9rique \u00e0 l&rsquo;\u00e9poque ont probablement perdu une grande partie des images lorsqu&rsquo;ils ont cess\u00e9 de l&rsquo;utiliser. <\/p>\n<p dir=\"ltr\" class=\"css-tmqcq9 e1yuyadm0\">M\u00eame aujourd&rsquo;hui, les fichiers num\u00e9riques sont beaucoup moins permanents qu&rsquo;ils n&rsquo;y paraissent. Mais, si vous prenez les bonnes mesures, il est encore possible de prot\u00e9ger vos photos actuelles de ce m\u00eame oubli.<\/p>\n<p><img decoding=\"async\" src=\"https:\/\/www.europesays.com\/fr\/wp-content\/uploads\/2026\/01\/0ac59dd0-db5d-11f0-a8dc-93c15fe68710.jpg.webp.webp\"   alt=\"Une paire de cartes SD et une cl\u00e9 USB bleue sur le clavier d'un ordinateur portable\" loading=\"lazy\" width=\"2121\" height=\"1414\" style=\"aspect-ratio:2121 \/ 1414\" class=\"css-1seqhu9\"\/><\/p>\n<p class=\"css-nyj3yn\" role=\"text\">Cr\u00e9dit photo, Getty Images<\/p>\n<p>L\u00e9gende image, Cartes SD, cl\u00e9s USB et disques durs externes \u00e9taient les modes de stockage pr\u00e9f\u00e9r\u00e9s dans les ann\u00e9es 2000<\/p>\n<p dir=\"ltr\" class=\"css-tmqcq9 e1yuyadm0\">Cette ann\u00e9e, on c\u00e9l\u00e8bre le 50\u00e8me anniversaire de la photographie num\u00e9rique. Le premier appareil photo num\u00e9rique \u00e9tait un \u00e9quipement volumineux et peu pratique, qui ressemblait plus \u00e0 un \u00ab\u00a0grille-pain avec un objectif\u00a0\u00bb, comme l&rsquo;a expliqu\u00e9 son inventeur, Steve Sasson, \u00e0 la BBC. <\/p>\n<p dir=\"ltr\" class=\"css-tmqcq9 e1yuyadm0\">Des d\u00e9cennies ont pass\u00e9 avant que les appareils photo num\u00e9riques ne deviennent un produit de consommation viable, mais au d\u00e9but des ann\u00e9es 2000, presque tous mes connaissances en poss\u00e9daient un.<\/p>\n<p dir=\"ltr\" class=\"css-tmqcq9 e1yuyadm0\">Nous avons pris des milliers de photos et les avons partag\u00e9es dans des albums en ligne avec des noms comme \u00ab\u00a0Mardi soir !\u00a0\u00bb ou \u00ab\u00a0Voyage \u00e0 New York \u2013 partie 3\u00a0\u00bb. <\/p>\n<p dir=\"ltr\" class=\"css-tmqcq9 e1yuyadm0\">Mais quelqu&rsquo;un dans mon entourage aurait-il ces images 20 ans plus tard\u202f? Quand j&rsquo;ai demand\u00e9, j&rsquo;ai d\u00e9couvert que tr\u00e8s peu les avaient conserv\u00e9es. Tous \u00e9taient confront\u00e9s aux m\u00eames probl\u00e8mes que moi. <\/p>\n<p dir=\"ltr\" class=\"css-tmqcq9 e1yuyadm0\">Comment pouvait-il y avoir si peu de mat\u00e9riel d&rsquo;une p\u00e9riode aussi riche en photos\u202f?<\/p>\n<p dir=\"ltr\" class=\"css-tmqcq9 e1yuyadm0\">En observant notre relation avec les photographies, l&rsquo;intervalle entre 2005 et 2010 se r\u00e9v\u00e8le comme un microcosme de l&rsquo;\u00e8re de l&rsquo;information. <\/p>\n<p dir=\"ltr\" class=\"css-tmqcq9 e1yuyadm0\">C&rsquo;est une vie enti\u00e8re d&rsquo;innovations, de ruptures et d&rsquo;acc\u00e8s condens\u00e9 en seulement cinq ans de la chronologie de l&rsquo;histoire humaine.<\/p>\n<p>La r\u00e9volution num\u00e9rique<\/p>\n<p dir=\"ltr\" class=\"css-tmqcq9 e1yuyadm0\">L&rsquo;ann\u00e9e 2005 a \u00e9t\u00e9 un bon moment pour ceux qui utilisaient des appareils photo num\u00e9riques. Cette ann\u00e9e-l\u00e0, l&rsquo;avanc\u00e9e de la technologie num\u00e9rique a fait chuter les ventes d&rsquo;appareils photo analogiques, selon les donn\u00e9es de l&rsquo;Association des produits de cam\u00e9ras et d&rsquo;images (Cipa, en anglais).<\/p>\n<p dir=\"ltr\" class=\"css-tmqcq9 e1yuyadm0\">La concurrence intense a fait baisser le prix des appareils photo num\u00e9riques compacts de base au point de les rendre achats impulsifs. La qualit\u00e9 des \u00e9quipements s&rsquo;est \u00e9galement rapidement am\u00e9lior\u00e9e, donnant \u00e0 certains consommateurs une excuse pour mettre \u00e0 jour leurs appareils photo compacts une ou m\u00eame deux fois par an.<\/p>\n<p dir=\"ltr\" class=\"css-tmqcq9 e1yuyadm0\">Pensez-y : pendant un si\u00e8cle, la photographie personnelle \u00e9tait un processus lent et d\u00e9lib\u00e9r\u00e9. Prendre des photos co\u00fbtait de l&rsquo;argent. Chaque rouleau de film permettait de prendre un nombre limit\u00e9 de photos. Et si vous vouliez voir vos photos, il fallait passer du temps \u00e0 d\u00e9velopper le film ou payer un laboratoire pour le faire, puis recommencer tout le processus si vous vouliez des tirages.<\/p>\n<p><img decoding=\"async\" src=\"https:\/\/www.europesays.com\/fr\/wp-content\/uploads\/2026\/01\/681a8140-db66-11f0-b1a4-5dc5d1c6f4ef.jpg.webp.webp\"   alt=\"Un vendeur tient un appareil photo num\u00e9rique Kodak dans un grand magasin \u00e0 P\u00e9kin\" loading=\"lazy\" width=\"1024\" height=\"576\" style=\"aspect-ratio:1024 \/ 576\" class=\"css-1seqhu9\"\/><\/p>\n<p class=\"css-nyj3yn\" role=\"text\">Cr\u00e9dit photo, Getty Images<\/p>\n<p>L\u00e9gende image, Kodak a lanc\u00e9 de nombreux mod\u00e8les d&rsquo;appareils photo num\u00e9riques dans les ann\u00e9es 1990 et 2000<\/p>\n<p dir=\"ltr\" class=\"css-tmqcq9 e1yuyadm0\">Cependant, \u00e0 partir de 2005, toutes ces barri\u00e8res se sont effondr\u00e9es en un clin d&rsquo;\u0153il. Bient\u00f4t, les consommateurs produisaient des millions de photos num\u00e9riques par an. Mais ce qui semblait \u00eatre une \u00e9poque d&rsquo;abondance photographique \u00e9tait, en pratique, un moment de vuln\u00e9rabilit\u00e9 extr\u00eame.<\/p>\n<p dir=\"ltr\" class=\"css-tmqcq9 e1yuyadm0\">\u00ab [Les consommateurs] n&rsquo;avaient pas conscience de ce qu&rsquo;ils ignoraient \u00bb, affirme Cheryl DiFrank, fondatrice de My Memory File, une entreprise qui aide les clients \u00e0 organiser leurs biblioth\u00e8ques de photos num\u00e9riques. \u00ab La plupart d&rsquo;entre nous ne prennent pas le temps de v\u00e9ritablement comprendre les nouvelles technologies. Nous d\u00e9couvrons simplement comment les utiliser pour r\u00e9pondre \u00e0 nos besoins imm\u00e9diats&#8230; et nous r\u00e9glons le reste plus tard. \u00bb<\/p>\n<p dir=\"ltr\" class=\"css-tmqcq9 e1yuyadm0\">Selon DiFrank, \u00e0 l&rsquo;\u00e9poque, les gens n&rsquo;\u00e9taient pas conscients qu&rsquo;ils ne pourraient pas \u00ab r\u00e9soudre le reste plus tard \u00bb. La m\u00e9moire du consommateur moyen \u00e9tait dispers\u00e9e de mani\u00e8re pr\u00e9caire \u00e0 travers un large \u00e9ventail de technologies portables de premi\u00e8re g\u00e9n\u00e9ration, vuln\u00e9rables aux pertes, aux vols, aux virus et \u00e0 l&rsquo;obsolescence : appareils photo, cartes SD, disques durs, cl\u00e9s USB, cam\u00e9ras Flip, CD et un enchev\u00eatrement de c\u00e2bles USB qui fonctionnaient avec certains appareils, mais pas avec d&rsquo;autres.<\/p>\n<p><img decoding=\"async\" src=\"https:\/\/www.europesays.com\/fr\/wp-content\/uploads\/2026\/01\/1d90b8a0-db6c-11f0-8aaa-9332bc9d3aad.jpg.webp.webp\"   alt=\"Une personne avec les ongles peints en blanc regarde des photos imprim\u00e9es sur une table\" loading=\"lazy\" width=\"2121\" height=\"1193\" style=\"aspect-ratio:2121 \/ 1193\" class=\"css-1seqhu9\"\/><\/p>\n<p class=\"css-nyj3yn\" role=\"text\">Cr\u00e9dit photo, Getty Images<\/p>\n<p>L\u00e9gende image, La grande majorit\u00e9 des photos de nos jours sont prises avec des t\u00e9l\u00e9phones portables<\/p>\n<p dir=\"ltr\" class=\"css-tmqcq9 e1yuyadm0\">En m\u00eame temps, les ordinateurs portables ont commenc\u00e9 \u00e0 d\u00e9passer les ordinateurs de bureau pour la premi\u00e8re fois dans l&rsquo;histoire. Les gens ont commenc\u00e9 \u00e0 stocker et \u00e0 visualiser des photos uniquement sur ces appareils, qui \u00e9taient malheureusement aussi plus faciles \u00e0 casser ou \u00e0 perdre. <\/p>\n<p dir=\"ltr\" class=\"css-tmqcq9 e1yuyadm0\">Les ventes d&rsquo;appareils photo num\u00e9riques ont explos\u00e9 en 2005, ont atteint un pic en 2010, puis ont chut\u00e9, selon l&rsquo;Association des produits d&rsquo;appareils photo et d&rsquo;images. L&rsquo;iPhone d&rsquo;Apple a \u00e9t\u00e9 lanc\u00e9 en 2007, et les t\u00e9l\u00e9phones portables ont rapidement r\u00e9volutionn\u00e9 l&rsquo;explosion alors naissante de la photographie num\u00e9rique. Les consommateurs ont rapidement adopt\u00e9 la nouvelle tendance photographique, souvent sans prendre le temps de prot\u00e9ger les photos qu&rsquo;ils avaient d\u00e9j\u00e0 prises.<\/p>\n<p>Le &lsquo;trou noir&rsquo;<\/p>\n<p dir=\"ltr\" class=\"css-tmqcq9 e1yuyadm0\">La douleur de perdre des photos est quelque chose de personnel pour Cathi Nelson. En 2009, son ordinateur et son disque dur externe de sauvegarde ont \u00e9t\u00e9 vol\u00e9s de sa maison. Comme \u00e0 l&rsquo;\u00e9poque il n&rsquo;existait pas encore de services de stockage en nuage accessibles, elle a perdu \u00e0 jamais une grande partie des souvenirs de sa famille. Ironiquement, Nelson gagne d\u00e9sormais sa vie en aidant d&rsquo;autres personnes \u00e0 r\u00e9cup\u00e9rer leurs photos perdues.<\/p>\n<p dir=\"ltr\" class=\"css-tmqcq9 e1yuyadm0\">La m\u00eame ann\u00e9e, Nelson a fond\u00e9 l&rsquo;organisation The Photo Manager, qui rassemble des professionnels sp\u00e9cialis\u00e9s dans l&rsquo;organisation d&rsquo;archives de photos num\u00e9riques. \u00c0 l&rsquo;\u00e9poque, les collections de photos \u00e9taient d\u00e9j\u00e0 tellement d\u00e9sorganis\u00e9es qu&rsquo;il y avait une \u00e9norme demande d&rsquo;aide professionnelle, dit-elle. \u00ab Les gens sont submerg\u00e9s par les options, par la technologie et par la quantit\u00e9 de donn\u00e9es \u00bb, a \u00e9crit Nelson dans un rapport technique sur le probl\u00e8me.<\/p>\n<p dir=\"ltr\" class=\"css-tmqcq9 e1yuyadm0\">Les membres de Photo Manager aident constamment leurs clients \u00e0 faire face au \u00ab trou noir \u00bb num\u00e9rique de 2005-2010. \u00ab Je le vois encore et encore, toute cette affaire du &lsquo;trou noir&rsquo; num\u00e9rique \u00bb, raconte Caroline Gunter, membre du groupe. \u00ab Il y a eu une p\u00e9riode, du d\u00e9but des ann\u00e9es 2000 jusqu&rsquo;en 2013, o\u00f9 il \u00e9tait tr\u00e8s difficile pour les gens de s&rsquo;organiser et beaucoup de photos ont \u00e9t\u00e9 perdues. \u00bb<\/p>\n<p dir=\"ltr\" class=\"css-tmqcq9 e1yuyadm0\">Nelson, Gunter et d&rsquo;autres membres de l&rsquo;organisation expliquent qu&rsquo;ils r\u00e9cup\u00e8rent des images pixellis\u00e9es de b\u00e9b\u00e9s prises avec des t\u00e9l\u00e9phones Nokia \u00e0 clavier physique, restaurent des photos stock\u00e9es sur des CD et g\u00e8rent le service client de sites d&rsquo;albums en ligne, comme Snapfish ou Shutterfly.<\/p>\n<p dir=\"ltr\" class=\"css-tmqcq9 e1yuyadm0\">\u00ab Nos membres disent toujours que c&rsquo;est le seul travail o\u00f9 les gens pleurent quand ils r\u00e9cup\u00e8rent tout \u00bb, affirme Nelson.<\/p>\n<p><img decoding=\"async\" src=\"https:\/\/www.europesays.com\/fr\/wp-content\/uploads\/2026\/01\/022c9e60-db5f-11f0-ad70-7bd255142cfd.jpg.webp.webp\"   alt=\"Un appareil photo Kodak Instamatic 100, vers 1965, au format 126, isol\u00e9 sur fond blanc&#10;\" loading=\"lazy\" width=\"1024\" height=\"576\" style=\"aspect-ratio:1024 \/ 576\" class=\"css-1seqhu9\"\/><\/p>\n<p class=\"css-nyj3yn\" role=\"text\">Cr\u00e9dit photo, Getty Images<\/p>\n<p>L\u00e9gende image, En 1975, un jeune ing\u00e9nieur de l&rsquo;entreprise qui fabriquait les films Kodak a pris la premi\u00e8re photographie avec un appareil photo num\u00e9rique portable<\/p>\n<p dir=\"ltr\" class=\"css-tmqcq9 e1yuyadm0\">En m\u00eame temps, un autre changement radical s&rsquo;est produit : l&rsquo;\u00e9change libre de photos en ligne. <\/p>\n<p dir=\"ltr\" class=\"css-tmqcq9 e1yuyadm0\">Non seulement nous avions la capacit\u00e9 de g\u00e9n\u00e9rer des millions de photos, mais nous pouvions aussi les partager avec toute l&rsquo;humanit\u00e9, d&rsquo;une mani\u00e8re qui semblait beaucoup plus permanente qu&rsquo;elle ne l&rsquo;\u00e9tait r\u00e9ellement. <\/p>\n<p dir=\"ltr\" class=\"css-tmqcq9 e1yuyadm0\">En 2006, la plateforme de r\u00e9seaux sociaux MySpace \u00e9tait le site le plus populaire aux \u00c9tats-Unis et, pour beaucoup, elle est devenue le service pr\u00e9f\u00e9r\u00e9 pour partager et stocker des photos. Cependant, son r\u00e8gne n&rsquo;a pas dur\u00e9 longtemps.<\/p>\n<p dir=\"ltr\" class=\"css-tmqcq9 e1yuyadm0\">Facebook a \u00e9t\u00e9 lanc\u00e9 en 2004 et, en 2012, il comptait d\u00e9j\u00e0 plus d&rsquo;un milliard d&rsquo;utilisateurs. MySpace est rapidement tomb\u00e9 dans l&rsquo;oubli, laissant derri\u00e8re lui d&rsquo;innombrables photos et autres souvenirs num\u00e9riques. <\/p>\n<p dir=\"ltr\" class=\"css-tmqcq9 e1yuyadm0\">En 2019, MySpace a annonc\u00e9 que 12 ans de donn\u00e9es avaient \u00e9t\u00e9 effac\u00e9s \u00e0 cause d&rsquo;une panne accidentelle du serveur. L&rsquo;entreprise a d\u00e9clar\u00e9 que \u00ab toutes les photos, vid\u00e9os et fichiers audio \u00bb publi\u00e9s avant 2016 avaient \u00e9t\u00e9 perdus pour toujours \u2014 toute une g\u00e9n\u00e9ration d&rsquo;images perdue dans le temps.<\/p>\n<p dir=\"ltr\" class=\"css-tmqcq9 e1yuyadm0\">Cependant, MySpace n&rsquo;\u00e9tait pas le seul centre de stockage de photos. <\/p>\n<p dir=\"ltr\" class=\"css-tmqcq9 e1yuyadm0\">Des entreprises comme Kodak, Shutterfly, Snapfish, le r\u00e9seau de pharmacies Walgreens et de nombreuses autres soci\u00e9t\u00e9s ont \u00e9galement investi dans des services de photos en ligne. <\/p>\n<p dir=\"ltr\" class=\"css-tmqcq9 e1yuyadm0\">Les clients recevaient des galeries de photos en ligne gratuites, et les entreprises pouvaient g\u00e9n\u00e9rer des revenus gr\u00e2ce aux impressions et aux cadeaux. <\/p>\n<p dir=\"ltr\" class=\"css-tmqcq9 e1yuyadm0\">Initialement, le mod\u00e8le a connu un succ\u00e8s retentissant. Shutterfly, par exemple, est entr\u00e9e en bourse en 2006 avec une offre publique initiale tr\u00e8s m\u00e9diatis\u00e9e, qui a permis de lever 87 millions de dollars (environ 430 millions de reais).<\/p>\n<p>Perdu pour toujours<\/p>\n<p dir=\"ltr\" class=\"css-tmqcq9 e1yuyadm0\">Le reste de ce qui s&rsquo;est pass\u00e9 appartient aux livres d&rsquo;histoire et aux \u00e9tudes de cas des \u00e9coles de commerce. Kodak, par exemple, a d\u00e9pos\u00e9 le bilan \u2014 bien que l&rsquo;entreprise ait ressuscit\u00e9 quelques ann\u00e9es plus tard.<\/p>\n<p dir=\"ltr\" class=\"css-tmqcq9 e1yuyadm0\">Shutterfly a acquis toutes les photos de la Galerie Kodak EasyShare, mais mon exp\u00e9rience personnelle montre que ce n&rsquo;\u00e9tait pas une bonne nouvelle pour mes images. Pour transf\u00e9rer les photos de Kodak EasyShare vers Shutterfly, il fallait lier les deux comptes \u2014 une t\u00e2che que je n&rsquo;ai jamais accomplie, malgr\u00e9 les nombreux e-mails envoy\u00e9s par Shutterfly m&rsquo;encourageant \u00e0 le faire.<\/p>\n<p dir=\"ltr\" class=\"css-tmqcq9 e1yuyadm0\">Les e-mails marketing de l&rsquo;entreprise promettaient aux clients que les photos ne seraient jamais supprim\u00e9es. Cependant, quelque temps plus tard, en acc\u00e9dant \u00e0 mon compte, j&rsquo;ai d\u00e9couvert que les images \u00e9taient archiv\u00e9es et inaccessibles.<\/p>\n<p dir=\"ltr\" class=\"css-tmqcq9 e1yuyadm0\">Un porte-parole de Shutterfly a d\u00e9clar\u00e9 que mon histoire \u00e9tait connue et que l&rsquo;entreprise avait fait tout son possible pour aider les clients dans la transition vers Kodak. Cependant, malheureusement, certaines photos sont devenues irr\u00e9cup\u00e9rables avec le temps.<\/p>\n<p dir=\"ltr\" class=\"css-tmqcq9 e1yuyadm0\">Shutterfly conserve encore une partie de ces images, mais l&rsquo;entreprise ne les rend pas accessibles. Selon un porte-parole, il n&rsquo;est pas possible d&rsquo;acc\u00e9der, de t\u00e9l\u00e9charger ou de partager les photos stock\u00e9es sur Shutterfly \u00e0 moins de faire un achat tous les 18 mois. Je peux utiliser ces photos pour cr\u00e9er un produit comme un calendrier photo, que Shutterfly vend volontiers, mais je ne peux pas acc\u00e9der \u00e0 mes fichiers \u00e0 moins de faire des achats r\u00e9guliers. C&rsquo;est presque comme si mes souvenirs avaient \u00e9t\u00e9 kidnapp\u00e9s.<\/p>\n<p dir=\"ltr\" class=\"css-tmqcq9 e1yuyadm0\">\u00ab Ce que les gens ne comprennent pas, c&rsquo;est que l&rsquo;un des plus grands co\u00fbts des entreprises en ligne est le stockage \u00bb, affirme Karen North, professeure \u00e0 l&rsquo;\u00c9cole de communication Annenberg de l&rsquo;Universit\u00e9 de Californie du Sud (\u00c9tats-Unis). \u00ab Il y avait tellement d&rsquo;enthousiasme pour les nouvelles technologies qu&rsquo;on n&rsquo;a pas pr\u00eat\u00e9 de r\u00e9elle attention \u2014 encore moins une attention publique \u2014 \u00e0 la n\u00e9cessit\u00e9 d&rsquo;un mod\u00e8le \u00e9conomique durable. \u00bb<\/p>\n<p><img decoding=\"async\" src=\"https:\/\/www.europesays.com\/fr\/wp-content\/uploads\/2026\/01\/398b0b50-db6c-11f0-8aaa-9332bc9d3aad.jpg.webp.webp\"   alt=\"Photos \u00e0 c\u00f4t\u00e9 d'une tasse de caf\u00e9 vide\" loading=\"lazy\" width=\"2119\" height=\"1192\" style=\"aspect-ratio:2119 \/ 1192\" class=\"css-1seqhu9\"\/><\/p>\n<p class=\"css-nyj3yn\" role=\"text\">Cr\u00e9dit photo, Getty Images<\/p>\n<p>L\u00e9gende image, La grande majorit\u00e9 de ces photos \u2014 plus de 90 % \u2014 est prise avec des t\u00e9l\u00e9phones portables<\/p>\n<p dir=\"ltr\" class=\"css-tmqcq9 e1yuyadm0\">Dans les ann\u00e9es 2000, le co\u00fbt du stockage num\u00e9rique \u00e9tait consid\u00e9rablement plus \u00e9lev\u00e9 qu&rsquo;aujourd&rsquo;hui. Le stockage en cloud externe pour les entreprises commen\u00e7ait tout juste \u00e0 appara\u00eetre \u00e0 cette \u00e9poque, et de nombreuses entreprises devaient construire et entretenir leurs propres serveurs, ce qui repr\u00e9sentait une d\u00e9pense \u00e9norme.<\/p>\n<p dir=\"ltr\" class=\"css-tmqcq9 e1yuyadm0\">Les consommateurs produisaient des millions de photos num\u00e9riques, mais \u00e0 long terme, les entreprises en ligne ne pouvaient pas supporter les co\u00fbts de stockage, affirme North.<\/p>\n<p dir=\"ltr\" class=\"css-tmqcq9 e1yuyadm0\">\u00ab Au d\u00e9but des ann\u00e9es 2000, l&rsquo;id\u00e9e \u00e9tait que tout ce qui \u00e9tait mis en ligne devait \u00eatre gratuit \u00bb, dit North. \u00ab Nous vivions tous nos &lsquo;secondes vies&rsquo; gratuitement. Gmail \u00e9tait gratuit. Aujourd&rsquo;hui, en y regardant de plus pr\u00e8s, il est \u00e9vident qu&rsquo;un petit abonnement chez Kodak ou sur l&rsquo;un de ces sites aurait pu prot\u00e9ger nos souvenirs.<\/p>\n<p dir=\"ltr\" class=\"css-tmqcq9 e1yuyadm0\">Ce qui s&rsquo;est pass\u00e9, en revanche, c&rsquo;est que les consommateurs ont commenc\u00e9 \u00e0 payer un prix diff\u00e9rent : toutes ces photos t\u00e9l\u00e9charg\u00e9es et partag\u00e9es rapidement (mais non imprim\u00e9es ni stock\u00e9es sur un disque dur externe) entre 2005 et 2010 ont \u00e9t\u00e9 s\u00e9rieusement compromises.<\/p>\n<p dir=\"ltr\" class=\"css-tmqcq9 e1yuyadm0\">\u00ab\u00a0Nous sommes \u00e9merveill\u00e9s par tout ce qui est gratuit\u00a0\u00bb, d\u00e9clare Sucharita Kodali, analyste du march\u00e9 de d\u00e9tail chez Forrester Research. \u00ab\u00a0Personne ne se demande : &lsquo;Que se passera-t-il dans cinq ou dix ans ?&rsquo; Nous avons compl\u00e8tement perdu notre capacit\u00e9 de pens\u00e9e critique parce que nous avons \u00e9t\u00e9 \u00e9blouis par Internet gratuit.\u00a0\u00bb<\/p>\n<p dir=\"ltr\" class=\"css-tmqcq9 e1yuyadm0\">Les solutions actuelles de stockage de photos peuvent sembler plus permanentes, mais selon des experts comme Nelson, les risques restent les m\u00eames. <\/p>\n<p dir=\"ltr\" class=\"css-tmqcq9 e1yuyadm0\">\u00ab\u00a0Psychologiquement, les gens ne comprenaient pas la diff\u00e9rence entre les donn\u00e9es num\u00e9riques et une photographie physique\u00a0\u00bb, explique Nelson. \u00ab\u00a0Nous pensons voir une v\u00e9ritable photo. Mais ce n&rsquo;est pas le cas. Nous voyons juste un tas de chiffres.\u00a0\u00bb Vous pouvez tenir une photo dans votre main, mais les donn\u00e9es ne sont qu&rsquo;\u00e0 un clic de dispara\u00eetre.<\/p>\n<p dir=\"ltr\" class=\"css-tmqcq9 e1yuyadm0\">\u00ab\u00a0Tout se r\u00e9sume \u00e0 la redondance\u00a0\u00bb, affirme Nelson. \u00ab\u00a0Nous courons un risque bien plus grand aujourd&rsquo;hui que lorsque les photos \u00e9taient simplement imprim\u00e9es.\u00a0\u00bb Si les consommateurs d\u00e9pendent trop du cloud, le sort de leurs photos sera entre les mains d&rsquo;une entreprise qui pourrait faire faillite ou d\u00e9cider de les supprimer compl\u00e8tement.<\/p>\n<p dir=\"ltr\" class=\"css-tmqcq9 e1yuyadm0\">\u00ab\u00a0Ou regardez mon exemple du vol d&rsquo;un disque dur externe, que je consid\u00e9rais comme la sauvegarde id\u00e9ale\u00a0\u00bb, ajoute Nelson. \u00ab\u00a0C&rsquo;est pour cela que la redondance est essentielle.\u00a0\u00bb<\/p>\n<p dir=\"ltr\" class=\"css-tmqcq9 e1yuyadm0\">Les experts en gestion d&rsquo;images suivent souvent la soi-disant r\u00e8gle du 3-2-1 pour le stockage des photos. La logique consiste \u00e0 toujours conserver trois copies de chaque image : deux stock\u00e9es sur des supports diff\u00e9rents (comme le cloud et un disque dur externe) et une troisi\u00e8me copie conserv\u00e9e dans un endroit physique s\u00e9par\u00e9, comme un disque dur laiss\u00e9 chez un membre de la famille. C&rsquo;est la meilleure protection contre les pannes technologiques et les catastrophes naturelles.<\/p>\n<p><img decoding=\"async\" src=\"https:\/\/www.europesays.com\/fr\/wp-content\/uploads\/2026\/01\/7d8db2a0-db6a-11f0-a689-af55ae46f6d8.jpg.webp.webp\"   alt=\"Un technicien effectue une v\u00e9rification sur un kiosque de tirage photo Kodak\" loading=\"lazy\" width=\"1024\" height=\"576\" style=\"aspect-ratio:1024 \/ 576\" class=\"css-1seqhu9\"\/><\/p>\n<p class=\"css-nyj3yn\" role=\"text\">Cr\u00e9dit photo, Getty Images<\/p>\n<p>L\u00e9gende image, Imprimer des photos co\u00fbte tr\u00e8s peu cher de nos jours<\/p>\n<p dir=\"ltr\" class=\"css-tmqcq9 e1yuyadm0\">J&rsquo;ai appris cette le\u00e7on de la pire des mani\u00e8res. Aujourd&rsquo;hui, je sauvegarde toutes les photos que je re\u00e7ois par SMS ou par e-mail sur mon appareil, qui fait une sauvegarde automatique sur Google Photos. Une fois par mois, je fais une sauvegarde de Google Photos sur mon disque dur externe.<\/p>\n<p dir=\"ltr\" class=\"css-tmqcq9 e1yuyadm0\">Il est \u00e9galement judicieux d&rsquo;\u00e9diter vos photos quotidiennement. Sentir que vous avez un nombre g\u00e9rable de photos signifie que vous avez plus de chances de les contr\u00f4ler. \u00ab Le volume [de photos] est actuellement fou \u00bb, dit Gunter. \u00ab La s\u00e9lection des photos est ce qui pose probl\u00e8me aux gens, parce qu&rsquo;ils n&rsquo;ont pas de temps. Ils continuent tout simplement d&rsquo;accumuler du d\u00e9sordre. \u00bb<\/p>\n<p dir=\"ltr\" class=\"css-tmqcq9 e1yuyadm0\">\u00c0 mon 40e anniversaire, j&rsquo;ai re\u00e7u quelques tr\u00e9sors que je n&rsquo;avais jamais vus auparavant. Il y avait une photo de moi avec les cheveux incroyablement courts ; le futon bizarre que nous n&rsquo;avons pas r\u00e9ussi \u00e0 vendre et que nous avons fini par laisser sur le trottoir ; les carreaux d&rsquo;une salle de bain qui n&rsquo;existe plus ; d&rsquo;\u00e9normes sacs inutiles.<\/p>\n<p dir=\"ltr\" class=\"css-tmqcq9 e1yuyadm0\">J&rsquo;ai m\u00eame trouv\u00e9 une vid\u00e9o granuleuse de mon chien, film\u00e9e avec un vieux t\u00e9l\u00e9phone, dans laquelle une amie dit \u00eatre amoureuse de \u00ab n&rsquo;importe quel gars \u00bb \u2014 le m\u00eame gars qu&rsquo;elle a \u00e9pous\u00e9 15 ans plus tard.<\/p>\n<p dir=\"ltr\" class=\"css-tmqcq9 e1yuyadm0\">Il y a quelque chose que nous savons aujourd&rsquo;hui et que nous ne savions pas \u00e0 l&rsquo;\u00e9poque : les r\u00e9seaux sociaux, ou tout service en ligne, peuvent ne pas \u00eatre des gardiens fiables de nos photographies. C&rsquo;est \u00e0 nous de prendre la responsabilit\u00e9 r\u00e9elle de nos souvenirs et de r\u00e9duire les risques associ\u00e9s.<\/p>\n","protected":false},"excerpt":{"rendered":"Cr\u00e9dit photo, Getty Images L\u00e9gende image, Selon des estimations r\u00e9centes, on estime qu&rsquo;environ 5,3 milliards de photos num\u00e9riques&hellip;\n","protected":false},"author":2,"featured_media":639603,"comment_status":"","ping_status":"","sticky":false,"template":"","format":"standard","meta":{"footnotes":""},"categories":[1358],"tags":[1348,1384,1385,1386,58,59,1011,27],"class_list":{"0":"post-639602","1":"post","2":"type-post","3":"status-publish","4":"format-standard","5":"has-post-thumbnail","7":"category-arts-et-design","8":"tag-arts","9":"tag-arts-and-design","10":"tag-arts-et-design","11":"tag-design","12":"tag-divertissement","13":"tag-entertainment","14":"tag-fr","15":"tag-france"},"share_on_mastodon":{"url":"https:\/\/pubeurope.com\/@fr\/115834737643300479","error":""},"_links":{"self":[{"href":"https:\/\/www.europesays.com\/fr\/wp-json\/wp\/v2\/posts\/639602","targetHints":{"allow":["GET"]}}],"collection":[{"href":"https:\/\/www.europesays.com\/fr\/wp-json\/wp\/v2\/posts"}],"about":[{"href":"https:\/\/www.europesays.com\/fr\/wp-json\/wp\/v2\/types\/post"}],"author":[{"embeddable":true,"href":"https:\/\/www.europesays.com\/fr\/wp-json\/wp\/v2\/users\/2"}],"replies":[{"embeddable":true,"href":"https:\/\/www.europesays.com\/fr\/wp-json\/wp\/v2\/comments?post=639602"}],"version-history":[{"count":0,"href":"https:\/\/www.europesays.com\/fr\/wp-json\/wp\/v2\/posts\/639602\/revisions"}],"wp:featuredmedia":[{"embeddable":true,"href":"https:\/\/www.europesays.com\/fr\/wp-json\/wp\/v2\/media\/639603"}],"wp:attachment":[{"href":"https:\/\/www.europesays.com\/fr\/wp-json\/wp\/v2\/media?parent=639602"}],"wp:term":[{"taxonomy":"category","embeddable":true,"href":"https:\/\/www.europesays.com\/fr\/wp-json\/wp\/v2\/categories?post=639602"},{"taxonomy":"post_tag","embeddable":true,"href":"https:\/\/www.europesays.com\/fr\/wp-json\/wp\/v2\/tags?post=639602"}],"curies":[{"name":"wp","href":"https:\/\/api.w.org\/{rel}","templated":true}]}}