{"id":639604,"date":"2026-01-04T03:37:11","date_gmt":"2026-01-04T03:37:11","guid":{"rendered":"https:\/\/www.europesays.com\/fr\/639604\/"},"modified":"2026-01-04T03:37:11","modified_gmt":"2026-01-04T03:37:11","slug":"un-message-important-une-des-meilleures-de-toutes-les-saisons","status":"publish","type":"post","link":"https:\/\/www.europesays.com\/fr\/639604\/","title":{"rendered":"\u00ab\u00a0Un message important\u00a0\u00bb, \u00ab\u00a0Une des meilleures de toutes les saisons\u00a0\u00bb"},"content":{"rendered":"<p>Samedi soir, sur le plateau du studio 217, <a href=\"https:\/\/www.20minutes.fr\/dossier\/nikos_aliagas\" class=\"c-link c-link--is-underlined\" target=\"_blank\" rel=\"noopener\">Nikos Aliagas<\/a> pr\u00e9sentait le 200e prime de la Star Academy. Lors d\u2019une soir\u00e9e riche en \u00e9motions, avec le d\u00e9part de Th\u00e9o P., la prestation d\u2019Ambre, sur le titre La Corrida de Francis Cabrel, a particuli\u00e8rement marqu\u00e9 les esprits. Sur la Toile, les internautes ont tenu \u00e0 lui tirer leur chapeau.<\/p>\n<p>Une carte blanche rouge sang remarqu\u00e9e<\/p>\n<p>Plong\u00e9e dans un d\u00e9cor rouge, Ambre est apparue, charismatique, en costume noir, pour d\u00e9fendre le texte engag\u00e9 contre la <a href=\"https:\/\/www.20minutes.fr\/dossier\/tauromachie\" class=\"c-link c-link--is-underlined\" target=\"_blank\" rel=\"noopener\">tauromachie<\/a>. La premi\u00e8re prestation en solo de la soir\u00e9e a r\u00e9colt\u00e9 une standing ovation m\u00e9rit\u00e9e des anciens \u00e9l\u00e8ves et du public.<\/p>\n<p class=\"mb-m@xs text-l@xs\">En cliquant sur\u00ab J\u2019accepte \u00bb, vous acceptez le d\u00e9p\u00f4t de cookies par des services externes et aurez ainsi acc\u00e8s aux contenus de nos partenaires.<\/p>\n<p class=\"mb-xl@xs text-s@xs\">Plus d\u2019informations sur la page<a href=\"https:\/\/www.20minutes.fr\/gestion-cookies\" class=\"mx-xxs@xs color-ultramarine\" target=\"_blank\" rel=\"noopener\">Politique de gestion des cookies<\/a><\/p>\n<p>J\u2019accepteLes anciens debouts sur l&rsquo;immense prestation d&rsquo;ambre sur Corrida #Staracademy #Staracademylelive #Staracademy2025 pic.twitter.com\/0gwVGZu9TC\u2014 elo | Amberz \ud83d\udc06 (@elopunchline) January 3, 2026<\/p>\n<p>Malgr\u00e9 son jeune \u00e2ge (18 ans), la Parisienne s\u2019est montr\u00e9e tr\u00e8s investie pour cette cause. Jeremstar a m\u00eame tenu \u00e0 <a href=\"https:\/\/x.com\/chanellex___\/status\/2007524810767876377\" target=\"_blank\" class=\"c-link c-link--is-underlined\">remercier la candidate pour son combat<\/a>, sur X, voyant m\u00eame en elle \u00ab\u00a0une des meilleures de toutes les saisons\u00a0\u00bb de la <a href=\"https:\/\/www.20minutes.fr\/dossier\/star_academy\" class=\"c-link c-link--is-underlined\" target=\"_blank\" rel=\"noopener\">Star Academy<\/a>. Il a notamment rappel\u00e9 que les \u00e9missions pouvaient parfois se montrer r\u00e9ticentes face \u00e0 ce type de messages mais que l\u2019\u00e9l\u00e8ve avait tout de m\u00eame r\u00e9ussi \u00e0 imposer son choix. L\u2019ancienne directrice de l\u2019\u00e9mission Alexia Laroche-Joubert a f\u00e9licit\u00e9 Ambre pour son engagement et confi\u00e9 que sa fille \u00e9tait la meilleure amie de la candidate en\u2026 CP\u00a0! D\u00e9cid\u00e9ment, la soir\u00e9e a \u00e9t\u00e9 pleine de surprises pour la benjamine du programme, qui a re\u00e7u un message en vid\u00e9o de Michel Polnareff suite \u00e0 sa prestation sur son tube Lettre \u00e0 France durant les \u00e9valuations.<\/p>\n<p><script async src=\"https:\/\/platform.twitter.com\/widgets.js\" charset=\"utf-8\"><\/script><\/p>\n","protected":false},"excerpt":{"rendered":"Samedi soir, sur le plateau du studio 217, Nikos Aliagas pr\u00e9sentait le 200e prime de la Star Academy.&hellip;\n","protected":false},"author":2,"featured_media":639605,"comment_status":"","ping_status":"","sticky":false,"template":"","format":"standard","meta":{"footnotes":""},"categories":[1356],"tags":[58,59,1011,27,49086,5095,252,1364],"class_list":{"0":"post-639604","1":"post","2":"type-post","3":"status-publish","4":"format-standard","5":"has-post-thumbnail","7":"category-television","8":"tag-divertissement","9":"tag-entertainment","10":"tag-fr","11":"tag-france","12":"tag-francis-cabrel","13":"tag-star-academy","14":"tag-television","15":"tag-tv"},"share_on_mastodon":{"url":"https:\/\/pubeurope.com\/@fr\/115834745477413035","error":""},"_links":{"self":[{"href":"https:\/\/www.europesays.com\/fr\/wp-json\/wp\/v2\/posts\/639604","targetHints":{"allow":["GET"]}}],"collection":[{"href":"https:\/\/www.europesays.com\/fr\/wp-json\/wp\/v2\/posts"}],"about":[{"href":"https:\/\/www.europesays.com\/fr\/wp-json\/wp\/v2\/types\/post"}],"author":[{"embeddable":true,"href":"https:\/\/www.europesays.com\/fr\/wp-json\/wp\/v2\/users\/2"}],"replies":[{"embeddable":true,"href":"https:\/\/www.europesays.com\/fr\/wp-json\/wp\/v2\/comments?post=639604"}],"version-history":[{"count":0,"href":"https:\/\/www.europesays.com\/fr\/wp-json\/wp\/v2\/posts\/639604\/revisions"}],"wp:featuredmedia":[{"embeddable":true,"href":"https:\/\/www.europesays.com\/fr\/wp-json\/wp\/v2\/media\/639605"}],"wp:attachment":[{"href":"https:\/\/www.europesays.com\/fr\/wp-json\/wp\/v2\/media?parent=639604"}],"wp:term":[{"taxonomy":"category","embeddable":true,"href":"https:\/\/www.europesays.com\/fr\/wp-json\/wp\/v2\/categories?post=639604"},{"taxonomy":"post_tag","embeddable":true,"href":"https:\/\/www.europesays.com\/fr\/wp-json\/wp\/v2\/tags?post=639604"}],"curies":[{"name":"wp","href":"https:\/\/api.w.org\/{rel}","templated":true}]}}