{"id":639606,"date":"2026-01-04T03:38:16","date_gmt":"2026-01-04T03:38:16","guid":{"rendered":"https:\/\/www.europesays.com\/fr\/639606\/"},"modified":"2026-01-04T03:38:16","modified_gmt":"2026-01-04T03:38:16","slug":"chino-moreno-sur-la-singularite-de-deftones-une-strategie-assumee-des-les-annees-2000","status":"publish","type":"post","link":"https:\/\/www.europesays.com\/fr\/639606\/","title":{"rendered":"Chino Moreno sur la singularit\u00e9 de Deftones \u2013 Une strat\u00e9gie assum\u00e9e d\u00e8s les ann\u00e9es 2000"},"content":{"rendered":"<p><strong>Invit\u00e9 de l\u2019\u00e9mission World Cafe, Chino Moreno a livr\u00e9 sa vision de la long\u00e9vit\u00e9 de <a href=\"https:\/\/www.metalzone.fr\/deftones\/\" target=\"_blank\" rel=\"noopener\">Deftones<\/a> et du lien fort qui unit le groupe \u00e0 plusieurs g\u00e9n\u00e9rations de fans. Il est aussi revenu sur les exp\u00e9riences musicales marquantes de son adolescence.<\/strong><\/p>\n<p>Une trajectoire singuli\u00e8re pour se d\u00e9marquer<\/p>\n<p>Dans un nouvel entretien accord\u00e9 \u00e0 <a href=\"https:\/\/xpn.org\/program\/world-cafe\/\" target=\"_blank\" rel=\"noopener noreferrer\">World Cafe<\/a>, Chino Moreno est revenu sur le parcours de Deftones, expliquant comment le groupe a su traverser les \u00e9poques en cultivant sa singularit\u00e9. \u00c0 ses yeux, la long\u00e9vit\u00e9 du groupe s\u2019explique en grande partie par un choix assum\u00e9 : se d\u00e9marquer des tendances dominantes du <a href=\"https:\/\/www.metalzone.fr\/heavy-metal\/\" target=\"_blank\" rel=\"noopener\">metal<\/a> \u00e0 la fin des ann\u00e9es 1990.<\/p>\n<p>\u201cOn a consciemment choisi de ne pas faire comme nos contemporains. On \u00e9vitait m\u00eame de tourner avec eux. D\u00e8s White Pony, on a vraiment commenc\u00e9 \u00e0 se forger une identit\u00e9 \u00e0 part\u201d, a-t-il expliqu\u00e9. Pour lui, refuser de se laisser enfermer dans l\u2019\u00e9tiquette \u201c<a href=\"https:\/\/www.metalzone.fr\/nu-metal\/\" target=\"_blank\" rel=\"noopener\">nu metal<\/a>\u201d a permis au groupe d\u2019\u00e9voluer librement : \u201cM\u00eame si on sera toujours associ\u00e9s \u00e0 ce genre, je pense que ces d\u00e9cisions nous ont permis d\u2019\u00e9largir notre palette.\u201d<\/p>\n<p>Des influences new wave et une sensibilit\u00e9 artistique affirm\u00e9e<\/p>\n<p>Le frontman s\u2019est souvenu d\u2019un moment fondateur : un concert de Depeche Mode vu \u00e0 16 ans \u00e0 Sacramento : \u201cC\u2019\u00e9tait le truc le plus fort que j\u2019avais jamais vu. J\u2019\u00e9tais fan depuis la sixi\u00e8me, mais les voir en vrai, au premier rang, c\u2019\u00e9tait irr\u00e9el\u201d, s\u2019est-il souvenu. Il a racont\u00e9 avec amusement qu\u2019un fan avait r\u00e9cemment retrouv\u00e9 une image de lui dans le public \u00e0 cette \u00e9poque.<\/p>\n<p>Moreno a aussi r\u00e9affirm\u00e9 son admiration pour Duran Duran, en particulier pour les textes de Simon Le Bon : \u201cSes paroles \u00e9taient abstraites, mais pleines d\u2019images. Je n\u2019avais pas besoin de tout comprendre pour ressentir quelque chose.\u201d Un go\u00fbt pour l\u2019ambigu\u00eft\u00e9 po\u00e9tique qui continue d\u2019impr\u00e9gner l\u2019\u00e9criture de Deftones.<\/p>\n<p>Deftones en 2026 : succ\u00e8s critique et renouvellement du public<\/p>\n<p>Avec la sortie de Private Music \u00e0 l\u2019\u00e9t\u00e9 2025, Deftones a sign\u00e9 l\u2019un de ses meilleurs d\u00e9marrages commerciaux depuis White Pony, entrant en 5e position du Billboard 200 avec 87 000 ventes en une semaine. Le groupe attire aussi un public plus jeune, en partie gr\u00e2ce \u00e0 TikTok. Une tourn\u00e9e internationale d\u00e9butera en janvier, avec des concerts pr\u00e9vus \u00e0 Paris et Bruxelles.<\/p>\n<p>Trente ans apr\u00e8s ses d\u00e9buts, le groupe conna\u00eet un nouvel \u00e9lan. Et comme le dit Chino : \u201cOn voulait juste tenir debout par nous-m\u00eames, sans copier qui que ce soit.\u201d<\/p>\n","protected":false},"excerpt":{"rendered":"Invit\u00e9 de l\u2019\u00e9mission World Cafe, Chino Moreno a livr\u00e9 sa vision de la long\u00e9vit\u00e9 de Deftones et du&hellip;\n","protected":false},"author":2,"featured_media":639607,"comment_status":"","ping_status":"","sticky":false,"template":"","format":"standard","meta":{"footnotes":""},"categories":[1355],"tags":[58,59,1011,27,1361,873],"class_list":{"0":"post-639606","1":"post","2":"type-post","3":"status-publish","4":"format-standard","5":"has-post-thumbnail","7":"category-musique","8":"tag-divertissement","9":"tag-entertainment","10":"tag-fr","11":"tag-france","12":"tag-music","13":"tag-musique"},"share_on_mastodon":{"url":"https:\/\/pubeurope.com\/@fr\/115834749436336296","error":""},"_links":{"self":[{"href":"https:\/\/www.europesays.com\/fr\/wp-json\/wp\/v2\/posts\/639606","targetHints":{"allow":["GET"]}}],"collection":[{"href":"https:\/\/www.europesays.com\/fr\/wp-json\/wp\/v2\/posts"}],"about":[{"href":"https:\/\/www.europesays.com\/fr\/wp-json\/wp\/v2\/types\/post"}],"author":[{"embeddable":true,"href":"https:\/\/www.europesays.com\/fr\/wp-json\/wp\/v2\/users\/2"}],"replies":[{"embeddable":true,"href":"https:\/\/www.europesays.com\/fr\/wp-json\/wp\/v2\/comments?post=639606"}],"version-history":[{"count":0,"href":"https:\/\/www.europesays.com\/fr\/wp-json\/wp\/v2\/posts\/639606\/revisions"}],"wp:featuredmedia":[{"embeddable":true,"href":"https:\/\/www.europesays.com\/fr\/wp-json\/wp\/v2\/media\/639607"}],"wp:attachment":[{"href":"https:\/\/www.europesays.com\/fr\/wp-json\/wp\/v2\/media?parent=639606"}],"wp:term":[{"taxonomy":"category","embeddable":true,"href":"https:\/\/www.europesays.com\/fr\/wp-json\/wp\/v2\/categories?post=639606"},{"taxonomy":"post_tag","embeddable":true,"href":"https:\/\/www.europesays.com\/fr\/wp-json\/wp\/v2\/tags?post=639606"}],"curies":[{"name":"wp","href":"https:\/\/api.w.org\/{rel}","templated":true}]}}