{"id":63961,"date":"2025-04-30T08:52:08","date_gmt":"2025-04-30T08:52:08","guid":{"rendered":"https:\/\/www.europesays.com\/fr\/63961\/"},"modified":"2025-04-30T08:52:08","modified_gmt":"2025-04-30T08:52:08","slug":"retournement-de-situation-pour-le-poste-de-carlo-ancelotti-a-la-tete-du-bresil-international-bresil","status":"publish","type":"post","link":"https:\/\/www.europesays.com\/fr\/63961\/","title":{"rendered":"Retournement de situation pour le poste de Carlo Ancelotti \u00e0 la t\u00eate du Br\u00e9sil &#8211; International &#8211; Br\u00e9sil"},"content":{"rendered":"<p>La clim.<\/p>\n<p>Le couvert \u00e9tait dress\u00e9, il ne restait plus qu\u2019\u00e0 d\u00e9guster. Mais non, il se peut que le plat n\u2019arrive jamais. Cette situation, ce pourrait bien \u00eatre celle de <strong>Carlo Ancelotti<\/strong>. Alors que <a target=\"_blank\" href=\"https:\/\/www.sofoot.com\/breves\/carlo-ancelotti-bientot-sur-le-banc-du-bresil\" rel=\"nofollow noopener\">tout semblait boucl\u00e9 et en passe de se faire pour le poste de s\u00e9lectionneur du Br\u00e9sil<\/a>, l\u2019entra\u00eeneur du Real Madrid voit <strong>cette opportunit\u00e9 lui \u00e9chapper<\/strong>.<\/p>\n<p>Le Real Madrid qui bloque ?<\/p>\n<p>Auteur d\u2019une saison m\u00e9diocre (<a target=\"_blank\" href=\"https:\/\/www.sofoot.com\/articles\/en-quarts-de-finale-retour-de-ligue-des-champions-arsenal-neutralise-les-espoirs-du-real-madrid-2-1#:~:text=Real%20Madrid%201%2D2%20Arsenal&amp;text=Sans%20occasions%2C%20%C3%A9lans%20et%20nuits,croisera%20Paris%20en%20demi%2Dfinales.\" rel=\"nofollow noopener\">\u00e9limination en quart de finale de C1<\/a>, <a target=\"_blank\" href=\"https:\/\/www.sofoot.com\/articles\/jules-kounde-offre-la-copa-del-rey-au-fc-barcelone-a-lissue-dun-clasico-etouffant-face-au-real-madrid\" rel=\"nofollow noopener\">d\u00e9faite en finale de Coupe d\u2019Espagne contre le Bar\u00e7a<\/a>, et derri\u00e8re les Catalans en championnat), <strong>le\u00a0Mister\u00a0ne devrait plus s\u2019\u00e9terniser dans la capitale madril\u00e8ne<\/strong>. Probl\u00e8me : son contrat se termine en 2026, ce qui signifie que si la Casa Blanca veut se s\u00e9parer de Carlo Ancelotti, <strong>elle devra lui verser des indemnit\u00e9s<\/strong>. Une situation qui d\u00e9pla\u00eet au pr\u00e9sident Florentino P\u00e9rez, d\u2019autant plus car \u00ab\u00a0depuis qu\u2019il a appris l\u2019accord verbal de l\u2019Italien avec la f\u00e9d\u00e9ration br\u00e9silienne (CBF), <strong>le pr\u00e9sident du club espagnol refuse depuis de payer l\u2019indemnisation<\/strong>. Il a seulement accept\u00e9 de laisser partir Ancelotti gratuitement\u202f\u00bb, explique le m\u00e9dia br\u00e9silien <a target=\"_blank\" href=\"https:\/\/ge.globo.com\/futebol\/selecao-brasileira\/noticia\/2025\/04\/29\/real-madrid-dificulta-liberacao-e-emperra-acerto-entre-carlo-ancelotti-e-cbf.ghtml\" rel=\"nofollow noopener\">O Globo<\/a> dans la nuit de mardi \u00e0 mercredi.<\/p>\n<p>Un refus confirm\u00e9 par <a target=\"_blank\" href=\"https:\/\/www.lequipe.fr\/Football\/Actualites\/L-entraineur-du-real-madrid-carlo-ancelotti-ne-devrait-pas-devenir-selectionneur-du-bresil\/1558117\" rel=\"nofollow noopener\">L\u2019\u00c9quipe<\/a> qui rapporte qu\u2019un membre de la CBF aurait confi\u00e9 que \u00ab\u202fc\u2018est fini avec Carlo\u202f\u00bb. Toujours selon le quotidien, le nom de l\u2019ancien coach du Benfica <strong>Jorge Jesus aurait \u00e9t\u00e9 coch\u00e9<\/strong> par les dirigeants br\u00e9siliens. Du c\u00f4t\u00e9 de l\u2019Italien, un pont d\u2019or l\u2019attendrait en Arabie Saoudite selon <a target=\"_blank\" href=\"https:\/\/www.marca.com\/futbol\/real-madrid\/2025\/04\/29\/ancelotti-echa-atras-dice-brasil.html\" rel=\"nofollow noopener\">Marca<\/a>.<\/p>\n<p>Pour une fois que c\u2019est lui qui subit une d\u00e9sillusion\u2026<\/p>\n<p>\t\t\t\t\t\t\t\t\t\t<a class=\"lien-connexe\" href=\"https:\/\/www.sofoot.com\/breves\/jurgen-klopp-dans-les-petits-papiers-du-bresil-et-du-real-madrid\" rel=\"nofollow noopener\" target=\"_blank\">J\u00fcrgen Klopp dans les petits papiers du Br\u00e9sil&#8230; et du Real Madrid\u202f? <\/a>\t\t\t\t\t<\/p>\n","protected":false},"excerpt":{"rendered":"La clim. Le couvert \u00e9tait dress\u00e9, il ne restait plus qu\u2019\u00e0 d\u00e9guster. Mais non, il se peut que&hellip;\n","protected":false},"author":2,"featured_media":63962,"comment_status":"","ping_status":"","sticky":false,"template":"","format":"standard","meta":{"footnotes":""},"categories":[9],"tags":[47,61,69,65,64,63,1011,27,68,66,62,70,67,60],"class_list":{"0":"post-63961","1":"post","2":"type-post","3":"status-publish","4":"format-standard","5":"has-post-thumbnail","7":"category-sports","8":"tag-actualite","9":"tag-actus-football","10":"tag-bundesliga","11":"tag-championnats-europeens","12":"tag-equipe-de-france","13":"tag-football","14":"tag-fr","15":"tag-france","16":"tag-ligua","17":"tag-ligue-1","18":"tag-news-foot","19":"tag-premier-league","20":"tag-serie-a","21":"tag-sports"},"share_on_mastodon":{"url":"https:\/\/pubeurope.com\/@fr\/114426068586364352","error":""},"_links":{"self":[{"href":"https:\/\/www.europesays.com\/fr\/wp-json\/wp\/v2\/posts\/63961","targetHints":{"allow":["GET"]}}],"collection":[{"href":"https:\/\/www.europesays.com\/fr\/wp-json\/wp\/v2\/posts"}],"about":[{"href":"https:\/\/www.europesays.com\/fr\/wp-json\/wp\/v2\/types\/post"}],"author":[{"embeddable":true,"href":"https:\/\/www.europesays.com\/fr\/wp-json\/wp\/v2\/users\/2"}],"replies":[{"embeddable":true,"href":"https:\/\/www.europesays.com\/fr\/wp-json\/wp\/v2\/comments?post=63961"}],"version-history":[{"count":0,"href":"https:\/\/www.europesays.com\/fr\/wp-json\/wp\/v2\/posts\/63961\/revisions"}],"wp:featuredmedia":[{"embeddable":true,"href":"https:\/\/www.europesays.com\/fr\/wp-json\/wp\/v2\/media\/63962"}],"wp:attachment":[{"href":"https:\/\/www.europesays.com\/fr\/wp-json\/wp\/v2\/media?parent=63961"}],"wp:term":[{"taxonomy":"category","embeddable":true,"href":"https:\/\/www.europesays.com\/fr\/wp-json\/wp\/v2\/categories?post=63961"},{"taxonomy":"post_tag","embeddable":true,"href":"https:\/\/www.europesays.com\/fr\/wp-json\/wp\/v2\/tags?post=63961"}],"curies":[{"name":"wp","href":"https:\/\/api.w.org\/{rel}","templated":true}]}}