{"id":639618,"date":"2026-01-04T03:45:19","date_gmt":"2026-01-04T03:45:19","guid":{"rendered":"https:\/\/www.europesays.com\/fr\/639618\/"},"modified":"2026-01-04T03:45:19","modified_gmt":"2026-01-04T03:45:19","slug":"lonu-alerte-sur-limpact-humanitaire-de-lexclusion-de-dizaines-dong-par-israel","status":"publish","type":"post","link":"https:\/\/www.europesays.com\/fr\/639618\/","title":{"rendered":"L\u2019ONU alerte sur l\u2019impact humanitaire de l\u2019exclusion de dizaines d&rsquo;ONG par Isra\u00ebl"},"content":{"rendered":"<p>Le secr\u00e9taire g\u00e9n\u00e9ral de l\u2019<a href=\"https:\/\/www.20minutes.fr\/monde\/onu\/\" target=\"_blank\" class=\"c-link c-link--is-underlined\" rel=\"noopener\">ONU<\/a>, <a href=\"https:\/\/www.20minutes.fr\/monde\/antonio-guterres\/\" target=\"_blank\" class=\"c-link c-link--is-underlined\" rel=\"noopener\">Antonio Guterres<\/a>, a exhort\u00e9 Isra\u00ebl \u00e0 revenir sur sa d\u00e9cision d\u2019interdire l\u2019acc\u00e8s \u00e0 la bande de <a href=\"https:\/\/www.20minutes.fr\/monde\/gaza\/\" target=\"_blank\" class=\"c-link c-link--is-underlined\" rel=\"noopener\">Gaza<\/a> \u00e0 de nombreuses <a href=\"https:\/\/www.20minutes.fr\/dossier\/ong\" target=\"_blank\" class=\"c-link c-link--is-underlined\" rel=\"noopener\">ONG<\/a> internationales. Dans un communiqu\u00e9 publi\u00e9 vendredi, son porte-parole St\u00e9phane Dujarric a fait part de la vive inqui\u00e9tude du chef de l\u2019ONU face \u00e0 la suspension annonc\u00e9e des op\u00e9rations de plusieurs ONG dans les territoires palestiniens occup\u00e9s, appelant explicitement \u00e0 l\u2019annulation de cette mesure.<\/p>\n<p>Selon le secr\u00e9taire g\u00e9n\u00e9ral, ces organisations sont \u00ab\u00a0indispensables pour le <a href=\"https:\/\/www.20minutes.fr\/monde\/aide_humanitaire\/\" target=\"_blank\" class=\"c-link c-link--is-underlined\" rel=\"noopener\">travail humanitaire<\/a> vital\u00a0\u00bb et leur mise \u00e0 l\u2019\u00e9cart \u00ab\u00a0risque de saper les fragiles progr\u00e8s faits pendant le <a href=\"https:\/\/www.20minutes.fr\/monde\/cessez_le_feu\/\" target=\"_blank\" class=\"c-link c-link--is-underlined\" rel=\"noopener\">cessez-le-feu<\/a>\u00a0\u00bb \u00e0 Gaza. Il a soulign\u00e9 que cette d\u00e9cision intervient dans un contexte d\u00e9j\u00e0 marqu\u00e9 par des restrictions qui ont ralenti l\u2019acheminement de l\u2019aide, notamment \u00ab\u00a0l\u2019entr\u00e9e cruciale de <a href=\"https:\/\/www.20minutes.fr\/dossier\/nourriture\" target=\"_blank\" class=\"c-link c-link--is-underlined\" rel=\"noopener\">nourriture<\/a>, d\u2019\u00e9quipements m\u00e9dicaux et d\u2019hygi\u00e8ne et d\u2019abris\u00a0\u00bb, avertissant que la situation humanitaire des <a href=\"https:\/\/www.20minutes.fr\/monde\/palestine\/\" target=\"_blank\" class=\"c-link c-link--is-underlined\" rel=\"noopener\">Palestiniens<\/a> pourrait encore se d\u00e9t\u00e9riorer.<\/p>\n<\/p>\n<p>Les exigences d\u2019Isra\u00ebl envers les ONG<\/p>\n<p><a href=\"https:\/\/www.20minutes.fr\/monde\/israel\/\" target=\"_blank\" class=\"c-link c-link--is-underlined\" rel=\"noopener\">Isra\u00ebl<\/a> a confirm\u00e9 jeudi l\u2019interdiction d\u2019acc\u00e8s \u00e0 Gaza visant 37 organisations humanitaires internationales majeures. Les autorit\u00e9s isra\u00e9liennes reprochent \u00e0 ces ONG de ne pas avoir transmis la liste nominative de leurs employ\u00e9s, une exigence d\u00e9sormais formalis\u00e9e pour des raisons pr\u00e9sent\u00e9es comme relevant de la \u00ab\u00a0s\u00e9curit\u00e9\u00a0\u00bb. Cette d\u00e9cision fait craindre de nouveaux ralentissements dans la fourniture d\u2019une aide, o\u00f9 une grande partie de la population d\u00e9pend de l\u2019assistance internationale pour se loger, se soigner et se nourrir.<\/p>\n<p><a href=\"https:\/\/www.20minutes.fr\/monde\/gaza\/\" target=\"_blank\" class=\"c-link c-btn c-btn--primary\" rel=\"noopener\">Notre dossier sur Gaza<\/a><\/p>\n<p>Parmi les organisations concern\u00e9es figurent des acteurs de premier plan tels que M\u00e9decins sans fronti\u00e8res, le Norwegian Refugee Council, Care, World Vision et Oxfam. Si la r\u00e9glementation s\u2019applique officiellement \u00e0 Gaza, plusieurs ONG redoutent qu\u2019elle ne soit \u00e9tendue \u00e0 l\u2019avenir \u00e0 la <a href=\"https:\/\/www.20minutes.fr\/monde\/cisjordanie\/\" target=\"_blank\" class=\"c-link c-link--is-underlined\" rel=\"noopener\">Cisjordanie<\/a> occup\u00e9e, et d\u00e9noncent une volont\u00e9 de surveillance des employ\u00e9s palestiniens, jug\u00e9e ill\u00e9gale par certaines d\u2019entre elles.<\/p>\n","protected":false},"excerpt":{"rendered":"Le secr\u00e9taire g\u00e9n\u00e9ral de l\u2019ONU, Antonio Guterres, a exhort\u00e9 Isra\u00ebl \u00e0 revenir sur sa d\u00e9cision d\u2019interdire l\u2019acc\u00e8s \u00e0&hellip;\n","protected":false},"author":2,"featured_media":639619,"comment_status":"","ping_status":"","sticky":false,"template":"","format":"standard","meta":{"footnotes":""},"categories":[5],"tags":[47,11,20477,16176,45792,1011,27,665,14,664,74,12,11356,3521,28],"class_list":{"0":"post-639618","1":"post","2":"type-post","3":"status-publish","4":"format-standard","5":"has-post-thumbnail","7":"category-international","8":"tag-actualite","9":"tag-actualites","10":"tag-aide-alimentaire","11":"tag-aide-humanitaire","12":"tag-antonio-guterres","13":"tag-fr","14":"tag-france","15":"tag-gaza","16":"tag-international","17":"tag-israel","18":"tag-monde","19":"tag-news","20":"tag-ong","21":"tag-onu","22":"tag-world"},"share_on_mastodon":{"url":"https:\/\/pubeurope.com\/@fr\/115834776765229279","error":""},"_links":{"self":[{"href":"https:\/\/www.europesays.com\/fr\/wp-json\/wp\/v2\/posts\/639618","targetHints":{"allow":["GET"]}}],"collection":[{"href":"https:\/\/www.europesays.com\/fr\/wp-json\/wp\/v2\/posts"}],"about":[{"href":"https:\/\/www.europesays.com\/fr\/wp-json\/wp\/v2\/types\/post"}],"author":[{"embeddable":true,"href":"https:\/\/www.europesays.com\/fr\/wp-json\/wp\/v2\/users\/2"}],"replies":[{"embeddable":true,"href":"https:\/\/www.europesays.com\/fr\/wp-json\/wp\/v2\/comments?post=639618"}],"version-history":[{"count":0,"href":"https:\/\/www.europesays.com\/fr\/wp-json\/wp\/v2\/posts\/639618\/revisions"}],"wp:featuredmedia":[{"embeddable":true,"href":"https:\/\/www.europesays.com\/fr\/wp-json\/wp\/v2\/media\/639619"}],"wp:attachment":[{"href":"https:\/\/www.europesays.com\/fr\/wp-json\/wp\/v2\/media?parent=639618"}],"wp:term":[{"taxonomy":"category","embeddable":true,"href":"https:\/\/www.europesays.com\/fr\/wp-json\/wp\/v2\/categories?post=639618"},{"taxonomy":"post_tag","embeddable":true,"href":"https:\/\/www.europesays.com\/fr\/wp-json\/wp\/v2\/tags?post=639618"}],"curies":[{"name":"wp","href":"https:\/\/api.w.org\/{rel}","templated":true}]}}