{"id":639631,"date":"2026-01-04T03:56:18","date_gmt":"2026-01-04T03:56:18","guid":{"rendered":"https:\/\/www.europesays.com\/fr\/639631\/"},"modified":"2026-01-04T03:56:18","modified_gmt":"2026-01-04T03:56:18","slug":"pronostic-montpellier-dunkerque-usl-ligue-2","status":"publish","type":"post","link":"https:\/\/www.europesays.com\/fr\/639631\/","title":{"rendered":"Pronostic Montpellier Dunkerque USL &#8211; Ligue 2"},"content":{"rendered":"<p class=\"text-xs leading-5 text-gray-400 mb-2\">\n                        Publi\u00e9 le 03\/01\/2026 13:45<br \/>\n                        \u00a0par<br \/>\n                                                            <a href=\"https:\/\/www.sportytrader.com\/auteur\/steeven-occhipinti-1\/\" target=\"_blank\" rel=\"noopener\">Steeven Occhipinti<\/a><\/p>\n<p>                                                                                                            dans<br \/>\n                                <a data-trans=\"tips.published.competition %competition%\" href=\"https:\/\/www.sportytrader.com\/pronostics\/football\/france\/ligue-2-124\/\" target=\"_blank\" rel=\"noopener\"><br \/>\n                                    Pronostic Ligue 2<br \/>\n                                <\/a><\/p>\n<p style=\"text-align: justify;\">La 18e journ\u00e9e de la Ligue 2 se conclut avec une tr\u00e8s belle affiche entre le Montpellier HSC et l&rsquo;USL Dunkerque. Un match qui aura lieu ce lundi \u00e0 20h45 au Stade de la Mosson. Apr\u00e8s \u00eatre descendu de l&rsquo;\u00e9lite du football tricolore en d\u00e9but d&rsquo;exercice, le club h\u00e9raultais ne vise rien d&rsquo;autre que la remont\u00e9e \u00e0 l&rsquo;issue de la saison. M\u00eame s&rsquo;il s&rsquo;est qualifi\u00e9 pour les 16es de finale de la Coupe de France, il a toutefois un peu de mal en championnat. L&rsquo;\u00e9quipe entra\u00een\u00e9e par Zoumana Camara n&rsquo;a pris qu&rsquo;un seul point lors de ses 3 derni\u00e8res journ\u00e9es de Ligue 2. Elle a recul\u00e9 \u00e0 la 8e place du classement et compte 4 longueurs de retard sur le top 5.<\/p>\n<p style=\"text-align: justify;\">D\u00e9j\u00e0 surprenante la saison pass\u00e9e, alors qu&rsquo;elle a disput\u00e9 les barrages de mont\u00e9e, l&rsquo;USL Dunkerque compte bien rejouer les premiers r\u00f4les dans cette saison de Ligue 2. Si le club dunkerquois a pris la porte en 32es de finale de Coupe de France face au RC Strasbourg (2-1), il est en grande forme en championnat. Les hommes d&rsquo;Albert S\u00e1nchez n&rsquo;ont pas perdu lors de leurs 7 derni\u00e8res journ\u00e9es. Ils restent notamment sur des victoires face \u00e0 l&rsquo;AS Saint-\u00c9tienne (1-0) et le Stade Lavallois (1-2). Install\u00e9s \u00e0 la 6e position du classement, ils comptent bien poursuivre sur leur lanc\u00e9e pour leur premier match de l&rsquo;ann\u00e9e 2026.<\/p>\n","protected":false},"excerpt":{"rendered":"Publi\u00e9 le 03\/01\/2026 13:45 \u00a0par Steeven Occhipinti dans Pronostic Ligue 2 La 18e journ\u00e9e de la Ligue 2&hellip;\n","protected":false},"author":2,"featured_media":639632,"comment_status":"","ping_status":"","sticky":false,"template":"","format":"standard","meta":{"footnotes":""},"categories":[9599],"tags":[1111,11,11704,1777,674,1011,27,446,2208,12,2680,1817,1821,25],"class_list":{"0":"post-639631","1":"post","2":"type-post","3":"status-publish","4":"format-standard","5":"has-post-thumbnail","7":"category-montpellier","8":"tag-actu","9":"tag-actualites","10":"tag-dunkerque-usl","11":"tag-eu","12":"tag-europe","13":"tag-fr","14":"tag-france","15":"tag-ligue-2","16":"tag-montpellier","17":"tag-news","18":"tag-occitanie","19":"tag-pronostic","20":"tag-pronostics","21":"tag-republique-francaise"},"share_on_mastodon":{"url":"https:\/\/pubeurope.com\/@fr\/115834819884652550","error":""},"_links":{"self":[{"href":"https:\/\/www.europesays.com\/fr\/wp-json\/wp\/v2\/posts\/639631","targetHints":{"allow":["GET"]}}],"collection":[{"href":"https:\/\/www.europesays.com\/fr\/wp-json\/wp\/v2\/posts"}],"about":[{"href":"https:\/\/www.europesays.com\/fr\/wp-json\/wp\/v2\/types\/post"}],"author":[{"embeddable":true,"href":"https:\/\/www.europesays.com\/fr\/wp-json\/wp\/v2\/users\/2"}],"replies":[{"embeddable":true,"href":"https:\/\/www.europesays.com\/fr\/wp-json\/wp\/v2\/comments?post=639631"}],"version-history":[{"count":0,"href":"https:\/\/www.europesays.com\/fr\/wp-json\/wp\/v2\/posts\/639631\/revisions"}],"wp:featuredmedia":[{"embeddable":true,"href":"https:\/\/www.europesays.com\/fr\/wp-json\/wp\/v2\/media\/639632"}],"wp:attachment":[{"href":"https:\/\/www.europesays.com\/fr\/wp-json\/wp\/v2\/media?parent=639631"}],"wp:term":[{"taxonomy":"category","embeddable":true,"href":"https:\/\/www.europesays.com\/fr\/wp-json\/wp\/v2\/categories?post=639631"},{"taxonomy":"post_tag","embeddable":true,"href":"https:\/\/www.europesays.com\/fr\/wp-json\/wp\/v2\/tags?post=639631"}],"curies":[{"name":"wp","href":"https:\/\/api.w.org\/{rel}","templated":true}]}}