{"id":639637,"date":"2026-01-04T04:04:23","date_gmt":"2026-01-04T04:04:23","guid":{"rendered":"https:\/\/www.europesays.com\/fr\/639637\/"},"modified":"2026-01-04T04:04:23","modified_gmt":"2026-01-04T04:04:23","slug":"je-ne-sais-pas-liam-rosenior-cash-sur-son-avenir-avec-strasbourg","status":"publish","type":"post","link":"https:\/\/www.europesays.com\/fr\/639637\/","title":{"rendered":"\u00ab\u00a0Je ne sais pas&#8230;\u00a0\u00bb, Liam Rosenior cash sur son avenir avec Strasbourg"},"content":{"rendered":"<p>Malgr\u00e9 les sollicitations, Liam Rosenior assure vouloir rester focalis\u00e9 sur sa mission actuelle : \u00ab Je veux juste me concentrer sur l&rsquo;\u00e9quipe, sur le club, qui est un club magnifique \u00bb. Fid\u00e8le \u00e0 sa ligne de conduite, il ajoute : \u00ab Ce qui doit arriver arrivera, je dois rester concentrer sur l&rsquo;instant pr\u00e9sent \u00bb. Des mots qui traduisent une volont\u00e9 de ne pas se laisser d\u00e9stabiliser par le contexte m\u00e9diatique.<\/p>\n<p>L\u2019attachement de Liam Rosenior \u00e0 Strasbourg transpara\u00eet encore lorsqu\u2019il \u00e9voque son environnement : \u00ab C&rsquo;est une tr\u00e8s belle ville, avec de tr\u00e8s belles personnes, un super club. J&rsquo;ai tout aim\u00e9. Les joueurs ont \u00e9t\u00e9 incroyables. Je veux vraiment le meilleur pour ce club \u00bb. Un discours empreint d\u2019\u00e9motion, qui laisse penser que, quel que soit son avenir, l\u2019exp\u00e9rience strasbourgeoise marquera durablement Liam Rosenior.<\/p>\n","protected":false},"excerpt":{"rendered":"Malgr\u00e9 les sollicitations, Liam Rosenior assure vouloir rester focalis\u00e9 sur sa mission actuelle : \u00ab Je veux juste&hellip;\n","protected":false},"author":2,"featured_media":639638,"comment_status":"","ping_status":"","sticky":false,"template":"","format":"standard","meta":{"footnotes":""},"categories":[2820],"tags":[1111,11,11871,1777,674,1011,27,775,74398,66,16663,74399,12,2401,74015,70,25,640],"class_list":{"0":"post-639637","1":"post","2":"type-post","3":"status-publish","4":"format-standard","5":"has-post-thumbnail","7":"category-strasbourg","8":"tag-actu","9":"tag-actualites","10":"tag-chelsea","11":"tag-eu","12":"tag-europe","13":"tag-fr","14":"tag-france","15":"tag-grand-est","16":"tag-l-rosenior","17":"tag-ligue-1","18":"tag-manchester-city","19":"tag-manchester-city-vs-chelsea","20":"tag-news","21":"tag-nice","22":"tag-nice-vs-strasbourg","23":"tag-premier-league","24":"tag-republique-francaise","25":"tag-strasbourg"},"share_on_mastodon":{"url":"https:\/\/pubeurope.com\/@fr\/115834851380847305","error":""},"_links":{"self":[{"href":"https:\/\/www.europesays.com\/fr\/wp-json\/wp\/v2\/posts\/639637","targetHints":{"allow":["GET"]}}],"collection":[{"href":"https:\/\/www.europesays.com\/fr\/wp-json\/wp\/v2\/posts"}],"about":[{"href":"https:\/\/www.europesays.com\/fr\/wp-json\/wp\/v2\/types\/post"}],"author":[{"embeddable":true,"href":"https:\/\/www.europesays.com\/fr\/wp-json\/wp\/v2\/users\/2"}],"replies":[{"embeddable":true,"href":"https:\/\/www.europesays.com\/fr\/wp-json\/wp\/v2\/comments?post=639637"}],"version-history":[{"count":0,"href":"https:\/\/www.europesays.com\/fr\/wp-json\/wp\/v2\/posts\/639637\/revisions"}],"wp:featuredmedia":[{"embeddable":true,"href":"https:\/\/www.europesays.com\/fr\/wp-json\/wp\/v2\/media\/639638"}],"wp:attachment":[{"href":"https:\/\/www.europesays.com\/fr\/wp-json\/wp\/v2\/media?parent=639637"}],"wp:term":[{"taxonomy":"category","embeddable":true,"href":"https:\/\/www.europesays.com\/fr\/wp-json\/wp\/v2\/categories?post=639637"},{"taxonomy":"post_tag","embeddable":true,"href":"https:\/\/www.europesays.com\/fr\/wp-json\/wp\/v2\/tags?post=639637"}],"curies":[{"name":"wp","href":"https:\/\/api.w.org\/{rel}","templated":true}]}}