{"id":639643,"date":"2026-01-04T04:09:02","date_gmt":"2026-01-04T04:09:02","guid":{"rendered":"https:\/\/www.europesays.com\/fr\/639643\/"},"modified":"2026-01-04T04:09:02","modified_gmt":"2026-01-04T04:09:02","slug":"anthony-lopes-nouveau-directeur-sportif-du-fc-nantes","status":"publish","type":"post","link":"https:\/\/www.europesays.com\/fr\/639643\/","title":{"rendered":"Anthony Lopes nouveau directeur sportif du FC Nantes"},"content":{"rendered":"<p><b>Le FC Nantes a annonc\u00e9 ces derni\u00e8res heures l\u2019arriv\u00e9e de R\u00e9my Cabella. Un joli coup r\u00e9alis\u00e9 par les Canaris, avec un petit coup de pouce\u2026 d\u2019Anthony Lopes.<\/b><\/p>\n<p><a href=\"https:\/\/www.foot01.com\/nantes\/nantes-tente-un-transfert-ose-a-brest\" target=\"_self\" rel=\"noopener\">Nantes<\/a> lutte plus que jamais pour sa survie en Ligue 1 depuis le d\u00e9but de la saison. Les Canaris vont devoir op\u00e9rer certains changements pour esp\u00e9rer assurer leur maintien. Heureusement pour eux, le mercato hivernal vient d\u2019ouvrir ses portes. Le club a officialis\u00e9 ces derni\u00e8res heures l\u2019arriv\u00e9e en pr\u00eat de R\u00e9my Cabella en provenance de l\u2019Olympiakos jusqu\u2019\u00e0 la fin de la saison.<\/p>\n<p>L\u2019ancien joueur de l\u2019OM ou encore de l\u2019AS Saint-\u00c9tienne semble d\u00e9termin\u00e9 \u00e0 apporter son talent et son exp\u00e9rience \u00e0 un effectif qui en a bien besoin. L\u2019international fran\u00e7ais se dit notamment ravi de rejoindre un club mythique du championnat de France, m\u00eame s\u2019il a b\u00e9n\u00e9fici\u00e9 du soutien d\u2019Anthony Lopes pour finaliser son arriv\u00e9e.<\/p>\n<p>Cabella a h\u00e2te d&rsquo;en d\u00e9coudre\u00a0<\/p>\n<p>Dans des propos rapport\u00e9s par Ouest France, Cabella a en effet avou\u00e9 que Nantes devait grandement sa signature \u00e0 l&rsquo;ancien portier de l&rsquo;OL, qui l&rsquo;a convaincu d&rsquo;y signer :\u00a0\u00ab D\u00e9j\u00e0, \u00e7a fait un petit moment que je suis en contact avec le club. \u00c7a fait plus d\u2019un mois, voire deux que je discute avec Anthony Lopes. J\u2019avais donn\u00e9 mon accord de suite. C\u2019est un challenge qui m\u2019attire. Je connais le FC Nantes. Je sais que c\u2019est un club historique en Ligue 1 et que c\u2019est important qu\u2019il reste en Ligue 1 en fin de saison\u00a0\u00bb.\u00a0<\/p>\n<p>Ce dimanche, le FC Nantes reprendra sa saison en Ligue 1 par un d\u00e9placement p\u00e9rilleux sur la pelouse du Stade V\u00e9lodrome pour y affronter l\u2019OM. Les Nantais devront faire preuve de caract\u00e8re pour esp\u00e9rer rapporter des points.<\/p>\n<p>Si du travail reste \u00e0 accomplir sur le terrain, il en est de m\u00eame en interne. La cellule de recrutement est plus que jamais mobilis\u00e9e pour renforcer l\u2019effectif. Parmi les derni\u00e8res pistes \u00e9voqu\u00e9es : Romain Del Castillo, qui \u00e9volue du c\u00f4t\u00e9 du Stade Brestois.<\/p>\n","protected":false},"excerpt":{"rendered":"Le FC Nantes a annonc\u00e9 ces derni\u00e8res heures l\u2019arriv\u00e9e de R\u00e9my Cabella. Un joli coup r\u00e9alis\u00e9 par les&hellip;\n","protected":false},"author":2,"featured_media":620391,"comment_status":"","ping_status":"","sticky":false,"template":"","format":"standard","meta":{"footnotes":""},"categories":[2818],"tags":[1111,11,1777,674,462,1011,27,1434,766,12,2636,25],"class_list":{"0":"post-639643","1":"post","2":"type-post","3":"status-publish","4":"format-standard","5":"has-post-thumbnail","7":"category-nantes","8":"tag-actu","9":"tag-actualites","10":"tag-eu","11":"tag-europe","12":"tag-fc-nantes","13":"tag-fr","14":"tag-france","15":"tag-mercato","16":"tag-nantes","17":"tag-news","18":"tag-pays-de-la-loire","19":"tag-republique-francaise"},"share_on_mastodon":{"url":"https:\/\/pubeurope.com\/@fr\/115834871019058048","error":""},"_links":{"self":[{"href":"https:\/\/www.europesays.com\/fr\/wp-json\/wp\/v2\/posts\/639643","targetHints":{"allow":["GET"]}}],"collection":[{"href":"https:\/\/www.europesays.com\/fr\/wp-json\/wp\/v2\/posts"}],"about":[{"href":"https:\/\/www.europesays.com\/fr\/wp-json\/wp\/v2\/types\/post"}],"author":[{"embeddable":true,"href":"https:\/\/www.europesays.com\/fr\/wp-json\/wp\/v2\/users\/2"}],"replies":[{"embeddable":true,"href":"https:\/\/www.europesays.com\/fr\/wp-json\/wp\/v2\/comments?post=639643"}],"version-history":[{"count":0,"href":"https:\/\/www.europesays.com\/fr\/wp-json\/wp\/v2\/posts\/639643\/revisions"}],"wp:featuredmedia":[{"embeddable":true,"href":"https:\/\/www.europesays.com\/fr\/wp-json\/wp\/v2\/media\/620391"}],"wp:attachment":[{"href":"https:\/\/www.europesays.com\/fr\/wp-json\/wp\/v2\/media?parent=639643"}],"wp:term":[{"taxonomy":"category","embeddable":true,"href":"https:\/\/www.europesays.com\/fr\/wp-json\/wp\/v2\/categories?post=639643"},{"taxonomy":"post_tag","embeddable":true,"href":"https:\/\/www.europesays.com\/fr\/wp-json\/wp\/v2\/tags?post=639643"}],"curies":[{"name":"wp","href":"https:\/\/api.w.org\/{rel}","templated":true}]}}