{"id":639644,"date":"2026-01-04T04:11:12","date_gmt":"2026-01-04T04:11:12","guid":{"rendered":"https:\/\/www.europesays.com\/fr\/639644\/"},"modified":"2026-01-04T04:11:12","modified_gmt":"2026-01-04T04:11:12","slug":"bordeaux-begles-deroule-face-au-racing-92","status":"publish","type":"post","link":"https:\/\/www.europesays.com\/fr\/639644\/","title":{"rendered":"Bordeaux-B\u00e8gles d\u00e9roule face au Racing 92"},"content":{"rendered":"<p><strong>\u00c0 l&rsquo;occasion de l&rsquo;affiche de ce<br \/>\nsamedi soir en Top 14, l&rsquo;Union Bordeaux-B\u00e8gles s&rsquo;est largement face<br \/>\nau Racing 92 (62-20), gr\u00e2ce notamment \u00e0 une fin de match folle et<br \/>\ndes essais inscrits par Maxime Lucu, Damian Penaud, Nicolas<br \/>\nDepoortere, ou encore Louis Bielle-Biarrey.<\/strong><\/p>\n<p>Dans une affiche all\u00e9chante qui a tenu toutes ses promesses dans<br \/>\nle cadre de la 14e journ\u00e9e de TOP 14 de la saison, l\u2019Union<br \/>\nBordeaux-B\u00e8gles recevait le Racing 92 et s\u2019est impos\u00e9e (62-20),<br \/>\ndans un match \u00e0 rebondissements. Une rencontre o\u00f9 les deux \u00e9quipes<br \/>\nvoulaient jouer leur va-tout, avec d\u2019un c\u00f4t\u00e9 le Racing et son<br \/>\ncapitaine Romain Taofifenua, qui s\u2019appr\u00eate \u00e0 prolonger de deux<br \/>\nsaisons son contrat et de l\u2019autre l\u2019\u00ab UBB \u00bb qui a enfin pu compter<br \/>\nsur la pr\u00e9sence sur la feuille de match de son roc sud-africain<br \/>\nJean-Luc du Preez, revenu de sa blessure au genou.<\/p>\n<p>Une rencontre que les joueurs de l\u2019Union Bordeaux-B\u00e8gles vont<br \/>\ndirectement prendre par le bon bout en imposant d\u2019entr\u00e9e de jeu<br \/>\nleur rythme sur ce match. Et sur sa premi\u00e8re r\u00e9elle incursion,<br \/>\nDamian Penaud, servi dans l\u2019intervalle par Moefana auteur d\u2019un<br \/>\nexcellent travail, s\u2019en va pour aller inscrire le premier essai de<br \/>\nla rencontre, parfaitement transform\u00e9 dans la foul\u00e9e par Maxime<br \/>\nLucu (7-0, 7e). Une premi\u00e8re mi-temps disput\u00e9e o\u00f9 le Racing 92 va<br \/>\nprofiter des erreurs de l\u2019UBB pour se relancer gr\u00e2ce \u00e0 deux<br \/>\np\u00e9nalit\u00e9s de Seunes (7-6, 26e). Sur la remise en jeu,<br \/>\nBordeaux-B\u00e8gles se reprend parfaitement et \u00e0 la suite d\u2019un superbe<br \/>\nmouvement, c\u2019est Mathieu Jalibert qui se retrouve \u00e0 la conclusion<br \/>\npour inscrire le second essai de son \u00e9quipe (12-6, 30e). Une fin de<br \/>\npremi\u00e8re p\u00e9riode qui va s\u2019emballer, puisque l\u2019essai de Hugues, puis<br \/>\nla transformation de Seunes permettent au Racing de prendre les<br \/>\ndevants (12-13, 36e). Dans les toutes derni\u00e8res secondes, Maxime<br \/>\nLucu r\u00e9ussi parfaitement sa transformation pour permettre \u00e0 l\u2019UBB<br \/>\nde mener \u00e0 la pause (15-13, 40e).<\/p>\n<p>L\u2019UBB d\u00e9roule<\/p>\n<p>En seconde p\u00e9riode, c\u2019est le Racing qui revient parfaitement<br \/>\ndans la rencontre avec un essai inscrit d\u00e8s le retour des<br \/>\nvestiaires par James, transform\u00e9 par Seunes qui permet aux<br \/>\nFranciliens de reprendre l\u2019avantage et d\u2019esp\u00e9rer r\u00e9ussir \u00e0 enfin<br \/>\nmettre \u00e0 la main sur ce match (15-20, 43e). Et, quelques instants<br \/>\nplus tard, les intentions des joueurs du Racing 92 semblaient \u00eatre<br \/>\nde nouveau r\u00e9compens\u00e9es, mais l\u2019essai inscrit se voit finalement<br \/>\nrefus\u00e9. Une d\u00e9cision arbitrale qui fait en quelque sorte basculer<br \/>\nl\u2019issue de la rencontre, tout comme la r\u00e9duction \u00e0 144 des joueurs<br \/>\ndu Racing.<\/p>\n<p>Bien dans le match et encore dans le coup, les \u00ab Racingmen \u00bb ne<br \/>\nvont plus r\u00e9ussir \u00e0 mettre un pied devant l\u2019autre, devenant l\u2019ombre<br \/>\nde l\u2019\u00e9quipe per\u00e7ue sur la premi\u00e8re partie de la rencontre. Les<br \/>\njoueurs de l\u2019UBB bien aid\u00e9s par l\u2019\u00e9nergie insuffl\u00e9e par les<br \/>\nentrants, \u00e0 l\u2019image de Nicolas Depoortere, ou encore de Louis<br \/>\nBielle-Biarrey, ont totalement d\u00e9roul\u00e9 leur rugby pour offrir un<br \/>\nspectacle \u00e0 sens unique dans la seconde partie de deuxi\u00e8me<br \/>\nmi-temps. Alors que le score est de 20 \u00e0 15 pour le Racing 92,<br \/>\nl\u2019UBB va inscrire sept essais de rang pour s\u2019offrir une victoire de<br \/>\ngala ce samedi soir (62-20). Alors que Cazeaux d\u00e9bloque son \u00e9quipe<br \/>\net redonne l\u2019avantage au groupe bordelais, tout va ensuite<br \/>\ns\u2019emballer et les essais vont s\u2019encha\u00eener. D\u2019abord Woki, puis<br \/>\nDepoortere par deux fois, tout comme Bielle-Biarrey, vont permettre<br \/>\n\u00e0 l\u2019UBB de s\u2019offrir un succ\u00e8s probant. Une victoire assortie du<br \/>\nbonus offensif qui permet \u00e0 l\u2019UBB de grimper \u00e0 la place au<br \/>\nclassement du Top 14, alors que dans le m\u00eame temps, le Racing<br \/>\nstagne \u00e0 la 10e place.<\/p>\n","protected":false},"excerpt":{"rendered":"\u00c0 l&rsquo;occasion de l&rsquo;affiche de ce samedi soir en Top 14, l&rsquo;Union Bordeaux-B\u00e8gles s&rsquo;est largement face au Racing&hellip;\n","protected":false},"author":2,"featured_media":639645,"comment_status":"","ping_status":"","sticky":false,"template":"","format":"standard","meta":{"footnotes":""},"categories":[2817],"tags":[1111,11,1997,5574,1777,674,1011,27,73351,12,2219,5421,25,479,57681,478,4364],"class_list":{"0":"post-639644","1":"post","2":"type-post","3":"status-publish","4":"format-standard","5":"has-post-thumbnail","7":"category-bordeaux","8":"tag-actu","9":"tag-actualites","10":"tag-bordeaux","11":"tag-bordeaux-begles","12":"tag-eu","13":"tag-europe","14":"tag-fr","15":"tag-france","16":"tag-j14","17":"tag-news","18":"tag-nouvelle-aquitaine","19":"tag-racing-92","20":"tag-republique-francaise","21":"tag-rugby","22":"tag-sport365-fr","23":"tag-top-14","24":"tag-ubb"},"share_on_mastodon":{"url":"https:\/\/pubeurope.com\/@fr\/115834878948328862","error":""},"_links":{"self":[{"href":"https:\/\/www.europesays.com\/fr\/wp-json\/wp\/v2\/posts\/639644","targetHints":{"allow":["GET"]}}],"collection":[{"href":"https:\/\/www.europesays.com\/fr\/wp-json\/wp\/v2\/posts"}],"about":[{"href":"https:\/\/www.europesays.com\/fr\/wp-json\/wp\/v2\/types\/post"}],"author":[{"embeddable":true,"href":"https:\/\/www.europesays.com\/fr\/wp-json\/wp\/v2\/users\/2"}],"replies":[{"embeddable":true,"href":"https:\/\/www.europesays.com\/fr\/wp-json\/wp\/v2\/comments?post=639644"}],"version-history":[{"count":0,"href":"https:\/\/www.europesays.com\/fr\/wp-json\/wp\/v2\/posts\/639644\/revisions"}],"wp:featuredmedia":[{"embeddable":true,"href":"https:\/\/www.europesays.com\/fr\/wp-json\/wp\/v2\/media\/639645"}],"wp:attachment":[{"href":"https:\/\/www.europesays.com\/fr\/wp-json\/wp\/v2\/media?parent=639644"}],"wp:term":[{"taxonomy":"category","embeddable":true,"href":"https:\/\/www.europesays.com\/fr\/wp-json\/wp\/v2\/categories?post=639644"},{"taxonomy":"post_tag","embeddable":true,"href":"https:\/\/www.europesays.com\/fr\/wp-json\/wp\/v2\/tags?post=639644"}],"curies":[{"name":"wp","href":"https:\/\/api.w.org\/{rel}","templated":true}]}}