{"id":639650,"date":"2026-01-04T04:15:12","date_gmt":"2026-01-04T04:15:12","guid":{"rendered":"https:\/\/www.europesays.com\/fr\/639650\/"},"modified":"2026-01-04T04:15:12","modified_gmt":"2026-01-04T04:15:12","slug":"previsions-du-dimanche-4-janvier-2026-5","status":"publish","type":"post","link":"https:\/\/www.europesays.com\/fr\/639650\/","title":{"rendered":"pr\u00e9visions du dimanche 4 janvier 2026"},"content":{"rendered":"<p>Un bel ensoleillement est pr\u00e9vu aujourd&rsquo;hui \u00e0 Lille. Le thermom\u00e8tre affichera 0\u00b0C en moyenne. Les Lillois vont avoir froid le matin : les temp\u00e9ratures ne vont pas d\u00e9passer 2\u00b0C. Les valeurs afficheront entre -2\u00b0C et 2\u00b0C, rappelant l&rsquo;hiver au bon souvenir des habitants. Un l\u00e9ger vent d&rsquo;ouest soufflera. Les Lillois vont avoir froid l&rsquo;apr\u00e8s-midi : les temp\u00e9ratures ne vont pas d\u00e9passer 2\u00b0C. Il va faire froid avec des temp\u00e9ratures qui seront comprises entre -1 et 2\u00b0C. Le ciel sera assez lumineux, avec quelques \u00e9claircies le soir. Il fera environ -2\u00b0C. Durant votre sommeil, dans la nuit de dimanche \u00e0 lundi, le ciel sera clair.<\/p>\n<p>Les Lillois vont avoir froid demain : les temp\u00e9ratures ne vont pas d\u00e9passer 2\u00b0C. Les valeurs s&rsquo;\u00e9chelonneront entre -2 et 2\u00b0C \u00e0 Lille, un temps bel et bien de saison. Le soleil peinera \u00e0 percer au milieu de l\u00e9gers nuages qui persisteront dans la matin\u00e9e. Il va faire -1\u00b0C en moyenne. Une brise de sud-ouest soufflera doucement. Le soleil sera au rendez-vous : un magnifique apr\u00e8s-midi se profile ! L&rsquo;hiver se fait sentir : les temp\u00e9ratures afficheront entre -1 et 2\u00b0C. Les habitants devront s&rsquo;habiller chaudement dans la soir\u00e9e, comme d&rsquo;importantes chutes de neige sont attendues. Les maximales iront jusqu&rsquo;\u00e0 0\u00b0C et les minimales seront de -1\u00b0C : un temps de saison. Un vent d&rsquo;ouest soufflera un peu, avec 11 km\/h.<\/p>\n<p>Le temps des jours suivants va \u00e9voluer progressivement. Apr\u00e8s des conditions m\u00e9t\u00e9orologiques similaires mardi, la situation changera mercredi.<\/p>\n<p>Souvenez-vous que l&rsquo;\u00c9piphanie c&rsquo;est demain ! Tous \u00e0 vos galettes pour \u00e9lire vos Rois et Reines.<\/p>\n","protected":false},"excerpt":{"rendered":"Un bel ensoleillement est pr\u00e9vu aujourd&rsquo;hui \u00e0 Lille. Le thermom\u00e8tre affichera 0\u00b0C en moyenne. Les Lillois vont avoir&hellip;\n","protected":false},"author":2,"featured_media":639651,"comment_status":"","ping_status":"","sticky":false,"template":"","format":"standard","meta":{"footnotes":""},"categories":[2815],"tags":[1111,11,1777,674,1011,27,811,1307,12,2119,25],"class_list":{"0":"post-639650","1":"post","2":"type-post","3":"status-publish","4":"format-standard","5":"has-post-thumbnail","7":"category-lille","8":"tag-actu","9":"tag-actualites","10":"tag-eu","11":"tag-europe","12":"tag-fr","13":"tag-france","14":"tag-hauts-de-france","15":"tag-lille","16":"tag-news","17":"tag-previsions-meteo","18":"tag-republique-francaise"},"share_on_mastodon":{"url":"https:\/\/pubeurope.com\/@fr\/115834894567438584","error":""},"_links":{"self":[{"href":"https:\/\/www.europesays.com\/fr\/wp-json\/wp\/v2\/posts\/639650","targetHints":{"allow":["GET"]}}],"collection":[{"href":"https:\/\/www.europesays.com\/fr\/wp-json\/wp\/v2\/posts"}],"about":[{"href":"https:\/\/www.europesays.com\/fr\/wp-json\/wp\/v2\/types\/post"}],"author":[{"embeddable":true,"href":"https:\/\/www.europesays.com\/fr\/wp-json\/wp\/v2\/users\/2"}],"replies":[{"embeddable":true,"href":"https:\/\/www.europesays.com\/fr\/wp-json\/wp\/v2\/comments?post=639650"}],"version-history":[{"count":0,"href":"https:\/\/www.europesays.com\/fr\/wp-json\/wp\/v2\/posts\/639650\/revisions"}],"wp:featuredmedia":[{"embeddable":true,"href":"https:\/\/www.europesays.com\/fr\/wp-json\/wp\/v2\/media\/639651"}],"wp:attachment":[{"href":"https:\/\/www.europesays.com\/fr\/wp-json\/wp\/v2\/media?parent=639650"}],"wp:term":[{"taxonomy":"category","embeddable":true,"href":"https:\/\/www.europesays.com\/fr\/wp-json\/wp\/v2\/categories?post=639650"},{"taxonomy":"post_tag","embeddable":true,"href":"https:\/\/www.europesays.com\/fr\/wp-json\/wp\/v2\/tags?post=639650"}],"curies":[{"name":"wp","href":"https:\/\/api.w.org\/{rel}","templated":true}]}}