{"id":639654,"date":"2026-01-04T04:19:16","date_gmt":"2026-01-04T04:19:16","guid":{"rendered":"https:\/\/www.europesays.com\/fr\/639654\/"},"modified":"2026-01-04T04:19:16","modified_gmt":"2026-01-04T04:19:16","slug":"un-simple-controle-vire-a-la-course-poursuite-et-mene-a-une-grosse-decouverte","status":"publish","type":"post","link":"https:\/\/www.europesays.com\/fr\/639654\/","title":{"rendered":"un simple contr\u00f4le vire \u00e0 la course-poursuite et m\u00e8ne \u00e0 une grosse d\u00e9couverte"},"content":{"rendered":"<p itemprop=\"description\"><strong>La sc\u00e8ne a eu lieu le dimanche 21 d\u00e9cembre, aux alentours de 22h, sur la commune d\u2019Irigny, au sud de Lyon.<\/strong><\/p>\n<p>Ce soir-l\u00e0, une patrouille de la brigade de gendarmerie de la commune remarque un v\u00e9hicule circulant \u00e0 vive allure, sans usage des clignotants. Les militaires d\u00e9cident de proc\u00e9der \u00e0 un contr\u00f4le.<\/p>\n<p>Le conducteur s\u2019ex\u00e9cute dans un premier temps et se range sur le bas-c\u00f4t\u00e9.\u00a0<\/p>\n<p>Mais au moment o\u00f9 les gendarmes descendent de leur v\u00e9hicule, la situation bascule. L\u2019automobiliste red\u00e9marre brusquement et refuse d\u2019obtemp\u00e9rer. La fuite s\u2019engage. Le conducteur prend tous les risques et commet de multiples infractions au code de la route. Face \u00e0 la dangerosit\u00e9 de la situation, \u00ab\u00a0plusieurs patrouilles de la compagnie de gendarmerie de Givors se rendent alors disponibles pour intercepter le v\u00e9hicule.\u00a0\u00bb<\/p>\n<p>Gr\u00e2ce \u00e0 la\u00a0\u00ab\u00a0coordination\u00a0\u00bb des forces engag\u00e9es, le v\u00e9hicule est finalement immobilis\u00e9. Le conducteur, seul \u00e0 bord, tente alors d\u2019\u00e9chapper aux gendarmes en prenant la fuite \u00e0 pied. Il est rapidement rattrap\u00e9 puis interpell\u00e9 par les militaires.<\/p>\n<p>La fouille du v\u00e9hicule permet une d\u00e9couverte majeure. Les gendarmes mettent la main sur 4,6 kg de r\u00e9sine de cannabis ainsi que sur 600 euros en esp\u00e8ces.<\/p>\n<p>Plac\u00e9e en garde \u00e0 vue, la personne interpell\u00e9e a \u00e9t\u00e9 pr\u00e9sent\u00e9e deux jours plus tard \u00e0 la justice. Elle a \u00e9t\u00e9 d\u00e9f\u00e9r\u00e9e devant le tribunal judiciaire de Lyon pour refus d\u2019obtemp\u00e9rer aggrav\u00e9 et pour d\u00e9tention et transport de stup\u00e9fiants. \u00c0 l\u2019issue de cette pr\u00e9sentation, l\u2019individu a \u00e9t\u00e9 plac\u00e9 en d\u00e9tention provisoire, dans l\u2019attente de son jugement pr\u00e9vu en f\u00e9vrier prochain.<\/p>\n<blockquote class=\"twitter-tweet\"><p>&#13;<\/p>\n<p dir=\"ltr\" lang=\"fr\"><a href=\"https:\/\/twitter.com\/hashtag\/STOP?src=hash&amp;ref_src=twsrc%5Etfw\" target=\"_blank\" rel=\"noopener\">#STOP<\/a> <a href=\"https:\/\/twitter.com\/hashtag\/NARCOTRAFIC?src=hash&amp;ref_src=twsrc%5Etfw\" target=\"_blank\" rel=\"noopener\">#NARCOTRAFIC<\/a><br \/>Le 21\/12\/25 les <a href=\"https:\/\/twitter.com\/hashtag\/gendarmes?src=hash&amp;ref_src=twsrc%5Etfw\" target=\"_blank\" rel=\"noopener\">#gendarmes<\/a> de Irigny essuient un refus d&rsquo;obtemp\u00e9rer<br \/>Le conducteur pr\u00eat \u00e0 tous les risques pour fuir, est finalement interpell\u00e9. Il est d\u00e9couvert dans son v\u00e9hicule<br \/>&#8211; 4,6 kg de <a href=\"https:\/\/twitter.com\/hashtag\/r%C3%A9sine?src=hash&amp;ref_src=twsrc%5Etfw\" target=\"_blank\" rel=\"noopener\">#r\u00e9sine<\/a> de <a href=\"https:\/\/twitter.com\/hashtag\/cannabis?src=hash&amp;ref_src=twsrc%5Etfw\" target=\"_blank\" rel=\"noopener\">#cannabis<\/a><br \/>&#8211; 600 \u20ac en esp\u00e8ces<a href=\"https:\/\/twitter.com\/hashtag\/MaS%C3%A9curit%C3%A9?src=hash&amp;ref_src=twsrc%5Etfw\" target=\"_blank\" rel=\"noopener\">#MaS\u00e9curit\u00e9<\/a><a href=\"https:\/\/twitter.com\/hashtag\/LutteAntiDrogue?src=hash&amp;ref_src=twsrc%5Etfw\" target=\"_blank\" rel=\"noopener\">#LutteAntiDrogue<\/a> <a href=\"https:\/\/t.co\/GhMFuFtjaB\">pic.twitter.com\/GhMFuFtjaB<\/a><\/p>\n<p>&#13;<br \/>\n\u2014 Gendarmerie du Rh\u00f4ne (@Gendarmerie_069) <a href=\"https:\/\/twitter.com\/Gendarmerie_069\/status\/2007425856050753937?ref_src=twsrc%5Etfw\" target=\"_blank\" rel=\"noopener\">January 3, 2026<\/a><\/p><\/blockquote>\n<p>\t\t  <script async src=\"https:\/\/platform.twitter.com\/widgets.js\" charset=\"utf-8\"><\/script><\/p>\n","protected":false},"excerpt":{"rendered":"La sc\u00e8ne a eu lieu le dimanche 21 d\u00e9cembre, aux alentours de 22h, sur la commune d\u2019Irigny, au&hellip;\n","protected":false},"author":2,"featured_media":639655,"comment_status":"","ping_status":"","sticky":false,"template":"","format":"standard","meta":{"footnotes":""},"categories":[1889],"tags":[1111,11,2813,2190,2430,1109,251,1112,2811,1777,674,118,1011,27,1922,1110,1114,2428,2810,12,241,316,25,2812,517,800],"class_list":{"0":"post-639654","1":"post","2":"type-post","3":"status-publish","4":"format-standard","5":"has-post-thumbnail","7":"category-lyon","8":"tag-actu","9":"tag-actualites","10":"tag-article","11":"tag-asvel","12":"tag-auvergne-rhone-alpes","13":"tag-breves","14":"tag-culture","15":"tag-depeches","16":"tag-economique","17":"tag-eu","18":"tag-europe","19":"tag-faits-divers","20":"tag-fr","21":"tag-france","22":"tag-info","23":"tag-informations","24":"tag-infos","25":"tag-lyon","26":"tag-lyonmag","27":"tag-news","28":"tag-ol","29":"tag-politique","30":"tag-republique-francaise","31":"tag-sociale","32":"tag-sport","33":"tag-transports"},"share_on_mastodon":{"url":"https:\/\/pubeurope.com\/@fr\/115834910383198955","error":""},"_links":{"self":[{"href":"https:\/\/www.europesays.com\/fr\/wp-json\/wp\/v2\/posts\/639654","targetHints":{"allow":["GET"]}}],"collection":[{"href":"https:\/\/www.europesays.com\/fr\/wp-json\/wp\/v2\/posts"}],"about":[{"href":"https:\/\/www.europesays.com\/fr\/wp-json\/wp\/v2\/types\/post"}],"author":[{"embeddable":true,"href":"https:\/\/www.europesays.com\/fr\/wp-json\/wp\/v2\/users\/2"}],"replies":[{"embeddable":true,"href":"https:\/\/www.europesays.com\/fr\/wp-json\/wp\/v2\/comments?post=639654"}],"version-history":[{"count":0,"href":"https:\/\/www.europesays.com\/fr\/wp-json\/wp\/v2\/posts\/639654\/revisions"}],"wp:featuredmedia":[{"embeddable":true,"href":"https:\/\/www.europesays.com\/fr\/wp-json\/wp\/v2\/media\/639655"}],"wp:attachment":[{"href":"https:\/\/www.europesays.com\/fr\/wp-json\/wp\/v2\/media?parent=639654"}],"wp:term":[{"taxonomy":"category","embeddable":true,"href":"https:\/\/www.europesays.com\/fr\/wp-json\/wp\/v2\/categories?post=639654"},{"taxonomy":"post_tag","embeddable":true,"href":"https:\/\/www.europesays.com\/fr\/wp-json\/wp\/v2\/tags?post=639654"}],"curies":[{"name":"wp","href":"https:\/\/api.w.org\/{rel}","templated":true}]}}