{"id":639658,"date":"2026-01-04T04:23:11","date_gmt":"2026-01-04T04:23:11","guid":{"rendered":"https:\/\/www.europesays.com\/fr\/639658\/"},"modified":"2026-01-04T04:23:11","modified_gmt":"2026-01-04T04:23:11","slug":"lopposition-remercie-trump-les-chavistes-denoncent-l-enlevement-de-maduro","status":"publish","type":"post","link":"https:\/\/www.europesays.com\/fr\/639658\/","title":{"rendered":"l&rsquo;opposition remercie Trump, les chavistes d\u00e9noncent l&rsquo;\u00ab enl\u00e8vement \u00bb de Maduro"},"content":{"rendered":"<p>\u00c0 Caracas, la capitale du Venezuela, un calme tendu r\u00e9gnait ce samedi 3\u00a0janvier, tandis que les citoyens assimilaient les \u00e9v\u00e9nements de la matin\u00e9e, lorsque les forces am\u00e9ricaines ont lanc\u00e9 une op\u00e9ration ordonn\u00e9e par le pr\u00e9sident Donald Trump pour capturer le pr\u00e9sident v\u00e9n\u00e9zu\u00e9lien Nicol\u00e1s Maduro et son son \u00e9pouse, Cilia Flores.<\/p>\n<p>Durant la nuit, de nombreux habitants de Caracas et d\u2019autres r\u00e9gions du pays \u00e9taient d\u00e9sempar\u00e9s face \u00e0 la situation\u00a0; certains envisageaient la possibilit\u00e9 d\u2019un \u00ab\u00a0coup d\u2019\u00c9tat autoproclam\u00e9\u00a0\u00bb. C\u2019est dire s\u2019ils attendaient avec impatience la conf\u00e9rence de presse de Donald Trump, qui s\u2019est tenue \u00e0 midi (heure locale).<\/p>\n<p>L\u2019homme fort de Washington a expliqu\u00e9 que Maduro avait \u00e9t\u00e9 arr\u00eat\u00e9, suite \u00e0 son inculpation aux \u00c9tats-Unis pour des crimes pr\u00e9sum\u00e9s li\u00e9s au trafic de drogue et au terrorisme. Il a \u00e9galement confirm\u00e9 que le couple pr\u00e9sidentiel serait transf\u00e9r\u00e9 \u00e0 New York \u00ab\u00a0pour \u00eatre jug\u00e9 par la justice am\u00e9ricaine\u00a0\u00bb.<\/p>\n<p>\u00ab\u00a0Nous allons gouverner le pays jusqu\u2019\u00e0 ce que nous puissions mener \u00e0 bien une transition pacifique, l\u00e9gitime et judicieuse.\u00a0\u00bb, a-t-il ajout\u00e9. Le pr\u00e9sident r\u00e9publicain a \u00e9galement affirm\u00e9 qu\u2019il autoriserait les compagnies p\u00e9troli\u00e8res am\u00e9ricaines \u00e0 acc\u00e9der aux champs de p\u00e9trole v\u00e9n\u00e9zu\u00e9liens et \u00e0 les exploiter.<\/p>\n<p>\u00ab Un avenir incertain \u00bb<\/p>\n<p>\u00ab\u00a0Apr\u00e8s avoir entendu les d\u00e9clarations de Trump, je suis reconnaissant qu\u2019ils aient r\u00e9ussi \u00e0 capturer Maduro sans faire de victime. C\u2019\u00e9tait une op\u00e9ration impressionnante, comme ils (Donald Trump et les officiels am\u00e9ricains qui ont pris la parole, NDLR) l\u2019ont d\u00e9crite lors de la conf\u00e9rence de presse. Ils savaient m\u00eame \u00e0 quel moment il se trouvait avec ses animaux de compagnie. Leur travail de renseignement est incroyable, tout comme l\u2019\u00e9tendue des moyens dont disposent les \u00c9tats-Unis\u00a0\u00bb, a d\u00e9clar\u00e9 Lamarve Le\u00f3n, une m\u00e8re au foyer de 42\u00a0ans.<\/p>\n<p>    La suite apr\u00e8s cette publicit\u00e9<\/p>\n<p>Cependant, elle estime que l\u2019avenir est \u00ab\u00a0incertain\u00a0\u00bb. \u00ab\u00a0Cela me laisse un sentiment mitig\u00e9, d\u2019autant plus qu\u2019il reste dans le pays\u00a0des partisans de Maduro qui refusent de c\u00e9der le pouvoir\u00a0\u00bb. Trump a d\u2019ailleurs averti que, si n\u00e9cessaire, les forces am\u00e9ricaines \u00e9taient pr\u00eates \u00e0 lancer une seconde vague d\u2019attaques, \u00ab\u00a0bien plus importante\u00a0\u00bb, pour emp\u00eacher le cercle restreint de Maduro de continuer \u00e0 gouverner.<\/p>\n<p>Le\u00f3n a \u00e9t\u00e9 frapp\u00e9 par la d\u00e9claration de Trump concernant sa prise de contr\u00f4le du Venezuela jusqu\u2019\u00e0 la transition. \u00ab\u00a0Si j\u2019ai bien compris, cela n\u2019est pas pr\u00e9vu par notre Constitution, donc je pense qu\u2019ils devront n\u00e9gocier avec le gouvernement. Et j\u2019esp\u00e8re que cela se produira\u00a0; je garde espoir\u00a0\u00bb, ajoute-t-il.<\/p>\n<p>Le jeune homme est sorti t\u00f4t ce matin, dans les rues de Sucre, dans la banlieue de Caracas, \u00e0 la recherche de nourriture et d\u2019eau. L\u2019approvisionnement en eau potable est interrompu dans plusieurs zones depuis quelques jours. Les supermarch\u00e9s et les magasins de son quartier n\u2019avaient pas tous rouvert g\u00e9n\u00e9rant de longues files d\u2019attente devant les \u00e9tablissements qui avaient ouvert leurs portes.<\/p>\n<p>Autre immeuble, autre ambiance<\/p>\n<p>\u00ab\u00a0Nous sommes indign\u00e9s\u00a0; nous estimons que notre droit \u00e0 la souverainet\u00e9 a \u00e9t\u00e9 bafou\u00e9. Nous d\u00e9non\u00e7ons devant le monde entier l\u2019infamie dont notre pr\u00e9sident, Nicol\u00e1s Maduro, a \u00e9t\u00e9 victime, et qu\u2019on a tent\u00e9 de stigmatiser en l\u2019accusant de crimes qu\u2019il n\u2019a pas commis\u00a0\u00bb, d\u00e9clare de son c\u00f4t\u00e9 Vanessa Salazar. Cette dentiste de 46\u00a0ans appartient aux Unit\u00e9s de combat Bol\u00edvar Ch\u00e1vez (UBCH), une structure politique affili\u00e9e au Parti socialiste unifi\u00e9 du Venezuela (PSUV).\u00a0<\/p>\n<p>En d\u00e9but d\u2019apr\u00e8s-midi, Mme\u00a0Salazar a re\u00e7u un message WhatsApp l\u2019invitant \u00e0 se joindre \u00e0 un rassemblement devant le palais pr\u00e9sidentiel de Miraflores, en plein centre de Caracas, en soutien \u00e0 Maduro. Elle se souviendra longtemps de l\u2019odeur de poudre qui a envahi les rues de son quartier, Santa M\u00f3nica, non loin de la base militaire de Fuerte Tiuna, bombard\u00e9e dans la nuit. \u00ab\u00a0Notre pr\u00e9sident est s\u00e9questr\u00e9\u00a0\u00bb, mart\u00e8le-t-elle.<\/p>\n<p>Capturer Maduro \u00e9tait une mission complexe pour l\u2019administration Trump. La r\u00e9conciliation des deux Venezuela risque d\u2019\u00eatre plus d\u00e9licate encore.<\/p>\n","protected":false},"excerpt":{"rendered":"\u00c0 Caracas, la capitale du Venezuela, un calme tendu r\u00e9gnait ce samedi 3\u00a0janvier, tandis que les citoyens assimilaient&hellip;\n","protected":false},"author":2,"featured_media":639659,"comment_status":"","ping_status":"","sticky":false,"template":"","format":"standard","meta":{"footnotes":""},"categories":[1888],"tags":[1111,1928,11,1927,1777,674,1011,27,12,1926,626,1925,25],"class_list":{"0":"post-639658","1":"post","2":"type-post","3":"status-publish","4":"format-standard","5":"has-post-thumbnail","7":"category-paris","8":"tag-actu","9":"tag-actu-paris","10":"tag-actualites","11":"tag-actualites-paris","12":"tag-eu","13":"tag-europe","14":"tag-fr","15":"tag-france","16":"tag-news","17":"tag-news-paris","18":"tag-paris","19":"tag-paris-news","20":"tag-republique-francaise"},"share_on_mastodon":{"url":"https:\/\/pubeurope.com\/@fr\/115834926070412358","error":""},"_links":{"self":[{"href":"https:\/\/www.europesays.com\/fr\/wp-json\/wp\/v2\/posts\/639658","targetHints":{"allow":["GET"]}}],"collection":[{"href":"https:\/\/www.europesays.com\/fr\/wp-json\/wp\/v2\/posts"}],"about":[{"href":"https:\/\/www.europesays.com\/fr\/wp-json\/wp\/v2\/types\/post"}],"author":[{"embeddable":true,"href":"https:\/\/www.europesays.com\/fr\/wp-json\/wp\/v2\/users\/2"}],"replies":[{"embeddable":true,"href":"https:\/\/www.europesays.com\/fr\/wp-json\/wp\/v2\/comments?post=639658"}],"version-history":[{"count":0,"href":"https:\/\/www.europesays.com\/fr\/wp-json\/wp\/v2\/posts\/639658\/revisions"}],"wp:featuredmedia":[{"embeddable":true,"href":"https:\/\/www.europesays.com\/fr\/wp-json\/wp\/v2\/media\/639659"}],"wp:attachment":[{"href":"https:\/\/www.europesays.com\/fr\/wp-json\/wp\/v2\/media?parent=639658"}],"wp:term":[{"taxonomy":"category","embeddable":true,"href":"https:\/\/www.europesays.com\/fr\/wp-json\/wp\/v2\/categories?post=639658"},{"taxonomy":"post_tag","embeddable":true,"href":"https:\/\/www.europesays.com\/fr\/wp-json\/wp\/v2\/tags?post=639658"}],"curies":[{"name":"wp","href":"https:\/\/api.w.org\/{rel}","templated":true}]}}