{"id":639666,"date":"2026-01-04T04:27:12","date_gmt":"2026-01-04T04:27:12","guid":{"rendered":"https:\/\/www.europesays.com\/fr\/639666\/"},"modified":"2026-01-04T04:27:12","modified_gmt":"2026-01-04T04:27:12","slug":"la-russie-furieuse-contre-les-etats-unis-apres-la-capture-de-maduro","status":"publish","type":"post","link":"https:\/\/www.europesays.com\/fr\/639666\/","title":{"rendered":"La Russie furieuse contre les Etats-Unis apr\u00e8s la capture de Maduro"},"content":{"rendered":"<p><a href=\"https:\/\/www.20minutes.fr\/monde\/etats-unis\/4194175-20260103-attaque-etats-unis-contre-venezuela-entre-soutiens-appels-calmes-condamnations-monde-divise\" target=\"_blank\" class=\"c-link c-link--is-underlined\" rel=\"noopener\">Moscou est en col\u00e8re<\/a>. Le Kremlin est en effet particuli\u00e8rement remont\u00e9 contre <a href=\"https:\/\/www.20minutes.fr\/monde\/etats-unis\/4194179-20260103-sanctions-americaines-capture-maduro-20-ans-tensions-entre-etats-unis-venezuela\" target=\"_blank\" class=\"c-link c-link--is-underlined\" rel=\"noopener\">l\u2019op\u00e9ration am\u00e9ricaine de ce week-end au Venezuela<\/a>. La Russie a ainsi condamn\u00e9 samedi cette attaque militaire et exhort\u00e9 Washington \u00e0 lib\u00e9rer le pr\u00e9sident Nicol\u00e1s Maduro, 63 ans, et son \u00e9pouse Cilia Flores, 69 ans, actuellement d\u00e9tenus aux Etats-Unis.<\/p>\n<p>Le chef de la diplomatie russe Sergue\u00ef Lavrov a r\u00e9it\u00e9r\u00e9 le soutien de Moscou \u00e0 Caracas, son alli\u00e9 principal en Am\u00e9rique du Sud, dans un entretien par t\u00e9l\u00e9phone avec la vice-pr\u00e9sidente du Venezuela Delcy Rodriguez.<\/p>\n<p>Moscou pourfend \u00ab\u00a0l\u2019hostilit\u00e9 id\u00e9ologique\u00a0\u00bb de Washington<\/p>\n<p>\u00ab\u00a0\u00c0 la lumi\u00e8re d\u2019informations confirm\u00e9es sur la pr\u00e9sence du pr\u00e9sident v\u00e9n\u00e9zu\u00e9lien Nicol\u00e1s Maduro et de son \u00e9pouse aux Etats-Unis, nous exhortons les autorit\u00e9s am\u00e9ricaines \u00e0 reconsid\u00e9rer cette position et \u00e0 lib\u00e9rer le pr\u00e9sident l\u00e9galement \u00e9lu d\u2019un pays souverain ainsi que son \u00e9pouse\u00a0\u00bb, a d\u00e9clar\u00e9 le minist\u00e8re russe des Affaires \u00e9trang\u00e8res. \u00ab\u00a0Les pr\u00e9textes utilis\u00e9s pour justifier de telles actions sont intenables\u00a0\u00bb, a-t-il encore estim\u00e9, regrettant que \u00ab\u00a0l\u2019hostilit\u00e9 id\u00e9ologique ait triomph\u00e9 du pragmatisme d\u2019usage\u00a0\u00bb.<\/p>\n<\/p>\n<p>Donald Trump avait annonc\u00e9 plus t\u00f4t dans la journ\u00e9e que les forces am\u00e9ricaines avaient captur\u00e9 et exfiltr\u00e9 le couple Maduro apr\u00e8s <a href=\"https:\/\/www.20minutes.fr\/monde\/etats-unis\/4194168-20260103-empire-enleves-caracas-silence-pesant-odeur-brule-apres-attaque-americaine\" target=\"_blank\" class=\"c-link c-link--is-underlined\" rel=\"noopener\">une \u00ab\u00a0attaque de grande envergure\u00a0\u00bb<\/a> contre le pays.<\/p>\n<p><a href=\"https:\/\/www.20minutes.fr\/monde\/venezuela\/\" target=\"_blank\" class=\"c-link c-btn c-btn--primary\" rel=\"noopener\">Nos articles sur le Venezuela<\/a><\/p>\n<p>A New York, Nicol\u00e1s Maduro et Cilia Flores sont poursuivis notamment pour \u00ab\u00a0narcoterrorisme\u00a0\u00bb, selon une pr\u00e9c\u00e9dente d\u00e9claration de la ministre am\u00e9ricaine de la Justice, Pam Bondi.<\/p>\n","protected":false},"excerpt":{"rendered":"Moscou est en col\u00e8re. Le Kremlin est en effet particuli\u00e8rement remont\u00e9 contre l\u2019op\u00e9ration am\u00e9ricaine de ce week-end au&hellip;\n","protected":false},"author":2,"featured_media":639667,"comment_status":"","ping_status":"","sticky":false,"template":"","format":"standard","meta":{"footnotes":""},"categories":[1591],"tags":[47,11,5165,312,75,73,1887,74,813,12,1885,1886,132,1135,337,133,135],"class_list":{"0":"post-639666","1":"post","2":"type-post","3":"status-publish","4":"format-standard","5":"has-post-thumbnail","7":"category-russie","8":"tag-actualite","9":"tag-actualites","10":"tag-amerique-du-sud","11":"tag-diplomatie","12":"tag-donald-trump","13":"tag-etats-unis","14":"tag-federation-de-russie","15":"tag-monde","16":"tag-narcotrafiquants","17":"tag-news","18":"tag-russia","19":"tag-russian-federation","20":"tag-russie","21":"tag-serguei-lavrov","22":"tag-venezuela","23":"tag-video","24":"tag-vladimir-poutine"},"share_on_mastodon":{"url":"https:\/\/pubeurope.com\/@fr\/115834942051162704","error":""},"_links":{"self":[{"href":"https:\/\/www.europesays.com\/fr\/wp-json\/wp\/v2\/posts\/639666","targetHints":{"allow":["GET"]}}],"collection":[{"href":"https:\/\/www.europesays.com\/fr\/wp-json\/wp\/v2\/posts"}],"about":[{"href":"https:\/\/www.europesays.com\/fr\/wp-json\/wp\/v2\/types\/post"}],"author":[{"embeddable":true,"href":"https:\/\/www.europesays.com\/fr\/wp-json\/wp\/v2\/users\/2"}],"replies":[{"embeddable":true,"href":"https:\/\/www.europesays.com\/fr\/wp-json\/wp\/v2\/comments?post=639666"}],"version-history":[{"count":0,"href":"https:\/\/www.europesays.com\/fr\/wp-json\/wp\/v2\/posts\/639666\/revisions"}],"wp:featuredmedia":[{"embeddable":true,"href":"https:\/\/www.europesays.com\/fr\/wp-json\/wp\/v2\/media\/639667"}],"wp:attachment":[{"href":"https:\/\/www.europesays.com\/fr\/wp-json\/wp\/v2\/media?parent=639666"}],"wp:term":[{"taxonomy":"category","embeddable":true,"href":"https:\/\/www.europesays.com\/fr\/wp-json\/wp\/v2\/categories?post=639666"},{"taxonomy":"post_tag","embeddable":true,"href":"https:\/\/www.europesays.com\/fr\/wp-json\/wp\/v2\/tags?post=639666"}],"curies":[{"name":"wp","href":"https:\/\/api.w.org\/{rel}","templated":true}]}}