{"id":639668,"date":"2026-01-04T04:28:21","date_gmt":"2026-01-04T04:28:21","guid":{"rendered":"https:\/\/www.europesays.com\/fr\/639668\/"},"modified":"2026-01-04T04:28:21","modified_gmt":"2026-01-04T04:28:21","slug":"rencontre-des-allies-europeens-a-kiev-et-nouveau-ministre-de-lenergie-pour-zelensky","status":"publish","type":"post","link":"https:\/\/www.europesays.com\/fr\/639668\/","title":{"rendered":"Rencontre des alli\u00e9s europ\u00e9ens \u00e0 Kiev et nouveau ministre de l\u2019\u00e9nergie pour Zelensky"},"content":{"rendered":"<p>Vous avez rat\u00e9 les derniers \u00e9v\u00e9nements sur la <a href=\"https:\/\/www.20minutes.fr\/monde\/ukraine\/\" class=\"c-link c-link--is-underlined\" target=\"_blank\" rel=\"noopener\">guerre en Ukraine<\/a>\u00a0? 20 Minutes fait le point pour vous tous les soirs. Voici l\u2019essentiel de ce samedi 3\u00a0janvier, au 1.410e jour du conflit.<\/p>\n<p>Le fait du jour<\/p>\n<p>Les alli\u00e9s europ\u00e9ens de l\u2019Ukraine se sont rencontr\u00e9s ce samedi \u00e0 <a href=\"https:\/\/www.20minutes.fr\/dossier\/kiev\" class=\"c-link c-link--is-underlined\" target=\"_blank\" rel=\"noopener\">Kiev<\/a> pour examiner les d\u00e9tails de la derni\u00e8re mouture du plan de sortie du conflit avec la <a href=\"https:\/\/www.20minutes.fr\/monde\/russie\/\" class=\"c-link c-link--is-underlined\" target=\"_blank\" rel=\"noopener\">Russie<\/a>, en amont d\u2019un sommet la semaine prochaine en France des pays de la \u00ab\u00a0coalition des volontaires\u00a0\u00bb soutenant l\u2019Ukraine.<\/p>\n<p>Des conseillers \u00e0 la s\u00e9curit\u00e9 de quinze pays, dont la France, l\u2019<a href=\"https:\/\/www.20minutes.fr\/dossier\/allemagne\" class=\"c-link c-link--is-underlined\" target=\"_blank\" rel=\"noopener\">Allemagne<\/a> et le Canada, ainsi que des repr\u00e9sentants de l\u2019UE et de <a href=\"https:\/\/www.20minutes.fr\/monde\/otan\/\" class=\"c-link c-link--is-underlined\" target=\"_blank\" rel=\"noopener\">l\u2019Otan<\/a>, se sont r\u00e9unis dans la capitale ukrainienne pour cette premi\u00e8re rencontre de l\u2019ann\u00e9e. L\u2019envoy\u00e9 sp\u00e9cial de <a href=\"https:\/\/www.20minutes.fr\/dossier\/donald_trump\" class=\"c-link c-link--is-underlined\" target=\"_blank\" rel=\"noopener\">Donald Trump<\/a>, Steve Witkoff, a particip\u00e9 \u00e0 distance.<\/p>\n<p>\u00ab\u00a0La premi\u00e8re partie de la r\u00e9union a port\u00e9 sur les documents-cadres, notamment les garanties de s\u00e9curit\u00e9 et les approches relatives au plan de paix, ainsi que sur la s\u00e9quence des prochaines \u00e9tapes conjointes\u00a0\u00bb, a d\u00e9clar\u00e9 samedi sur Telegram le n\u00e9gociateur en chef de l\u2019Ukraine, Roustem Oumerov, \u00e0 l\u2019issue de la premi\u00e8re session.<\/p>\n<\/p>\n<p>La d\u00e9claration du jour<\/p>\n<blockquote class=\"mx-m@xs mx-xxl@md color-ultramarine c-citation\">\n<p class=\"font-weight-regular@xs text-italic font-source-serif-pro text-l@xs c-citation__content\">\u00ab\u00a0Ce type d\u2019approche syst\u00e9matique est pr\u00e9cis\u00e9ment ce dont le secteur \u00e9nerg\u00e9tique ukrainien a besoin actuellement\u00a0\u00bb<\/p>\n<\/blockquote>\n<p>Le pr\u00e9sident ukrainien, <a href=\"https:\/\/www.20minutes.fr\/monde\/volodymyr-zelensky\/\" class=\"c-link c-link--is-underlined\" target=\"_blank\" rel=\"noopener\">Volodymyr Zelensky<\/a>, a indiqu\u00e9 ce samedi souhaiter nommer le ministre de la D\u00e9fense Denys Chmygal, qu\u2019il souhaite remplacer, \u00e0 la t\u00eate du minist\u00e8re de l\u2019Energie, dans un remaniement gouvernemental qui doit encore \u00eatre approuv\u00e9 par le Parlement.<\/p>\n<p>\u00ab\u00a0J\u2019ai rencontr\u00e9 Denys Chmygal. Je lui suis reconnaissant pour son travail m\u00e9thodique au sein du minist\u00e8re de la D\u00e9fense et pour le renforcement des processus afin d\u2019assurer la protection de notre Etat. Ce type d\u2019approche syst\u00e9matique est pr\u00e9cis\u00e9ment ce dont le secteur \u00e9nerg\u00e9tique ukrainien a besoin actuellement\u00a0\u00bb, a d\u00e9clar\u00e9 Le pr\u00e9sident ukrainien sur les r\u00e9seaux sociaux.<\/p>\n<p>Les infrastructures \u00e9nerg\u00e9tiques de l\u2019Ukraine sont tr\u00e8s souvent la cible des frappes russes, n\u00e9cessitant des r\u00e9parations rapides et incessantes pour r\u00e9tablir les approvisionnements en chauffage et \u00e9lectricit\u00e9 en plein hiver.<\/p>\n<p>Denys Chmygal, nomm\u00e9 Premier ministre en\u00a02020, a dirig\u00e9 le gouvernement pendant la pand\u00e9mie de <a href=\"https:\/\/www.20minutes.fr\/societe\/covid-19\/\" class=\"c-link c-link--is-underlined\" target=\"_blank\" rel=\"noopener\">Covid-19<\/a>, avant le d\u00e9but de l\u2019invasion russe en Ukraine en f\u00e9vrier\u00a02022.<\/p>\n<p>Il est \u00e0 la t\u00eate du minist\u00e8re de la D\u00e9fense depuis juillet.<\/p>\n<p>Le chiffre du jour<\/p>\n<p>244. L\u2019arm\u00e9e russe a r\u00e9alis\u00e9 en Ukraine sa plus forte progression sur le front en\u00a02025 depuis la premi\u00e8re ann\u00e9e de l\u2019invasion, maintenant une forte pression militaire alors que des n\u00e9gociations sont attendues samedi entre Kiev et ses alli\u00e9s en vue d\u2019une hypoth\u00e9tique fin des hostilit\u00e9s.<\/p>\n<p>Les forces russes se sont empar\u00e9es de plus de 5.600 km2 de territoire ukrainien au cours de l\u2019ann\u00e9e\u00a02025, soit davantage que les ann\u00e9es\u00a02024 et\u00a02023 r\u00e9unies, selon les donn\u00e9es de l\u2019Institut pour l\u2019\u00e9tude de la guerre (ISW), qui travaille avec le Critical Threats Project (CTP), deux centres de r\u00e9flexion am\u00e9ricains sp\u00e9cialis\u00e9s dans l\u2019\u00e9tude des conflits.<\/p>\n<p>En revanche, Moscou a connu en d\u00e9cembre sa plus faible progression mensuelle depuis mars avec \u00ab\u00a0seulement\u00a0\u00bb 244 km2 conquis, en raison notamment d\u2019un contexte de conditions m\u00e9t\u00e9orologiques hivernales.<\/p>\n","protected":false},"excerpt":{"rendered":"Vous avez rat\u00e9 les derniers \u00e9v\u00e9nements sur la guerre en Ukraine\u00a0? 20 Minutes fait le point pour vous&hellip;\n","protected":false},"author":2,"featured_media":639669,"comment_status":"","ping_status":"","sticky":false,"template":"","format":"standard","meta":{"footnotes":""},"categories":[1590],"tags":[47,11,574,1777,674,131,4997,74,12,132,22806,220,555,135,134],"class_list":{"0":"post-639668","1":"post","2":"type-post","3":"status-publish","4":"format-standard","5":"has-post-thumbnail","7":"category-ukraine","8":"tag-actualite","9":"tag-actualites","10":"tag-canada","11":"tag-eu","12":"tag-europe","13":"tag-guerre-en-ukraine","14":"tag-kiev-kyiv","15":"tag-monde","16":"tag-news","17":"tag-russie","18":"tag-telegram","19":"tag-ukraine","20":"tag-union-europeenne-ue","21":"tag-vladimir-poutine","22":"tag-volodymyr-zelensky"},"share_on_mastodon":{"url":"https:\/\/pubeurope.com\/@fr\/115834945743728850","error":""},"_links":{"self":[{"href":"https:\/\/www.europesays.com\/fr\/wp-json\/wp\/v2\/posts\/639668","targetHints":{"allow":["GET"]}}],"collection":[{"href":"https:\/\/www.europesays.com\/fr\/wp-json\/wp\/v2\/posts"}],"about":[{"href":"https:\/\/www.europesays.com\/fr\/wp-json\/wp\/v2\/types\/post"}],"author":[{"embeddable":true,"href":"https:\/\/www.europesays.com\/fr\/wp-json\/wp\/v2\/users\/2"}],"replies":[{"embeddable":true,"href":"https:\/\/www.europesays.com\/fr\/wp-json\/wp\/v2\/comments?post=639668"}],"version-history":[{"count":0,"href":"https:\/\/www.europesays.com\/fr\/wp-json\/wp\/v2\/posts\/639668\/revisions"}],"wp:featuredmedia":[{"embeddable":true,"href":"https:\/\/www.europesays.com\/fr\/wp-json\/wp\/v2\/media\/639669"}],"wp:attachment":[{"href":"https:\/\/www.europesays.com\/fr\/wp-json\/wp\/v2\/media?parent=639668"}],"wp:term":[{"taxonomy":"category","embeddable":true,"href":"https:\/\/www.europesays.com\/fr\/wp-json\/wp\/v2\/categories?post=639668"},{"taxonomy":"post_tag","embeddable":true,"href":"https:\/\/www.europesays.com\/fr\/wp-json\/wp\/v2\/tags?post=639668"}],"curies":[{"name":"wp","href":"https:\/\/api.w.org\/{rel}","templated":true}]}}