{"id":639673,"date":"2026-01-04T04:31:44","date_gmt":"2026-01-04T04:31:44","guid":{"rendered":"https:\/\/www.europesays.com\/fr\/639673\/"},"modified":"2026-01-04T04:31:44","modified_gmt":"2026-01-04T04:31:44","slug":"30-millions-derobes-dans-une-banque-allemande-les-clients-offusques-demandent-des-comptes","status":"publish","type":"post","link":"https:\/\/www.europesays.com\/fr\/639673\/","title":{"rendered":"30 millions d\u00e9rob\u00e9s dans une banque allemande : les clients offusqu\u00e9s demandent des comptes"},"content":{"rendered":"<p>La stupeur domine en Allemagne apr\u00e8s <a href=\"https:\/\/www.capital.fr\/votre-argent\/que-faire-en-cas-de-cambriolage-1380422\" target=\"_blank\" rel=\"noopener\"><strong>un cambriolage<\/strong><\/a><strong> d\u2019une ampleur exceptionnelle<\/strong>. Plus de 3 000 coffres-forts ont \u00e9t\u00e9 forc\u00e9s dans la banque Sparkasse de Gelsenkirchen, dans l&rsquo;ouest du pays, <a href=\"https:\/\/www.tf1info.fr\/international\/video-tf1-allemagne-un-braquage-hors-norme-comment-les-voleurs-d-une-banque-sont-repartis-avec-30-millions-d-euros-2415771.html\" target=\"_blank\" rel=\"noopener\">relaie TF1.<\/a> Mardi 30 d\u00e9cembre dans la matin\u00e9e, <strong>les portes de l\u2019agence sont rest\u00e9es ferm\u00e9es<\/strong>. Une d\u00e9cision de s\u00e9curit\u00e9, alors que des dizaines de clients sont venus sur place tenter de comprendre ce qu\u2019il est advenu de leurs biens. Depuis la d\u00e9couverte du cambriolage, l\u2019inqui\u00e9tude grandit :<strong> <\/strong><a href=\"https:\/\/www.capital.fr\/economie-politique\/victime-dun-cambriolage-un-bijoutier-decouvre-que-ses-creations-sont-en-vente-sur-vinted-1509437\" target=\"_blank\" rel=\"noopener\"><strong>bijoux<\/strong><\/a><strong>, liquidit\u00e9s, objets pr\u00e9cieux<\/strong>\u2026 tout aurait disparu des coffres lou\u00e9s par les particuliers.<\/p>\n<p>Le vol, d\u00e9couvert lundi 29 d\u00e9cembre \u00e0 la suite d\u2019une alerte incendie, a  r\u00e9v\u00e9l\u00e9 une op\u00e9ration d\u2019une rare ampleur. Les malfaiteurs seraient en effet parvenus \u00e0 p\u00e9n\u00e9trer dans la salle des coffres en per\u00e7ant un acc\u00e8s<strong> \u00e0 l\u2019aide d\u2019une perceuse industrielle<\/strong>. Selon la banque, \u00ab90% des coffres-forts ont \u00e9t\u00e9 ouverts\u00bb, a reconnu son porte-parole Frank Krallmann, ajoutant : \u00abNous sommes en train d&rsquo;\u00e9valuer l&rsquo;\u00e9tendue des d\u00e9g\u00e2ts\u00bb. Le pr\u00e9judice total est actuellement estim\u00e9 \u00e0<strong> 30 millions d\u2019euros.<\/strong><\/p>\n<p>Un cambriolage hors norme et des clients sous le choc<\/p>\n<p>L&rsquo;op\u00e9ration a \u00e9t\u00e9 men\u00e9e avec une pr\u00e9cision qui laisse peu de doute quant \u00e0 la mani\u00e8re dont les malfaiteurs ont pr\u00e9par\u00e9 ce cambriolage. Pour Claude Canc\u00e8s, ancien directeur de la police judiciaire de Paris, il s\u2019agit sans ambigu\u00eft\u00e9 d\u2019<strong>un coup foment\u00e9 de longue date<\/strong>, \u00abbien, bien pr\u00e9par\u00e9\u00bb, \u00e9voquant un \u00ab<strong>braquage hors norme<\/strong>\u00bb men\u00e9 par des \u00ab<strong>bandits de haut niveau<\/strong>\u00bb. Des t\u00e9moignages font \u00e9tat d\u2019hommes masqu\u00e9s quittant les lieux avec de lourds sacs, avant de dispara\u00eetre \u00e0 bord d\u2019un v\u00e9hicule noir \u00e0 la<a href=\"https:\/\/www.capital.fr\/auto\/vols-de-voitures-un-dispositif-douverture-surprenant-prend-de-lampleur-previent-la-gendarmerie-nationale-1520687\" target=\"_blank\" rel=\"noopener\"> plaque d&rsquo;immatriculation vol\u00e9e.<\/a><\/p>\n<p>Pendant que l\u2019enqu\u00eate se poursuit, <strong>la col\u00e8re monte chez les clients. <\/strong>\u00abJe ne vois pas comment ils ont pu entrer si facilement\u00bb, s\u2019indigne l\u2019un d\u2019eux. D\u2019autres redoutent des pertes irr\u00e9parables. \u00abIci, j&rsquo;ai beaucoup d&rsquo;argent, les bijoux de ma femme, de mes enfants, les miens\u00bb, confie un client d\u00e9sempar\u00e9. La banque a annonc\u00e9 la fermeture de la salle des coffres \u00abjusqu&rsquo;\u00e0 nouvel ordre en raison des dommages mat\u00e9riels importants\u00bb et assure rechercher l\u2019issue \u00abla plus favorable\u00bb pour les victimes, tout en mettant en place une ligne t\u00e9l\u00e9phonique d\u2019urgence. <strong>Les auteurs, eux, restent introuvables.<\/strong><\/p>\n<p><a class=\"cta ctaInArticle lien-interne medium primary\" target=\"_blank\" href=\"https:\/\/www.capital.fr\/page\/comparateurs-d-assurances?utm_source=capital-service&amp;utm_medium=capital-service-articles&amp;utm_campaign=article-comparateur-toutes-assurances\" rel=\"noopener\"><br \/>\n\t\t\t&gt;&gt; Notre service &#8211; D\u00e9couvrez tous nos comparateurs d\u2019assurances (sant\u00e9, auto, habitation, obs\u00e8ques\u2026)\t<\/p>\n<p>\t<\/a><\/p>\n","protected":false},"excerpt":{"rendered":"La stupeur domine en Allemagne apr\u00e8s un cambriolage d\u2019une ampleur exceptionnelle. Plus de 3 000 coffres-forts ont \u00e9t\u00e9&hellip;\n","protected":false},"author":2,"featured_media":639674,"comment_status":"","ping_status":"","sticky":false,"template":"","format":"standard","meta":{"footnotes":""},"categories":[1587],"tags":[11,672,1804,1174,1805,1803,1777,674,118,1801,12,1802,1175],"class_list":{"0":"post-639673","1":"post","2":"type-post","3":"status-publish","4":"format-standard","5":"has-post-thumbnail","7":"category-allemagne","8":"tag-actualites","9":"tag-allemagne","10":"tag-bundesrepublik-deutschland","11":"tag-cambriolage","12":"tag-de","13":"tag-deutschland","14":"tag-eu","15":"tag-europe","16":"tag-faits-divers","17":"tag-germany","18":"tag-news","19":"tag-republique-federale-dallemagne","20":"tag-vol"},"share_on_mastodon":{"url":"https:\/\/pubeurope.com\/@fr\/115834957571296165","error":""},"_links":{"self":[{"href":"https:\/\/www.europesays.com\/fr\/wp-json\/wp\/v2\/posts\/639673","targetHints":{"allow":["GET"]}}],"collection":[{"href":"https:\/\/www.europesays.com\/fr\/wp-json\/wp\/v2\/posts"}],"about":[{"href":"https:\/\/www.europesays.com\/fr\/wp-json\/wp\/v2\/types\/post"}],"author":[{"embeddable":true,"href":"https:\/\/www.europesays.com\/fr\/wp-json\/wp\/v2\/users\/2"}],"replies":[{"embeddable":true,"href":"https:\/\/www.europesays.com\/fr\/wp-json\/wp\/v2\/comments?post=639673"}],"version-history":[{"count":0,"href":"https:\/\/www.europesays.com\/fr\/wp-json\/wp\/v2\/posts\/639673\/revisions"}],"wp:featuredmedia":[{"embeddable":true,"href":"https:\/\/www.europesays.com\/fr\/wp-json\/wp\/v2\/media\/639674"}],"wp:attachment":[{"href":"https:\/\/www.europesays.com\/fr\/wp-json\/wp\/v2\/media?parent=639673"}],"wp:term":[{"taxonomy":"category","embeddable":true,"href":"https:\/\/www.europesays.com\/fr\/wp-json\/wp\/v2\/categories?post=639673"},{"taxonomy":"post_tag","embeddable":true,"href":"https:\/\/www.europesays.com\/fr\/wp-json\/wp\/v2\/tags?post=639673"}],"curies":[{"name":"wp","href":"https:\/\/api.w.org\/{rel}","templated":true}]}}