{"id":639677,"date":"2026-01-04T04:33:18","date_gmt":"2026-01-04T04:33:18","guid":{"rendered":"https:\/\/www.europesays.com\/fr\/639677\/"},"modified":"2026-01-04T04:33:18","modified_gmt":"2026-01-04T04:33:18","slug":"il-a-eu-tres-peur-luke-littler-se-fait-attaquer-par-une-guepe-en-pleine-finale-des-mondiaux-de-darts","status":"publish","type":"post","link":"https:\/\/www.europesays.com\/fr\/639677\/","title":{"rendered":"Il a eu tr\u00e8s peur\u00a0: Luke Littler se fait attaquer par une gu\u00eape en pleine finale des Mondiaux de Darts"},"content":{"rendered":"<p>  \tLuke Littler a \u00e9t\u00e9 l\u00e9g\u00e8rement perturb\u00e9 pendant la finale des Mondiaux de Darts face \u00e0 Gian van Veen. En cause, le retour de la gu\u00eape d\u2019Ally Pally, venue le perturber.<\/p>\n<p>&#13;<br \/>\n&#13;<\/p>\n<p>Luke Littler et Gian van Veen ont eu droit au retour d\u2019un monument d\u2019Ally Pally ce soir en finale des Mondiaux de Darts. Lequel\u00a0? Celui de la gu\u00eape, connue pour sa pr\u00e9sence r\u00e9guli\u00e8re sur le podium, en raison des fortes chaleurs dans la salle.<\/p>\n<p>    \u00c0 lire aussi<\/p>\n<p>  <img decoding=\"async\" class=\"r-img\"  typeof=\"foaf:Image\" src=\"https:\/\/www.europesays.com\/fr\/wp-content\/uploads\/2026\/01\/58692727.jpeg\" alt=\"Finale_Mondiaux_darts.jpg\"\/><br \/>\n      <a href=\"https:\/\/www.rtl.be\/sport\/tous-les-sports\/darts\/une-lutte-entre-deux-phenomenes-les-mondiaux-de-darts-sachevent-avec-un-duel\/2026-01-03\/article\/775436\" class=\"r-stories--link\" target=\"_blank\" rel=\"noopener\">Une lutte entre deux ph\u00e9nom\u00e8nes\u00a0: les Mondiaux de Darts s\u2019ach\u00e8vent avec un duel d\u2019anthologie<\/a><\/p>\n<p>Ce fut encore le cas dans la 5\u00e8me manche, lorsque Littler a d\u00fb interrompre son jeu, victime d\u2019une attaque de l\u2019insecte. Rien de m\u00e9chant, mais l\u2019Anglais, visiblement effray\u00e9, a eu besoin de quelques secondes pour retrouver son calme. Et son jeu.<\/p>\n<p>Une dr\u00f4le d\u2019image, c\u2019est certain.<\/p>\n<p><a class=\"r-btn r-btn--tag\" href=\"https:\/\/www.rtl.be\/355902\/free-tags\/darts\" title=\"Darts\" target=\"_blank\" rel=\"noopener\">Darts<\/a><\/p>\n","protected":false},"excerpt":{"rendered":"Luke Littler a \u00e9t\u00e9 l\u00e9g\u00e8rement perturb\u00e9 pendant la finale des Mondiaux de Darts face \u00e0 Gian van Veen.&hellip;\n","protected":false},"author":2,"featured_media":639678,"comment_status":"","ping_status":"","sticky":false,"template":"","format":"standard","meta":{"footnotes":""},"categories":[1586],"tags":[11,1777,674,1779,1011,27,12,25,63397,1778,364],"class_list":{"0":"post-639677","1":"post","2":"type-post","3":"status-publish","4":"format-standard","5":"has-post-thumbnail","7":"category-europe","8":"tag-actualites","9":"tag-eu","10":"tag-europe","11":"tag-european-union","12":"tag-fr","13":"tag-france","14":"tag-news","15":"tag-republique-francaise","16":"tag-rtl-info","17":"tag-ue","18":"tag-union-europeenne"},"share_on_mastodon":{"url":"https:\/\/pubeurope.com\/@fr\/115834965439607239","error":""},"_links":{"self":[{"href":"https:\/\/www.europesays.com\/fr\/wp-json\/wp\/v2\/posts\/639677","targetHints":{"allow":["GET"]}}],"collection":[{"href":"https:\/\/www.europesays.com\/fr\/wp-json\/wp\/v2\/posts"}],"about":[{"href":"https:\/\/www.europesays.com\/fr\/wp-json\/wp\/v2\/types\/post"}],"author":[{"embeddable":true,"href":"https:\/\/www.europesays.com\/fr\/wp-json\/wp\/v2\/users\/2"}],"replies":[{"embeddable":true,"href":"https:\/\/www.europesays.com\/fr\/wp-json\/wp\/v2\/comments?post=639677"}],"version-history":[{"count":0,"href":"https:\/\/www.europesays.com\/fr\/wp-json\/wp\/v2\/posts\/639677\/revisions"}],"wp:featuredmedia":[{"embeddable":true,"href":"https:\/\/www.europesays.com\/fr\/wp-json\/wp\/v2\/media\/639678"}],"wp:attachment":[{"href":"https:\/\/www.europesays.com\/fr\/wp-json\/wp\/v2\/media?parent=639677"}],"wp:term":[{"taxonomy":"category","embeddable":true,"href":"https:\/\/www.europesays.com\/fr\/wp-json\/wp\/v2\/categories?post=639677"},{"taxonomy":"post_tag","embeddable":true,"href":"https:\/\/www.europesays.com\/fr\/wp-json\/wp\/v2\/tags?post=639677"}],"curies":[{"name":"wp","href":"https:\/\/api.w.org\/{rel}","templated":true}]}}