{"id":639682,"date":"2026-01-04T04:36:38","date_gmt":"2026-01-04T04:36:38","guid":{"rendered":"https:\/\/www.europesays.com\/fr\/639682\/"},"modified":"2026-01-04T04:36:38","modified_gmt":"2026-01-04T04:36:38","slug":"la-france-et-le-royaume-uni-ont-mene-une-attaque-conjointe-contre-daesh-en-syrie","status":"publish","type":"post","link":"https:\/\/www.europesays.com\/fr\/639682\/","title":{"rendered":"La France et le Royaume-Uni ont men\u00e9 une attaque conjointe contre Daesh en Syrie"},"content":{"rendered":"<p>Paris et Londres sont main dans la main pour aider <a href=\"https:\/\/www.20minutes.fr\/monde\/etats-unis\/4184868-20251111-etats-unis-ancien-chef-djihadiste-ahmad-al-chareh-accueilli-officiellement-trump-maison-blanche\" target=\"_blank\" class=\"c-link c-link--is-underlined\" rel=\"noopener\">le pouvoir en place \u00e0 Damas<\/a> contre <a href=\"https:\/\/www.20minutes.fr\/monde\/daesh\/4193727-20251230-daesh-turquie-arrete-plus-350-personnes-vaste-operation-antiterroriste\" target=\"_blank\" class=\"c-link c-link--is-underlined\" rel=\"noopener\">Daesh<\/a>. Le Royaume-Uni et la France ont en effet men\u00e9 conjointement samedi soir une frappe en Syrie contre un site souterrain soup\u00e7onn\u00e9 d\u2019\u00eatre utilis\u00e9 par le groupe Etat islamique (EI), a annonc\u00e9 le minist\u00e8re britannique de la D\u00e9fense.<\/p>\n<p>Cette attaque a eu lieu dans les montagnes au nord de l\u2019ancienne cit\u00e9 de Palmyre, dans le centre de la Syrie, contre une installation occup\u00e9e par l\u2019EI \u00ab\u00a0tr\u00e8s probablement pour stocker des armes et des explosifs\u00a0\u00bb, a indiqu\u00e9 le minist\u00e8re dans un communiqu\u00e9.<\/p>\n<p>Mission accomplie selon Londres<\/p>\n<p>Les avions britanniques \u00ab\u00a0ont utilis\u00e9 des bombes guid\u00e9es Paveway IV pour cibler plusieurs tunnels d\u2019acc\u00e8s menant \u00e0 l\u2019installation. Une \u00e9valuation d\u00e9taill\u00e9e est actuellement en cours, mais les premi\u00e8res indications montrent que la cible a \u00e9t\u00e9 touch\u00e9e avec succ\u00e8s\u00a0\u00bb, a-t-il ajout\u00e9, sans pr\u00e9cision sur le r\u00f4le des appareils fran\u00e7ais. \u00ab\u00a0Rien n\u2019indique que cette frappe ait pr\u00e9sent\u00e9 un risque pour les civils, et tous nos avions sont rentr\u00e9s sains et saufs\u00a0\u00bb, a indiqu\u00e9 le minist\u00e8re.<\/p>\n<\/p>\n<p>\u00ab\u00a0Cette action t\u00e9moigne du leadership du Royaume-Uni et de sa d\u00e9termination \u00e0 se tenir aux c\u00f4t\u00e9s de ses alli\u00e9s pour \u00e9radiquer toute r\u00e9surgence de Daesh et de ses id\u00e9ologies dangereuses et violentes au Moyen-Orient\u00a0\u00bb, s\u2019est pour sa part f\u00e9licit\u00e9 dans le m\u00eame communiqu\u00e9 le ministre britannique de la D\u00e9fense, John Healey.<\/p>\n<p>D\u00e9j\u00e0 des frappes des Etats-Unis contre l\u2019EI<\/p>\n<p>Pendant la guerre en Syrie, d\u00e9clench\u00e9e en\u00a02011 par des manifestations prod\u00e9mocratie, l\u2019EI avait contr\u00f4l\u00e9 de vastes territoires, dont la r\u00e9gion de Palmyre, avant d\u2019\u00eatre d\u00e9fait par la coalition internationale en\u00a02019. Ses combattants repli\u00e9s dans le vaste d\u00e9sert syrien continuent toutefois \u00e9pisodiquement de mener des attaques.<\/p>\n<p><a href=\"https:\/\/www.20minutes.fr\/monde\/syrie\/\" target=\"_blank\" class=\"c-link c-btn c-btn--primary\" rel=\"noopener\">Nos articles sur la Syrie<\/a><\/p>\n<p>Fin d\u00e9cembre, les Etats-Unis avaient annonc\u00e9 avoir <a href=\"https:\/\/www.20minutes.fr\/monde\/etats-unis\/4192548-20251220-declaration-vengeance-membres-ei-tues-point-frappes-etats-unis-syrie\" target=\"_blank\" class=\"c-link c-link--is-underlined\" rel=\"noopener\">frapp\u00e9 des \u00ab\u00a0bastions\u00a0\u00bb de l\u2019EI en Syrie<\/a>, tuant au moins cinq djihadistes selon une ONG, une semaine apr\u00e8s une attaque qui avait co\u00fbt\u00e9 la vie \u00e0 trois Am\u00e9ricains dans le pays.<\/p>\n","protected":false},"excerpt":{"rendered":"Paris et Londres sont main dans la main pour aider le pouvoir en place \u00e0 Damas contre Daesh.&hellip;\n","protected":false},"author":2,"featured_media":639683,"comment_status":"","ping_status":"","sticky":false,"template":"","format":"standard","meta":{"footnotes":""},"categories":[4],"tags":[47,11,33909,14630,25588,73,1011,27,74,12,25,473,32,133],"class_list":{"0":"post-639682","1":"post","2":"type-post","3":"status-publish","4":"format-standard","5":"has-post-thumbnail","7":"category-france","8":"tag-actualite","9":"tag-actualites","10":"tag-daesh","11":"tag-djihadisme","12":"tag-djihadistes","13":"tag-etats-unis","14":"tag-fr","15":"tag-france","16":"tag-monde","17":"tag-news","18":"tag-republique-francaise","19":"tag-royaume-uni","20":"tag-syrie","21":"tag-video"},"share_on_mastodon":{"url":"https:\/\/pubeurope.com\/@fr\/115834977163523819","error":""},"_links":{"self":[{"href":"https:\/\/www.europesays.com\/fr\/wp-json\/wp\/v2\/posts\/639682","targetHints":{"allow":["GET"]}}],"collection":[{"href":"https:\/\/www.europesays.com\/fr\/wp-json\/wp\/v2\/posts"}],"about":[{"href":"https:\/\/www.europesays.com\/fr\/wp-json\/wp\/v2\/types\/post"}],"author":[{"embeddable":true,"href":"https:\/\/www.europesays.com\/fr\/wp-json\/wp\/v2\/users\/2"}],"replies":[{"embeddable":true,"href":"https:\/\/www.europesays.com\/fr\/wp-json\/wp\/v2\/comments?post=639682"}],"version-history":[{"count":0,"href":"https:\/\/www.europesays.com\/fr\/wp-json\/wp\/v2\/posts\/639682\/revisions"}],"wp:featuredmedia":[{"embeddable":true,"href":"https:\/\/www.europesays.com\/fr\/wp-json\/wp\/v2\/media\/639683"}],"wp:attachment":[{"href":"https:\/\/www.europesays.com\/fr\/wp-json\/wp\/v2\/media?parent=639682"}],"wp:term":[{"taxonomy":"category","embeddable":true,"href":"https:\/\/www.europesays.com\/fr\/wp-json\/wp\/v2\/categories?post=639682"},{"taxonomy":"post_tag","embeddable":true,"href":"https:\/\/www.europesays.com\/fr\/wp-json\/wp\/v2\/tags?post=639682"}],"curies":[{"name":"wp","href":"https:\/\/api.w.org\/{rel}","templated":true}]}}