{"id":639684,"date":"2026-01-04T04:39:19","date_gmt":"2026-01-04T04:39:19","guid":{"rendered":"https:\/\/www.europesays.com\/fr\/639684\/"},"modified":"2026-01-04T04:39:19","modified_gmt":"2026-01-04T04:39:19","slug":"transferts-top-14-rct-sergio-parisse-devrait-quitter-le-rct-pour-rejoindre-la-nazionale","status":"publish","type":"post","link":"https:\/\/www.europesays.com\/fr\/639684\/","title":{"rendered":"Transferts Top 14-RCT: Sergio Parisse devrait quitter le RCT pour rejoindre la Nazionale"},"content":{"rendered":"<p>Le Rugby Club Toulonnais (RCT) se pr\u00e9pare \u00e0 dire adieu \u00e0 une de ses figures embl\u00e9matiques. Sergio Parisse, l\u2019ancien troisi\u00e8me ligne centre et actuel entra\u00eeneur de la touche, a d\u00e9cid\u00e9 de quitter le club \u00e0 la fin de la saison pour rejoindre la s\u00e9lection italienne. Cette d\u00e9cision a \u00e9t\u00e9 confirm\u00e9e par plusieurs sources, marquant la fin d\u2019une \u00e8re pour le joueur et le club varois.<\/p>\n<p>Une nouvelle aventure avec la Nazionale<\/p>\n<p>Apr\u00e8s des discussions avanc\u00e9es, Sergio Parisse a trouv\u00e9 un accord pour prendre un r\u00f4le cl\u00e9 au sein du staff de la Nazionale italienne, sous la direction de Gonzalo Quesada. Les deux hommes, qui partagent une longue histoire apr\u00e8s leur collaboration au Stade Fran\u00e7ais, s\u2019appr\u00eatent \u00e0 travailler ensemble en vue de la prochaine Coupe du Monde en Australie.<\/p>\n<p>Parisse, recordman de s\u00e9lections avec 142 capes, mettra ainsi un terme \u00e0 sa carri\u00e8re au RCT, qu\u2019il a int\u00e9gr\u00e9 en 2019. Au cours de ses quatre ann\u00e9es dans le club, il a particip\u00e9 \u00e0 65 matchs avant de passer \u00e0 un r\u00f4le d\u2019entra\u00eeneur, o\u00f9 son expertise a \u00e9t\u00e9 largement appr\u00e9ci\u00e9e par le groupe.<\/p>\n<p>Le RCT \u00e0 la recherche d\u2019un successeurNouveau ! Recevez la newsletter Rugby Transfert 1 fois par mois !<\/p>\n<p>Avec le d\u00e9part imminent de Parisse, le RCT s\u2019active pour trouver son successeur. Selon des sources internes, plusieurs profils ont \u00e9t\u00e9 \u00e9tudi\u00e9s. Deux entra\u00eeneurs, l\u2019un \u00e9tranger et l\u2019autre fran\u00e7ais, sont en lice pour prendre la rel\u00e8ve. Bien que les noms n\u2019aient pas encore \u00e9t\u00e9 divulgu\u00e9s, il a \u00e9t\u00e9 rapport\u00e9 qu\u2019un des candidats a d\u00e9j\u00e0 pris contact avec Pierre Mignoni, l\u2019entra\u00eeneur principal du RCT.<\/p>\n<p>Le club souhaite finaliser cette nomination dans le mois \u00e0 venir, afin d\u2019assurer une transition en douceur apr\u00e8s le d\u00e9part de l\u2019illustre Parisse.<\/p>\n<p>Gianmarco Lucchesi reste \u00e0 Toulon<\/p>\n<p>En parall\u00e8le, le RCT a re\u00e7u de bonnes nouvelles concernant l\u2019un de ses joueurs. Gianmarco Lucchesi, \u00e2g\u00e9 de 25 ans, a prolong\u00e9 son contrat avec le club jusqu\u2019en 2028. Apr\u00e8s avoir subi une rupture du ligament crois\u00e9 du genou en avril dernier, Lucchesi a fait son retour sur les terrains en Champions Cup, prouvant sa r\u00e9silience et son engagement envers le club.<\/p>\n<p>Son nouveau contrat t\u00e9moigne de la confiance du RCT en ses capacit\u00e9s, alors que le club continue d\u2019explorer d\u2019autres options pour renforcer son effectif. Lucchesi, arriv\u00e9 \u00e0 Toulon en 2024, sera donc un pilier de l\u2019\u00e9quipe pour les saisons \u00e0 venir.<\/p>\n<p>Alors que le RCT se tourne vers l\u2019avenir, les d\u00e9parts et les arriv\u00e9es promettent de red\u00e9finir la dynamique de l\u2019\u00e9quipe dans les mois \u00e0 venir. Les supporters attendent avec impatience les prochaines annonces concernant le recrutement et la pr\u00e9paration pour la saison suivante.<\/p>\n<p> <img loading=\"lazy\" decoding=\"async\" src=\"https:\/\/www.europesays.com\/fr\/wp-content\/uploads\/2025\/04\/image-1.jpg\" width=\"100\" height=\"100\" alt=\"image 1\" itemprop=\"image\" class=\"lazyload\" title=\"Transferts Top 14-RCT: Sergio Parisse devrait quitter le RCT pour rejoindre la Nazionale\"\/><\/p>\n<p>Bruno Lancelle, n\u00e9 en 1986 \u00e0 La Seyne-sur-Mer (Var), aujourd\u2019hui Kin\u00e9sith\u00e9rapeute, est un ancien joueur\u00a0 de rugby \u00e0 XV qui \u00e9voluait au poste de demi d\u2019ouverture, pass\u00e9 par Toulon, Lyon, Provence Rugby, La Seyne-sur-Mer, US bressane, Lille et Hy\u00e8res.<\/p>\n","protected":false},"excerpt":{"rendered":"Le Rugby Club Toulonnais (RCT) se pr\u00e9pare \u00e0 dire adieu \u00e0 une de ses figures embl\u00e9matiques. Sergio Parisse,&hellip;\n","protected":false},"author":2,"featured_media":639685,"comment_status":"","ping_status":"","sticky":false,"template":"","format":"standard","meta":{"footnotes":""},"categories":[1416],"tags":[1011,27,479,1468,60],"class_list":{"0":"post-639684","1":"post","2":"type-post","3":"status-publish","4":"format-standard","5":"has-post-thumbnail","7":"category-rugby","8":"tag-fr","9":"tag-france","10":"tag-rugby","11":"tag-rugby-football","12":"tag-sports"},"share_on_mastodon":{"url":"https:\/\/pubeurope.com\/@fr\/115834988913164656","error":""},"_links":{"self":[{"href":"https:\/\/www.europesays.com\/fr\/wp-json\/wp\/v2\/posts\/639684","targetHints":{"allow":["GET"]}}],"collection":[{"href":"https:\/\/www.europesays.com\/fr\/wp-json\/wp\/v2\/posts"}],"about":[{"href":"https:\/\/www.europesays.com\/fr\/wp-json\/wp\/v2\/types\/post"}],"author":[{"embeddable":true,"href":"https:\/\/www.europesays.com\/fr\/wp-json\/wp\/v2\/users\/2"}],"replies":[{"embeddable":true,"href":"https:\/\/www.europesays.com\/fr\/wp-json\/wp\/v2\/comments?post=639684"}],"version-history":[{"count":0,"href":"https:\/\/www.europesays.com\/fr\/wp-json\/wp\/v2\/posts\/639684\/revisions"}],"wp:featuredmedia":[{"embeddable":true,"href":"https:\/\/www.europesays.com\/fr\/wp-json\/wp\/v2\/media\/639685"}],"wp:attachment":[{"href":"https:\/\/www.europesays.com\/fr\/wp-json\/wp\/v2\/media?parent=639684"}],"wp:term":[{"taxonomy":"category","embeddable":true,"href":"https:\/\/www.europesays.com\/fr\/wp-json\/wp\/v2\/categories?post=639684"},{"taxonomy":"post_tag","embeddable":true,"href":"https:\/\/www.europesays.com\/fr\/wp-json\/wp\/v2\/tags?post=639684"}],"curies":[{"name":"wp","href":"https:\/\/api.w.org\/{rel}","templated":true}]}}