{"id":639694,"date":"2026-01-04T04:47:22","date_gmt":"2026-01-04T04:47:22","guid":{"rendered":"https:\/\/www.europesays.com\/fr\/639694\/"},"modified":"2026-01-04T04:47:22","modified_gmt":"2026-01-04T04:47:22","slug":"lunevillois-a-18-ans-elle-commence-sa-carriere-de-photographe-professionnelle","status":"publish","type":"post","link":"https:\/\/www.europesays.com\/fr\/639694\/","title":{"rendered":"Lun\u00e9villois. \u00c0 18 ans, elle commence sa carri\u00e8re de photographe professionnelle"},"content":{"rendered":"<p>Tout juste sortie d\u2019un baccalaur\u00e9at professionnel en photographie \u00e0 Saint-Di\u00e9-des-Vosges, Sarah Favier attendait sa majorit\u00e9 pour pouvoir lancer son projet.\u00a0En octobre, elle a d\u00e9marr\u00e9 sa carri\u00e8re en cr\u00e9ant sa microentreprise\u00a0SF Photo.<\/p>\n<p>Sa passion pour la photographie s\u2019est r\u00e9v\u00e9l\u00e9e lors de son stage de troisi\u00e8me \u00e0 <a href=\"https:\/\/www.estrepublicain.fr\/economie\/2022\/07\/08\/le-studio-edm-photographie-ouvre-ses-portes\" target=\"_blank\" rel=\"noopener\"> EDM Photographie de Lun\u00e9ville.<\/a> Elle a poursuivi son apprentissage durant ses ann\u00e9es de lyc\u00e9e, multipliant les stages qui lui ont permis d\u2019explorer plusieurs facettes de la photographie.<\/p>\n<p>  Un parcours d\u00e9j\u00e0 riche de diverses exp\u00e9riences<\/p>\n<p>De L\u2019Est R\u00e9publicain , o\u00f9 elle r\u00e9alise un stage comme photojournaliste, \u00e0 une bijouterie parisienne pour des campagnes publicitaires, son parcours t\u00e9moigne une grande diversit\u00e9. Cette riche exp\u00e9rience fait d\u2019elle une photographe polyvalente, capable de s\u2019adapter \u00e0 diff\u00e9rents univers\u00a0: \u00e9v\u00e9nements, objets, portraits ou encore photographie animali\u00e8re.<\/p>\n<p>La jeune femme a su acqu\u00e9rir un regard artistique dans la conception de ses photos notamment dans la mise en sc\u00e8ne, la coh\u00e9rence des d\u00e9cors et des couleurs. Ce qui est essentiel pour elle, c\u2019est d\u2019assurer une bonne ambiance afin que les mod\u00e8les soient le plus \u00e0 l\u2019aise et naturels possible. \u00ab\u00a0Ce que je pr\u00e9f\u00e8re, c\u2019est capturer un moment pr\u00e9cis, qu\u2019on ne capte pas forc\u00e9ment \u00e0 l\u2019\u0153il nu et qu\u2019on peut regarder \u00e0 l\u2019infini.\u00a0\u00bb<\/p>\n<p>  D\u00e9veloppement et ambition<\/p>\n<p>Progressivement, sa microentreprise se construit. Accompagn\u00e9e de son propre mat\u00e9riel, la photographe se d\u00e9place aux alentours de Lun\u00e9ville, sa mobilit\u00e9 s\u2019\u00e9largit \u00e9galement \u00e0 la r\u00e9gion. Une client\u00e8le r\u00e9guli\u00e8re commence \u00e0 se former aupr\u00e8s de diff\u00e9rentes entreprises. Pour les particuliers, c\u2019est moins \u00e9vident. Elle essaye d\u2019accro\u00eetre sa r\u00e9putation via son site Internet et ses r\u00e9seaux sociaux. Toutefois, elle \u00e9voque une difficult\u00e9 \u00e0 se faire conna\u00eetre due \u00e0 la concurrence sur le secteur.<\/p>\n<p>Pers\u00e9v\u00e9rante et passionn\u00e9e, elle voit d\u00e9j\u00e0 des axes de d\u00e9veloppement et souhaite offrir un service complet. En plus de la photo, Sarah Favier souhaite introduire la vid\u00e9o. Elle aimerait \u00e9galement collaborer avec des professionnels proches du m\u00e9tier, comme un graphiste par exemple.<\/p>\n<p>Son objectif final serait de travailler pour des grandes marques en tant que photographe publicitaire\u00a0: \u00ab\u00a0Je ne veux pas devenir une star internationale, mais me faire conna\u00eetre aupr\u00e8s des personnes qui en ont r\u00e9ellement besoin.\u00a0\u00bb<\/p>\n","protected":false},"excerpt":{"rendered":"Tout juste sortie d\u2019un baccalaur\u00e9at professionnel en photographie \u00e0 Saint-Di\u00e9-des-Vosges, Sarah Favier attendait sa majorit\u00e9 pour pouvoir lancer&hellip;\n","protected":false},"author":2,"featured_media":639695,"comment_status":"","ping_status":"","sticky":false,"template":"","format":"standard","meta":{"footnotes":""},"categories":[1358],"tags":[1348,1384,1385,4406,1687,1386,58,33,1707,59,1011,27,10634,19678],"class_list":{"0":"post-639694","1":"post","2":"type-post","3":"status-publish","4":"format-standard","5":"has-post-thumbnail","7":"category-arts-et-design","8":"tag-arts","9":"tag-arts-and-design","10":"tag-arts-et-design","11":"tag-commerce-et-services","12":"tag-culture-loisirs","13":"tag-design","14":"tag-divertissement","15":"tag-economie","16":"tag-edition-luneville","17":"tag-entertainment","18":"tag-fr","19":"tag-france","20":"tag-luneville","21":"tag-luneville-ville-54a"},"share_on_mastodon":{"url":"https:\/\/pubeurope.com\/@fr\/115835020421025193","error":""},"_links":{"self":[{"href":"https:\/\/www.europesays.com\/fr\/wp-json\/wp\/v2\/posts\/639694","targetHints":{"allow":["GET"]}}],"collection":[{"href":"https:\/\/www.europesays.com\/fr\/wp-json\/wp\/v2\/posts"}],"about":[{"href":"https:\/\/www.europesays.com\/fr\/wp-json\/wp\/v2\/types\/post"}],"author":[{"embeddable":true,"href":"https:\/\/www.europesays.com\/fr\/wp-json\/wp\/v2\/users\/2"}],"replies":[{"embeddable":true,"href":"https:\/\/www.europesays.com\/fr\/wp-json\/wp\/v2\/comments?post=639694"}],"version-history":[{"count":0,"href":"https:\/\/www.europesays.com\/fr\/wp-json\/wp\/v2\/posts\/639694\/revisions"}],"wp:featuredmedia":[{"embeddable":true,"href":"https:\/\/www.europesays.com\/fr\/wp-json\/wp\/v2\/media\/639695"}],"wp:attachment":[{"href":"https:\/\/www.europesays.com\/fr\/wp-json\/wp\/v2\/media?parent=639694"}],"wp:term":[{"taxonomy":"category","embeddable":true,"href":"https:\/\/www.europesays.com\/fr\/wp-json\/wp\/v2\/categories?post=639694"},{"taxonomy":"post_tag","embeddable":true,"href":"https:\/\/www.europesays.com\/fr\/wp-json\/wp\/v2\/tags?post=639694"}],"curies":[{"name":"wp","href":"https:\/\/api.w.org\/{rel}","templated":true}]}}