{"id":639704,"date":"2026-01-04T04:55:12","date_gmt":"2026-01-04T04:55:12","guid":{"rendered":"https:\/\/www.europesays.com\/fr\/639704\/"},"modified":"2026-01-04T04:55:12","modified_gmt":"2026-01-04T04:55:12","slug":"echappees-belles-france-5-ou-se-deroule-lemission-du-3-janvier-tele-star","status":"publish","type":"post","link":"https:\/\/www.europesays.com\/fr\/639704\/","title":{"rendered":"Echapp\u00e9es belles (France 5) : o\u00f9 se d\u00e9roule l\u2019\u00e9mission du 3 janvier ? &#8211; T\u00e9l\u00e9 Star"},"content":{"rendered":"<ol>\n<li><a href=\"https:\/\/news.google.com\/rss\/articles\/CBMipAFBVV95cUxPc0VYMG1hVVU3cDQybjFLaDlVZ05PQkcwLVBFNGlsX1plX1ROLXdQOVJHVEFwV1o4LTJKNk00Mmg4YVdYSUxpOUlyNXBvdmpabGd4eE0xRTRrYWl6dFZMckYtbHVIZmc4aXpOV3FFNkVPcDR0Ujh1NHhnazdhd19KV2xqRkwtX21YbTR6cTg3TzZVa0w3S2poZDFOVDYxR3JmTXNTdA?oc=5\" target=\"_blank\" rel=\"noopener\">Echapp\u00e9es belles (France 5) : o\u00f9 se d\u00e9roule l\u2019\u00e9mission du 3 janvier ?<\/a>&nbsp;&nbsp;T\u00e9l\u00e9 Star<\/li>\n<li><a href=\"https:\/\/news.google.com\/rss\/articles\/CBMilwFBVV95cUxPTnZEaVE5UmVSQTJjLUJCOUF2eVpIVm5UVE0yck9hMGFXQmxYaTlLRjVfOXQ0a1ZpSXpHX3NmNDhFbkJrSXZMR1pEb3YzU0RmZ2VPWTZNZ1ppYmRoZHlzaXlBaU41S1Bac2dqTnl6LWZpN3dtZXMwUnpSX3B2MEFSYjg5cWVFOWF0d3lvRU9oTmJUT29pbzdj?oc=5\" target=\"_blank\" rel=\"noopener\">Le Salvador se r\u00e9v\u00e8le &#8211; Documentaire en replay \u00c9chapp\u00e9es belles<\/a>&nbsp;&nbsp;France TV<\/li>\n<li><a href=\"https:\/\/news.google.com\/rss\/articles\/CBMi5gFBVV95cUxQX0RsNEtNMU04UFVwcmdMVXJDYmp6c0lXVGlqOVBybWhTcUxIZy1xdURZenpRLVRrSXhmcVMwemp1REpwckFjYVo0dE1QLWM4T2hYVTQzZnNySVlQY1dvZDlqZXhZM3pwcXJQdEMzakhTcjhYd1lieTRBNGFKaTdqOVJobDYtTk0xRTFqcnAtXzJiV19xUGRmb2pHbnVOVU5MTGlvTlVfTkFncEZrTFZuVnJMSFRYb3gzRzVkZ3RoR0tzZHIzajlicUEyNTJuMFpQWDk4Sy1kREh0eTktQkhyV1VFQjN6Zw?oc=5\" target=\"_blank\" rel=\"noopener\">\u00c9chapp\u00e9es belles (France 5) &#8211; Isma\u00ebl Khelifa \u00e0 la d\u00e9couverte des merveilles du Salvador<\/a>&nbsp;&nbsp;T\u00e9l\u00e9 7 Jours<\/li>\n<li><a href=\"https:\/\/news.google.com\/rss\/articles\/CBMiakFVX3lxTE5LcjJUR1lNaUpDYURUeEFNbWJTS0RoNlNSWkstdXZyOGdOODVCbnI1N3RvV2J4TDdRNVUtSDlfdkR3TWktcnN0SjFGX1prNVp5Z2pVNEUtZXJkeDEzQzdlMGRIYmRPWEhLOFE?oc=5\" target=\"_blank\" rel=\"noopener\">Echapp\u00e9es Belles &#8211; Le Salvador se r\u00e9v\u00e8le &#8211; Streaming, replay<\/a>&nbsp;&nbsp;Diverto<\/li>\n<li><a href=\"https:\/\/news.google.com\/rss\/articles\/CBMikgFBVV95cUxPNHJoX2tfS2tHd2MyNHBjSjdQREFvczg3cjBKUWZwMWlaWUhVQWZZNjgzTmVWSVB0TlNNX2xOWVZ1cU9uLWtRXzhaUUlJTmtSZHlfMWZqbWR6SGVDaGlZalBVODA2d1NjYXl6UnU3RzJ2clQ0ZUZnVnoyNjJJdGJKc01oOFluOGxCZVJCRzVSdFc4UQ?oc=5\" target=\"_blank\" rel=\"noopener\">Salvador : une d\u00e9mocratie dans une main de fer<\/a>&nbsp;&nbsp;T\u00e9l\u00e9pro<\/li>\n<\/ol>\n","protected":false},"excerpt":{"rendered":"Echapp\u00e9es belles (France 5) : o\u00f9 se d\u00e9roule l\u2019\u00e9mission du 3 janvier ?&nbsp;&nbsp;T\u00e9l\u00e9 Star Le Salvador se r\u00e9v\u00e8le&hellip;\n","protected":false},"author":2,"featured_media":639705,"comment_status":"","ping_status":"","sticky":false,"template":"","format":"standard","meta":{"footnotes":""},"categories":[8],"tags":[548,58,59,1011,27,4467],"class_list":{"0":"post-639704","1":"post","2":"type-post","3":"status-publish","4":"format-standard","5":"has-post-thumbnail","7":"category-divertissement","8":"tag-article-simple","9":"tag-divertissement","10":"tag-entertainment","11":"tag-fr","12":"tag-france","13":"tag-france-5"},"share_on_mastodon":{"url":"https:\/\/pubeurope.com\/@fr\/115835052038276208","error":""},"_links":{"self":[{"href":"https:\/\/www.europesays.com\/fr\/wp-json\/wp\/v2\/posts\/639704","targetHints":{"allow":["GET"]}}],"collection":[{"href":"https:\/\/www.europesays.com\/fr\/wp-json\/wp\/v2\/posts"}],"about":[{"href":"https:\/\/www.europesays.com\/fr\/wp-json\/wp\/v2\/types\/post"}],"author":[{"embeddable":true,"href":"https:\/\/www.europesays.com\/fr\/wp-json\/wp\/v2\/users\/2"}],"replies":[{"embeddable":true,"href":"https:\/\/www.europesays.com\/fr\/wp-json\/wp\/v2\/comments?post=639704"}],"version-history":[{"count":0,"href":"https:\/\/www.europesays.com\/fr\/wp-json\/wp\/v2\/posts\/639704\/revisions"}],"wp:featuredmedia":[{"embeddable":true,"href":"https:\/\/www.europesays.com\/fr\/wp-json\/wp\/v2\/media\/639705"}],"wp:attachment":[{"href":"https:\/\/www.europesays.com\/fr\/wp-json\/wp\/v2\/media?parent=639704"}],"wp:term":[{"taxonomy":"category","embeddable":true,"href":"https:\/\/www.europesays.com\/fr\/wp-json\/wp\/v2\/categories?post=639704"},{"taxonomy":"post_tag","embeddable":true,"href":"https:\/\/www.europesays.com\/fr\/wp-json\/wp\/v2\/tags?post=639704"}],"curies":[{"name":"wp","href":"https:\/\/api.w.org\/{rel}","templated":true}]}}