{"id":639712,"date":"2026-01-04T04:59:17","date_gmt":"2026-01-04T04:59:17","guid":{"rendered":"https:\/\/www.europesays.com\/fr\/639712\/"},"modified":"2026-01-04T04:59:17","modified_gmt":"2026-01-04T04:59:17","slug":"le-vaucluse-classe-ce-dimanche-en-vigilance-jaune-grand-froid-par-meteo-france","status":"publish","type":"post","link":"https:\/\/www.europesays.com\/fr\/639712\/","title":{"rendered":"Le Vaucluse class\u00e9 ce dimanche en vigilance jaune \u00ab\u00a0grand froid\u00a0\u00bb par M\u00e9t\u00e9o-France"},"content":{"rendered":"<p>D\u00e8s aujourd\u2019hui, le <a href=\"https:\/\/www.laprovence.com\/region\/Edition-vaucluse\" target=\"_blank\" rel=\"noopener\">Vaucluse <\/a>est class\u00e9 par M\u00e9t\u00e9o-France en vigilance jaune \u00ab\u00a0grand froid\u00a0\u00bb avec 78 autres d\u00e9partements de l\u2019Hexagone.<\/p>\n<p>Le vent risque de souffler \u00e0 pr\u00e8s de 80\u00a0km\/h en rafales, des temp\u00e9ratures glaciales sont attendues, avec jusqu\u2019\u00e0 moins 11 degr\u00e9s annonc\u00e9s dans la <a href=\"https:\/\/www.laprovence.com\/article\/region\/142043859167514\/rhone-et-provence-les-fetes-dans-les-domaines-viticoles-du-vendredi-12-au-dimanche-14-decembre\" target=\"_blank\" rel=\"noopener\">vall\u00e9e du Rh\u00f4ne<\/a>. La situation pourrait m\u00eame durer jusqu\u2019en milieu de semaine prochaine, une situation in\u00e9dite dans sa dur\u00e9e depuis plusieurs ann\u00e9es. Les temp\u00e9ratures glaciales pourraient s\u2019accompagner de gel\u00e9es.<\/p>\n<p>Plan grand froid depuis le 26\u00a0d\u00e9cembre<\/p>\n<p>Pour prot\u00e9ger les sans-abri, la pr\u00e9fecture de Vaucluse a activ\u00e9 le plan grand froid sur l\u2019ensemble du d\u00e9partement, le 26\u00a0d\u00e9cembre. \u00c0 <a href=\"https:\/\/www.laprovence.com\/vaucluse\/avignon-84007\" target=\"_blank\" rel=\"noopener\">Avignon<\/a>, o\u00f9 la concentration de personnes pr\u00e9caires est la plus forte, la Maison M\u00e9rindol est mise \u00e0 disposition par la municipalit\u00e9 pour accueillir une quarantaine de personnes lors de chaque nuit du plan grand froid.<\/p>\n<p>Des lits de camp et des douches sont \u00e0 la disposition des plus d\u00e9munis. Des b\u00e9n\u00e9voles du Service int\u00e9gr\u00e9 d\u2019accueil et d\u2019orientation (SIAO), de la Croix-Rouge et du Secours populaire g\u00e8rent l\u2019accueil et distribuent des repas aux sans-abri.<\/p>\n","protected":false},"excerpt":{"rendered":"D\u00e8s aujourd\u2019hui, le Vaucluse est class\u00e9 par M\u00e9t\u00e9o-France en vigilance jaune \u00ab\u00a0grand froid\u00a0\u00bb avec 78 autres d\u00e9partements de&hellip;\n","protected":false},"author":2,"featured_media":639713,"comment_status":"","ping_status":"","sticky":false,"template":"","format":"standard","meta":{"footnotes":""},"categories":[4],"tags":[5734,11,19406,6664,1011,27,3447,2515,10998,12,25,104,4520,15192],"class_list":{"0":"post-639712","1":"post","2":"type-post","3":"status-publish","4":"format-standard","5":"has-post-thumbnail","7":"category-france","8":"tag-5734","9":"tag-actualites","10":"tag-classe","11":"tag-dimanche","12":"tag-fr","13":"tag-france","14":"tag-froid","15":"tag-grand","16":"tag-jaune","17":"tag-news","18":"tag-republique-francaise","19":"tag-societe","20":"tag-vaucluse","21":"tag-vigilance"},"share_on_mastodon":{"url":"https:\/\/pubeurope.com\/@fr\/115835067702682993","error":""},"_links":{"self":[{"href":"https:\/\/www.europesays.com\/fr\/wp-json\/wp\/v2\/posts\/639712","targetHints":{"allow":["GET"]}}],"collection":[{"href":"https:\/\/www.europesays.com\/fr\/wp-json\/wp\/v2\/posts"}],"about":[{"href":"https:\/\/www.europesays.com\/fr\/wp-json\/wp\/v2\/types\/post"}],"author":[{"embeddable":true,"href":"https:\/\/www.europesays.com\/fr\/wp-json\/wp\/v2\/users\/2"}],"replies":[{"embeddable":true,"href":"https:\/\/www.europesays.com\/fr\/wp-json\/wp\/v2\/comments?post=639712"}],"version-history":[{"count":0,"href":"https:\/\/www.europesays.com\/fr\/wp-json\/wp\/v2\/posts\/639712\/revisions"}],"wp:featuredmedia":[{"embeddable":true,"href":"https:\/\/www.europesays.com\/fr\/wp-json\/wp\/v2\/media\/639713"}],"wp:attachment":[{"href":"https:\/\/www.europesays.com\/fr\/wp-json\/wp\/v2\/media?parent=639712"}],"wp:term":[{"taxonomy":"category","embeddable":true,"href":"https:\/\/www.europesays.com\/fr\/wp-json\/wp\/v2\/categories?post=639712"},{"taxonomy":"post_tag","embeddable":true,"href":"https:\/\/www.europesays.com\/fr\/wp-json\/wp\/v2\/tags?post=639712"}],"curies":[{"name":"wp","href":"https:\/\/api.w.org\/{rel}","templated":true}]}}