{"id":639718,"date":"2026-01-04T05:02:34","date_gmt":"2026-01-04T05:02:34","guid":{"rendered":"https:\/\/www.europesays.com\/fr\/639718\/"},"modified":"2026-01-04T05:02:34","modified_gmt":"2026-01-04T05:02:34","slug":"le-mans-asse-0-0-les-verts-manquent-loccasion-doccuper-le-podium-en-ce-debut-dannee","status":"publish","type":"post","link":"https:\/\/www.europesays.com\/fr\/639718\/","title":{"rendered":"Le Mans &#8211; ASSE (0-0) : les Verts manquent l&rsquo;occasion d&rsquo;occuper le podium en ce d\u00e9but d&rsquo;ann\u00e9e"},"content":{"rendered":"<p>L&rsquo;AS Saint-\u00c9tienne a fait match nul sur la pelouse du Mans (0-0) samedi 3 janvier pour la 18e journ\u00e9e de Ligue 2. Les Verts restent \u00e0 un point du podium et manquent l&rsquo;occasion d&rsquo;occuper la deuxi\u00e8me place du classement en ce d\u00e9but d&rsquo;ann\u00e9e 2026.<\/p>\n<p>Pas de victoire pour le premier match de l&rsquo;ann\u00e9e 2026 de\u00a0<b>l&rsquo;ASSE<\/b>, mais des regrets.<\/p>\n<p>Les joueurs d&rsquo;<b>Eirik Horneland<\/b> ont conc\u00e9d\u00e9 le match nul sur le score vierge de <b>0 \u00e0 0<\/b> sur la pelouse du <b>Mans<\/b>, samedi 3 janvier.<\/p>\n<p>Avant la fin de la 18e journ\u00e9e de <b>Ligue 2<\/b>, Saint-\u00c9tienne occupe la quatri\u00e8me place du classement avec 31 points, \u00e0 une petite unit\u00e9 seulement du podium.<\/p>\n<p>S&rsquo;ils s&rsquo;\u00e9taient impos\u00e9s, les Verts occuperaient actuellement la deuxi\u00e8me place, \u00e0 cinq points du leader troyen (1er, 38 points) qui s&rsquo;est impos\u00e9 1 \u00e0 0 face au Red Star (3e, 32 points).<\/p>\n<p>Premi\u00e8re victoire de 2026 contre le Clermont Foot pour l&rsquo;ASSE ?<\/p>\n<p>Les Verts tenteront de remporter leur premier match de la nouvelle ann\u00e9e samedi 17 janvier, \u00e0 l&rsquo;occasion de la r\u00e9ception du Clermont Foot pour la 19e journ\u00e9e de Ligue 2.<\/p>\n<p><img loading=\"lazy\" decoding=\"async\" src=\"https:\/\/www.europesays.com\/fr\/wp-content\/uploads\/2026\/01\/1767502954_249_img.png\" width=\"350\" height=\"200\" border=\"0\" title=\"L'historien des Verts Philippe Gastal (\u00c3\u00a0 gauche) raconte ses souvenirs de Jean-Louis Gasset (\u00c3\u00a0 droite) d\u00c3\u00a9c\u00c3\u00a9d\u00c3\u00a9 en cette fin d'ann\u00c3\u00a9e 2025.\"\/><\/p>\n<p>\u25baFootball<\/p>\n<p style=\"font-size: 22px;\"><b>D\u00e9c\u00e8s de Jean-Louis Gasset : Philippe Gastal, historien des Verts, se souvient d&rsquo;un \u00ab\u00a0entra\u00eeneur entra\u00eenant\u00a0\u00bb<\/b><\/p>\n<p>L&rsquo;annonce de la disparition de Jean-Louis Gasset,&#8230;<\/p>\n<p><\/p>\n","protected":false},"excerpt":{"rendered":"L&rsquo;AS Saint-\u00c9tienne a fait match nul sur la pelouse du Mans (0-0) samedi 3 janvier pour la 18e&hellip;\n","protected":false},"author":2,"featured_media":639719,"comment_status":"","ping_status":"","sticky":false,"template":"","format":"standard","meta":{"footnotes":""},"categories":[9653],"tags":[1111,11,461,2430,1777,674,1011,27,2191,446,12,25,9920,4001],"class_list":{"0":"post-639718","1":"post","2":"type-post","3":"status-publish","4":"format-standard","5":"has-post-thumbnail","7":"category-saint-etienne","8":"tag-actu","9":"tag-actualites","10":"tag-asse","11":"tag-auvergne-rhone-alpes","12":"tag-eu","13":"tag-europe","14":"tag-fr","15":"tag-france","16":"tag-le-mans","17":"tag-ligue-2","18":"tag-news","19":"tag-republique-francaise","20":"tag-saint-tienne","21":"tag-saint-etienne"},"share_on_mastodon":{"url":"https:\/\/pubeurope.com\/@fr\/115835079533931829","error":""},"_links":{"self":[{"href":"https:\/\/www.europesays.com\/fr\/wp-json\/wp\/v2\/posts\/639718","targetHints":{"allow":["GET"]}}],"collection":[{"href":"https:\/\/www.europesays.com\/fr\/wp-json\/wp\/v2\/posts"}],"about":[{"href":"https:\/\/www.europesays.com\/fr\/wp-json\/wp\/v2\/types\/post"}],"author":[{"embeddable":true,"href":"https:\/\/www.europesays.com\/fr\/wp-json\/wp\/v2\/users\/2"}],"replies":[{"embeddable":true,"href":"https:\/\/www.europesays.com\/fr\/wp-json\/wp\/v2\/comments?post=639718"}],"version-history":[{"count":0,"href":"https:\/\/www.europesays.com\/fr\/wp-json\/wp\/v2\/posts\/639718\/revisions"}],"wp:featuredmedia":[{"embeddable":true,"href":"https:\/\/www.europesays.com\/fr\/wp-json\/wp\/v2\/media\/639719"}],"wp:attachment":[{"href":"https:\/\/www.europesays.com\/fr\/wp-json\/wp\/v2\/media?parent=639718"}],"wp:term":[{"taxonomy":"category","embeddable":true,"href":"https:\/\/www.europesays.com\/fr\/wp-json\/wp\/v2\/categories?post=639718"},{"taxonomy":"post_tag","embeddable":true,"href":"https:\/\/www.europesays.com\/fr\/wp-json\/wp\/v2\/tags?post=639718"}],"curies":[{"name":"wp","href":"https:\/\/api.w.org\/{rel}","templated":true}]}}