{"id":639735,"date":"2026-01-04T05:24:22","date_gmt":"2026-01-04T05:24:22","guid":{"rendered":"https:\/\/www.europesays.com\/fr\/639735\/"},"modified":"2026-01-04T05:24:22","modified_gmt":"2026-01-04T05:24:22","slug":"racing-92-a-chaban-delmas-lubb-finit-par-ecraser-le-racing-apres-une-heure-indecise","status":"publish","type":"post","link":"https:\/\/www.europesays.com\/fr\/639735\/","title":{"rendered":"Racing 92 : \u00e0 Chaban-Delmas, l\u2019UBB finit par \u00e9craser le Racing apr\u00e8s une heure ind\u00e9cise"},"content":{"rendered":"<p>Longtemps tenu en respect par un Racing accrocheur, Bordeaux a totalement chang\u00e9 de dimension apr\u00e8s la pause. Une derni\u00e8re demi-heure \u00e0 sens unique.<\/p>\n<p><img loading=\"lazy\" data-recalc-dims=\"1\" decoding=\"async\" width=\"696\" height=\"393\" alt=\"Damian Penaud a inscrit le premier essai de Bordeaux - Racing 92\" class=\"wp-image-9175 lazyload\" style=\"width:1200px\" src=\"https:\/\/www.europesays.com\/fr\/wp-content\/uploads\/2026\/01\/Damian-Penaud.jpg\"  data- data-eio-rwidth=\"696\" data-eio-rheight=\"393\"\/>Damian Penaud a inscrit le premier essai de la rencontre face au Racing 92 \u2013 \u00a9 <a href=\"https:\/\/www.instagram.com\/p\/DTD8Ia9iJ2p\/\" target=\"_blank\" rel=\"noreferrer noopener\">UBB Rugby<\/a><\/p>\n<p>Pendant une heure, le match a avanc\u00e9 sur un fil. S\u00e9rieux, disciplin\u00e9, parfois opportuniste, le\u00a0Racing 92\u00a0a longtemps fait douter l\u2019Union Bordeaux-B\u00e8gles, incapable de faire le break malgr\u00e9 une domination territoriale par s\u00e9quences. \u00c0 la pause, l\u2019UBB ne comptait qu\u2019une courte avance (15-13), obtenue apr\u00e8s la sir\u00e8ne, et rien ne permettait encore d\u2019imaginer la suite.<\/p>\n<p>La premi\u00e8re p\u00e9riode a d\u2019ailleurs racont\u00e9 un match serr\u00e9, parfois hach\u00e9. Bordeaux a ouvert la marque par\u00a0Damian Penaud, bien servi dans son couloir, mais le Racing a r\u00e9pondu avec m\u00e9thode.\u00a0Ugo Seunes\u00a0a maintenu les siens dans le match, au pied comme au drop, avant que la puissance de\u00a0Nathan Hughes\u00a0ne permette aux Franciliens de passer devant. Bordeaux a insist\u00e9, sans toujours \u00eatre pr\u00e9cis, jusqu\u2019\u00e0 cette p\u00e9nalit\u00e9 de\u00a0Maxime Lucu\u00a0juste avant les vestiaires, pour reprendre un mince avantage.<\/p>\n<p>Le tournant arrive apr\u00e8s la pause. L\u2019UBB acc\u00e9l\u00e8re, met plus de rythme dans ses sorties de balle et gagne enfin les collisions. La p\u00e9nalit\u00e9 jou\u00e9e \u00e0 la main \u00e0 cinq m\u00e8tres est le signal :\u00a0Cyril Cazeaux\u00a0conclut en force,\u00a0Penaud\u00a0encha\u00eene rapidement avec un doubl\u00e9 plein de malice, et Bordeaux repasse devant (22-20), puis prend l\u2019ascendant mental. Le Racing tente de s\u2019accrocher, croit m\u00eame inscrire un essai rapidement refus\u00e9 apr\u00e8s arbitrage vid\u00e9o, mais cette s\u00e9quence casse son \u00e9lan. Dans la foul\u00e9e, Bordeaux sent que le match peut lui \u00e9chapper\u2026 ou lui appartenir totalement.<\/p>\n<p>La d\u00e9monstration bordelaise<\/p>\n<p>\u00c0 partir de l\u00e0, il n\u2019y a plus vraiment de d\u00e9bat.\u00a0Matthieu Jalibert\u00a0prend la main, impose son tempo et joue juste. Les entr\u00e9es de\u00a0Louis Bielle-Biarrey\u00a0et\u00a0Nicolas Depoortere\u00a0font exploser les lignes. Depoortere traverse le terrain sur 50 m\u00e8tres, Moefana conclut apr\u00e8s un ballon tra\u00eenant, et Bordeaux d\u00e9roule.<\/p>\n<p>Dans le dernier quart d\u2019heure, le Racing est submerg\u00e9. Bielle-Biarrey s\u2019offre un doubl\u00e9 plein de sang-froid, avant de revenir une derni\u00e8re fois conclure dans les derni\u00e8res minutes, Lucu transformant pour porter le score \u00e0 62 points. Chaban se r\u00e9gale, le banc bordelais fait la diff\u00e9rence, et l\u2019\u00e9cart devient lourd, presque brutal.<\/p>\n<p>Au final, ce\u00a062-20\u00a0raconte un match \u00e0 deux visages. Une heure disput\u00e9e, \u00e9quilibr\u00e9e, puis une fin de rencontre totalement bordelaise. L\u2019UBB a attendu son moment, avant de frapper sans retenue. Le Racing, lui, a tenu\u2026 jusqu\u2019\u00e0 ce que le rythme s\u2019emballe.<\/p>\n<p><script async src=\"\/\/www.instagram.com\/embed.js\"><\/script><\/p>\n","protected":false},"excerpt":{"rendered":"Longtemps tenu en respect par un Racing accrocheur, Bordeaux a totalement chang\u00e9 de dimension apr\u00e8s la pause. Une&hellip;\n","protected":false},"author":2,"featured_media":639736,"comment_status":"","ping_status":"","sticky":false,"template":"","format":"standard","meta":{"footnotes":""},"categories":[2817],"tags":[1111,11,1997,1777,674,1011,27,12,2219,25],"class_list":{"0":"post-639735","1":"post","2":"type-post","3":"status-publish","4":"format-standard","5":"has-post-thumbnail","7":"category-bordeaux","8":"tag-actu","9":"tag-actualites","10":"tag-bordeaux","11":"tag-eu","12":"tag-europe","13":"tag-fr","14":"tag-france","15":"tag-news","16":"tag-nouvelle-aquitaine","17":"tag-republique-francaise"},"share_on_mastodon":{"url":"https:\/\/pubeurope.com\/@fr\/115835165951630124","error":""},"_links":{"self":[{"href":"https:\/\/www.europesays.com\/fr\/wp-json\/wp\/v2\/posts\/639735","targetHints":{"allow":["GET"]}}],"collection":[{"href":"https:\/\/www.europesays.com\/fr\/wp-json\/wp\/v2\/posts"}],"about":[{"href":"https:\/\/www.europesays.com\/fr\/wp-json\/wp\/v2\/types\/post"}],"author":[{"embeddable":true,"href":"https:\/\/www.europesays.com\/fr\/wp-json\/wp\/v2\/users\/2"}],"replies":[{"embeddable":true,"href":"https:\/\/www.europesays.com\/fr\/wp-json\/wp\/v2\/comments?post=639735"}],"version-history":[{"count":0,"href":"https:\/\/www.europesays.com\/fr\/wp-json\/wp\/v2\/posts\/639735\/revisions"}],"wp:featuredmedia":[{"embeddable":true,"href":"https:\/\/www.europesays.com\/fr\/wp-json\/wp\/v2\/media\/639736"}],"wp:attachment":[{"href":"https:\/\/www.europesays.com\/fr\/wp-json\/wp\/v2\/media?parent=639735"}],"wp:term":[{"taxonomy":"category","embeddable":true,"href":"https:\/\/www.europesays.com\/fr\/wp-json\/wp\/v2\/categories?post=639735"},{"taxonomy":"post_tag","embeddable":true,"href":"https:\/\/www.europesays.com\/fr\/wp-json\/wp\/v2\/tags?post=639735"}],"curies":[{"name":"wp","href":"https:\/\/api.w.org\/{rel}","templated":true}]}}