{"id":639757,"date":"2026-01-04T05:42:16","date_gmt":"2026-01-04T05:42:16","guid":{"rendered":"https:\/\/www.europesays.com\/fr\/639757\/"},"modified":"2026-01-04T05:42:16","modified_gmt":"2026-01-04T05:42:16","slug":"psg-paris-fc-un-derby-en-forme-de-grand-ecart","status":"publish","type":"post","link":"https:\/\/www.europesays.com\/fr\/639757\/","title":{"rendered":"PSG-Paris FC, un derby en forme de grand \u00e9cart"},"content":{"rendered":"<p>\n    Pour la premi\u00e8re fois depuis pr\u00e8s de 50 ans, le Paris SG d\u00e9fie le Paris FC ce dimanche (20h45), au Parc des Princes.<\/p>\n<p class=\"fig-paragraph\">Jour de derby. Priv\u00e9 de rival dans la capitale depuis de nombreuses ann\u00e9es, le PSG a vu\u00a0<a href=\"http:\/\/www.lefigaro.fr\/sports\/football\/paris-fc-en-ligue-1-le-grand-pari-sportif-d-antoine-arnault-20250817\" data-fig-type=\"Article\" data-gtm-custom-categorie=\"navigation\" data-gtm-custom-action=\"crossclick\" data-gtm-custom-label=\"Contextuel\" data-gtm-event=\"customEventSPE\" data-fig-domain=\"LEFIGARO\" target=\"_blank\" rel=\"noopener\">d\u00e9barquer le Paris FC en Ligue 1 l\u2019\u00e9t\u00e9 dernier<\/a>. Pas n\u2019importe quel rival. Un Paris FC pour le moins ambitieux, dot\u00e9 du quatri\u00e8me budget du championnat de France (130 M\u20ac, contre 850 pour le PSG), renforc\u00e9 par plusieurs joueurs rompus \u00e0 la D1 (Simon, Lees-Melou, Ikon\u00e9\u2026) &#8211;\u00a0<a href=\"http:\/\/www.lefigaro.fr\/sports\/football\/ligue-1\/famille-arnault-klopp-statut-mannequinat-les-premiers-mots-de-kevin-trapp-au-paris-fc-20250831\" data-fig-type=\"NewsFlash\" data-gtm-custom-categorie=\"navigation\" data-gtm-custom-action=\"crossclick\" data-gtm-custom-label=\"Contextuel\" data-gtm-event=\"customEventSPE\" data-fig-domain=\"LEFIGARO\" target=\"_blank\" rel=\"noopener\">dont l\u2019ancien gardien du Paris Saint-Germain Kevin Trapp<\/a>\u00a0&#8211; et\u00a0<a href=\"http:\/\/www.lefigaro.fr\/sports\/football\/ligue-1\/mercato-budget-staff-quelles-ambitions-pour-le-paris-fc-version-famille-arnault-en-ligue-1-20250504\" data-fig-type=\"Article\" data-gtm-custom-categorie=\"navigation\" data-gtm-custom-action=\"crossclick\" data-gtm-custom-label=\"Contextuel\" data-gtm-event=\"customEventSPE\" data-fig-domain=\"LEFIGARO\" target=\"_blank\" rel=\"noopener\">r\u00e9cemment pass\u00e9 sous la coupe de la famille Arnault<\/a>, avec l\u2019aide et l\u2019expertise de Red Bull.<\/p>\n<p class=\"fig-paragraph\">Malgr\u00e9 des moyens cons\u00e9quents, la premi\u00e8re partie de saison du promu parisien, qui n\u2019avait plus connu l\u2019\u00e9lite depuis 1978-79, s\u2019est toutefois av\u00e9r\u00e9e plus compliqu\u00e9e que pr\u00e9vu\u2026 Avant\u00a0<a href=\"https:\/\/www.lefigaro.fr\/sports\/football\/ligue-1\/calendrier-resultats\" target=\"_blank\" rel=\"sponsored noopener\" data-gtm-custom-categorie=\"navigation\" data-gtm-custom-action=\"crossclick\" data-gtm-custom-label=\"Contextuel\" data-gtm-event=\"customEventSPE\">la 17e journ\u00e9e<\/a>\u00a0et ce premier derby face au PSG, ce dimanche (20h45, Ligue 1+), sur la pelouse d\u2019un\u00a0<a href=\"http:\/\/www.lefigaro.fr\/sports\/football\/ligue-1\/prix-des-places-accueil-restauration-ambiance-psg-paris-fc-qui-remporte-le-match-de-la-meilleure-soiree-au-stade-20251107\" data-fig-type=\"NewsFlash\" data-gtm-custom-categorie=\"navigation\" data-gtm-custom-action=\"crossclick\" data-gtm-custom-label=\"Contextuel\" data-gtm-event=\"customEventSPE\" data-fig-domain=\"LEFIGARO\" target=\"_blank\" rel=\"noopener\">Parc des Princes qui s\u2019est s\u00e9par\u00e9 que par une rue du stade Jean-Bouin<\/a>, le Paris FC occupait la 14e position\u00a0<a href=\"https:\/\/www.lefigaro.fr\/sports\/football\/ligue-1\/classement\" target=\"_blank\" rel=\"noopener\" data-gtm-custom-categorie=\"navigation\" data-gtm-custom-action=\"crossclick\" data-gtm-custom-label=\"Contextuel\" data-gtm-event=\"customEventSPE\">au classement<\/a>, avec seulement quatre points d\u2019avance sur le barragiste nantais (15 points contre 11). L\u2019absence d\u2019un grand buteur, apr\u00e8s plusieurs tentatives avort\u00e9es l\u2019\u00e9t\u00e9 dernier, s\u2019est notamment fait ressentir. Personne n\u2019avait promis que le PFC jouerait, d\u2019entr\u00e9e, les premiers r\u00f4les. Surtout pas le prudent Antoine Arnault. \u00c7a n\u2019emp\u00eachera sans doute pas le club pr\u00e9sid\u00e9 par Pierre Ferracci de se montrer actif au mercato d\u2019hiver.<\/p>\n<p>                                            <a class=\"fig-a11y-skip\" href=\"#fig-a11y-skip-main-inarticle\" data-module=\"a11y-skip\" data-context=\"was @visible\"><br \/>\n    Passer la publicit\u00e9<br \/>\n<\/a>            <\/p>\n<p>                                            Grand fr\u00e8re face au cadet<\/p>\n<p class=\"fig-paragraph\">En attendant, il est encore loin le temps o\u00f9 les deux clubs parisiens, qui n\u2019ont fait qu\u2019un entre 1970 et 1972, lors des deux premi\u00e8res ann\u00e9es du PSG, pourront se regarder les yeux dans les yeux. \u00abAujourd\u2019hui on ne peut pas parler de rivalit\u00e9\u00bb,\u00a0<a href=\"http:\/\/www.lefigaro.fr\/sports\/football\/ligue-1\/ligue-1-je-ne-veux-pas-qu-on-ait-de-regrets-gilli-garde-la-tete-froide-avant-le-derby-face-au-psg-20260103\" data-fig-type=\"NewsFlash\" data-gtm-custom-categorie=\"navigation\" data-gtm-custom-action=\"crossclick\" data-gtm-custom-label=\"Contextuel\" data-gtm-event=\"customEventSPE\" data-fig-domain=\"LEFIGARO\" target=\"_blank\" rel=\"noopener\">convient St\u00e9phane Gilli<\/a>. Un jour, peut-\u00eatre, la rivalit\u00e9 entre le Paris SG et le Paris FC sera aussi intense que celle qui oppose le PSG \u00e0 l\u2019OM, Lyon \u00e0 Saint-Etienne, Monaco \u00e0 Nice, ou Lille \u00e0 Lens. Pour l\u2019heure, c\u2019est davantage une curiosit\u00e9 qu\u2019autre chose. Le grand fr\u00e8re face au cadet.<\/p>\n<p class=\"fig-body-link\">\n            \u00c0 lire aussi<br \/>\n        <a class=\"fig-body-link__link fig-premium-mark\" href=\"http:\/\/www.lefigaro.fr\/sports\/football\/ligue-1\/prix-des-places-accueil-restauration-ambiance-psg-paris-fc-qui-remporte-le-match-de-la-meilleure-soiree-au-stade-20251107\" data-fig-type=\"NewsFlash\" data-gtm-custom-categorie=\"navigation\" data-gtm-custom-action=\"crossclick\" data-gtm-custom-label=\"Contextuel\" data-gtm-event=\"customEventSPE\" data-fig-domain=\"LEFIGARO\" target=\"_blank\" rel=\"noopener\"><\/p>\n<p>        Prix des places, accueil, restauration, ambiance\u2026 Paris\u00a0SG-Paris\u00a0FC, qui remporte le match de la meilleure soir\u00e9e au stade\u00a0?<br \/>\n    <\/a>\n<\/p>\n<p class=\"fig-paragraph\">D\u2019autant que le groupe de St\u00e9phane Gilli est amput\u00e9 de plusieurs \u00e9l\u00e9ments importants retenus \u00e0 la CAN (Kebbal, Chergui, Simon, Krasso, Traor\u00e9), sans parler de la blessure au tibia de Pierre Lees-Melou, tandis que celui de Luis Enrique, deuxi\u00e8me \u00e0 quatre points de Lens, champion d\u2019automne apr\u00e8s sa victoire \u00e0 Toulouse (0-3) vendredi,\u00a0<a href=\"http:\/\/www.lefigaro.fr\/sports\/football\/une-nouvelle-bicyclette-et-le-retour-d-hakimi-soiree-de-reve-pour-le-maroc-qualifie-en-8e-de-la-can-20251229\" data-fig-type=\"NewsFlash\" data-gtm-custom-categorie=\"navigation\" data-gtm-custom-action=\"crossclick\" data-gtm-custom-label=\"Contextuel\" data-gtm-event=\"customEventSPE\" data-fig-domain=\"LEFIGARO\" target=\"_blank\" rel=\"noopener\">n\u2019est priv\u00e9 \u00abque\u00bb du Marocain Achraf Hakimi<\/a>\u00a0et du jeune (18 ans) S\u00e9n\u00e9galais Ibrahim Mbaye,\u00a0<a href=\"http:\/\/www.lefigaro.fr\/sports\/football\/ligue-1\/psg-six-absents-pour-le-derby-contre-le-paris-fc-20260103\" data-fig-type=\"NewsFlash\" data-gtm-custom-categorie=\"navigation\" data-gtm-custom-action=\"crossclick\" data-gtm-custom-label=\"Contextuel\" data-gtm-event=\"customEventSPE\" data-fig-domain=\"LEFIGARO\" target=\"_blank\" rel=\"noopener\">en plus des bless\u00e9s (Safonov, Lee, Ndjantou)<\/a>. Apr\u00e8s une premi\u00e8re partie de saison marqu\u00e9e par les blessures, les champions de France et d\u2019Europe viseront \u00e0 retrouver leur rythme de croisi\u00e8re. Et ce afin de se donner les meilleures chances de r\u00e9aliser le doubl\u00e9 en Ligue des champions et, si possible, de rester ma\u00eetre dans les comp\u00e9titions nationales. Individuellement, certains n\u2019ont pas r\u00e9ellement d\u00e9but\u00e9 leur saison, comme Ousmane Demb\u00e9l\u00e9 et D\u00e9sir\u00e9 Dou\u00e9.<\/p>\n<p>                                            Un nouveau derby le 12 janvier<\/p>\n<p class=\"fig-paragraph\"><a href=\"http:\/\/www.lefigaro.fr\/sports\/football\/coupe-de-france\/psg-concurrence-avec-chevalier-karma-indisponibilite-cinq-questions-apres-l-improbable-blessure-de-safonov-20251220\" data-fig-type=\"NewsFlash\" data-gtm-custom-categorie=\"navigation\" data-gtm-custom-action=\"crossclick\" data-gtm-custom-label=\"Contextuel\" data-gtm-event=\"customEventSPE\" data-fig-domain=\"LEFIGARO\" target=\"_blank\" rel=\"noopener\">Le cas Matfey Safonov\/Lucas Chevalier<\/a>\u00a0animera aussi bien les gazettes que la r\u00e9flexion de Luis Enrique dans les semaines \u00e0 venir. Dossier chaud mais report\u00e9 au retour du portier russe,\u00a0<a href=\"http:\/\/www.lefigaro.fr\/sports\/football\/coupe-de-france\/psg-heros-en-coupe-intercontinentale-safonov-out-pour-plusieurs-semaines-avec-une-fracture-a-la-main-gauche-20251219\" data-fig-type=\"NewsFlash\" data-gtm-custom-categorie=\"navigation\" data-gtm-custom-action=\"crossclick\" data-gtm-custom-label=\"Contextuel\" data-gtm-event=\"customEventSPE\" data-fig-domain=\"LEFIGARO\" target=\"_blank\" rel=\"noopener\">victime d\u2019une fracture de la main<\/a>\u00a0lors de sa\u00a0<a href=\"http:\/\/www.lefigaro.fr\/sports\/football\/ligue-1\/il-attendait-son-moment-il-a-montre-sa-qualite-safonov-chevalier-cette-fois-il-y-a-debat-au-psg-20251218\" data-fig-type=\"NewsFlash\" data-gtm-custom-categorie=\"navigation\" data-gtm-custom-action=\"crossclick\" data-gtm-custom-label=\"Contextuel\" data-gtm-event=\"customEventSPE\" data-fig-domain=\"LEFIGARO\" target=\"_blank\" rel=\"noopener\">prestation h\u00e9ro\u00efque lors de la r\u00e9cente finale de Coupe intercontinentale<\/a>.<\/p>\n<p class=\"fig-paragraph\">Aussi d\u00e9s\u00e9quilibr\u00e9 soit-il sur le papier, ce derby vaudra toutefois cher pour les deux clubs, le PSG pour suivre le rythme du RC Lens, le Paris FC pour \u00e9viter de voir les \u00e9quipes de bas de\u00a0<a href=\"https:\/\/www.lefigaro.fr\/sports\/football\/ligue-1\/classement\" target=\"_blank\" rel=\"sponsored noopener\" data-gtm-custom-categorie=\"navigation\" data-gtm-custom-action=\"crossclick\" data-gtm-custom-label=\"Contextuel\" data-gtm-event=\"customEventSPE\">classement<\/a>\u00a0se rapprocher. Il y a aussi l\u2019aspect supr\u00e9matie r\u00e9gionale. \u00abC\u2019est beau de jouer un derby\u00bb,\u00a0<a href=\"http:\/\/www.lefigaro.fr\/sports\/football\/ligue-1\/luis-enrique-avant-psg-paris-fc-c-est-beau-de-jouer-un-derby-20260103\" data-fig-type=\"NewsFlash\" data-gtm-custom-categorie=\"navigation\" data-gtm-custom-action=\"crossclick\" data-gtm-custom-label=\"Contextuel\" data-gtm-event=\"customEventSPE\" data-fig-domain=\"LEFIGARO\" target=\"_blank\" rel=\"noopener\">promet Luis Enrique<\/a>, dont le principal v\u0153u pour 2026 est \u00abd\u2019avoir la sant\u00e9, r\u00e9cup\u00e9rer tous les joueurs\u00bb. \u00c9videmment, le PFC a tout \u00e0 gagner et le PSG, tout \u00e0 perdre. \u00c0 noter que les deux clubs se retrouveront d\u00e8s le 12 janvier,\u00a0<a href=\"https:\/\/www.lefigaro.fr\/sports\/football\/coupe-de-france\/calendrier-resultats\" target=\"_blank\" rel=\"sponsored noopener\" data-gtm-custom-categorie=\"navigation\" data-gtm-custom-action=\"crossclick\" data-gtm-custom-label=\"Contextuel\" data-gtm-event=\"customEventSPE\">en 16es de finale de Coupe de France<\/a>, encore au Parc, puis le 16 mai, \u00e0 Charl\u00e9ty, lors de\u00a0<a href=\"https:\/\/www.lefigaro.fr\/sports\/football\/ligue-1\/calendrier-resultats?journee=34\" target=\"_blank\" rel=\"sponsored noopener\" data-gtm-custom-categorie=\"navigation\" data-gtm-custom-action=\"crossclick\" data-gtm-custom-label=\"Contextuel\" data-gtm-event=\"customEventSPE\">la derni\u00e8re journ\u00e9e du championnat<\/a>. Pour ce qui est de la rivalit\u00e9, les Rouge et Bleu trouveront davantage leur compte dans le duel qui les attend\u00a0<a href=\"http:\/\/www.lefigaro.fr\/sports\/football\/ligue-1\/trophee-des-champions-le-psg-defiera-l-om-au-koweit-20250926\" data-fig-type=\"NewsFlash\" data-gtm-custom-categorie=\"navigation\" data-gtm-custom-action=\"crossclick\" data-gtm-custom-label=\"Contextuel\" data-gtm-event=\"customEventSPE\" data-fig-domain=\"LEFIGARO\" target=\"_blank\" rel=\"noopener\">face \u00e0 l\u2019OM jeudi prochain (21h), au Kowe\u00eft, lors du Troph\u00e9e des champions<\/a>.<\/p>\n","protected":false},"excerpt":{"rendered":"Pour la premi\u00e8re fois depuis pr\u00e8s de 50 ans, le Paris SG d\u00e9fie le Paris FC ce dimanche&hellip;\n","protected":false},"author":2,"featured_media":639758,"comment_status":"","ping_status":"","sticky":false,"template":"","format":"standard","meta":{"footnotes":""},"categories":[1888],"tags":[11,1777,674,1011,27,12,626,445,93,25],"class_list":{"0":"post-639757","1":"post","2":"type-post","3":"status-publish","4":"format-standard","5":"has-post-thumbnail","7":"category-paris","8":"tag-actualites","9":"tag-eu","10":"tag-europe","11":"tag-fr","12":"tag-france","13":"tag-news","14":"tag-paris","15":"tag-paris-fc","16":"tag-psg","17":"tag-republique-francaise"},"share_on_mastodon":{"url":"https:\/\/pubeurope.com\/@fr\/115835236772099719","error":""},"_links":{"self":[{"href":"https:\/\/www.europesays.com\/fr\/wp-json\/wp\/v2\/posts\/639757","targetHints":{"allow":["GET"]}}],"collection":[{"href":"https:\/\/www.europesays.com\/fr\/wp-json\/wp\/v2\/posts"}],"about":[{"href":"https:\/\/www.europesays.com\/fr\/wp-json\/wp\/v2\/types\/post"}],"author":[{"embeddable":true,"href":"https:\/\/www.europesays.com\/fr\/wp-json\/wp\/v2\/users\/2"}],"replies":[{"embeddable":true,"href":"https:\/\/www.europesays.com\/fr\/wp-json\/wp\/v2\/comments?post=639757"}],"version-history":[{"count":0,"href":"https:\/\/www.europesays.com\/fr\/wp-json\/wp\/v2\/posts\/639757\/revisions"}],"wp:featuredmedia":[{"embeddable":true,"href":"https:\/\/www.europesays.com\/fr\/wp-json\/wp\/v2\/media\/639758"}],"wp:attachment":[{"href":"https:\/\/www.europesays.com\/fr\/wp-json\/wp\/v2\/media?parent=639757"}],"wp:term":[{"taxonomy":"category","embeddable":true,"href":"https:\/\/www.europesays.com\/fr\/wp-json\/wp\/v2\/categories?post=639757"},{"taxonomy":"post_tag","embeddable":true,"href":"https:\/\/www.europesays.com\/fr\/wp-json\/wp\/v2\/tags?post=639757"}],"curies":[{"name":"wp","href":"https:\/\/api.w.org\/{rel}","templated":true}]}}