{"id":639761,"date":"2026-01-04T05:44:14","date_gmt":"2026-01-04T05:44:14","guid":{"rendered":"https:\/\/www.europesays.com\/fr\/639761\/"},"modified":"2026-01-04T05:44:14","modified_gmt":"2026-01-04T05:44:14","slug":"deja-utilises-dans-la-guerre-en-ukraine-des-drones-iraniens-mohajer-6-deployes-au-venezuela-pour-contrer-deventuels-bateaux-americains","status":"publish","type":"post","link":"https:\/\/www.europesays.com\/fr\/639761\/","title":{"rendered":"D\u00e9j\u00e0 utilis\u00e9s dans la guerre en Ukraine, des drones iraniens Mohajer-6 d\u00e9ploy\u00e9s au Venezuela pour contrer d\u2019\u00e9ventuels bateaux am\u00e9ricains"},"content":{"rendered":"<p class=\"paragraph text_align_left lp-f-body-02\">La capture de <a href=\"https:\/\/www.leparisien.fr\/international\/une-cellule-criminelle-liee-a-la-cia-les-details-sur-ce-complot-que-le-venezuela-accuse-les-etats-unis-davoir-fomente-28-10-2025-V5JORDP7EBGCHCEEG3LGERJ4FM.php\" rel=\"noopener\" target=\"_blank\">Nicol\u00e1s Maduro<\/a> et de sa femme <a href=\"https:\/\/www.leparisien.fr\/international\/surnommee-la-premiere-combattante-qui-est-cilia-flores-lepouse-de-nicolas-maduro-capturee-avec-lui-par-les-etats-unis-03-01-2026-KGZAY5RZHZA3ZKCZ4YHAEC7XSY.php\" target=\"_self\" rel=\"noopener\">Cilia Flores<\/a> par les \u00c9tats-Unis a fait monter la tension d\u2019un cran au Venezuela. Caracas d\u00e9nonce <a href=\"https:\/\/www.leparisien.fr\/international\/etats-unis\/des-premieres-sanctions-a-la-capture-de-nicolas-maduro-que-reprochent-les-etats-unis-au-venezuela-03-01-2026-AXERYX65VZGG7ESHSJB54XMNOE.php\" target=\"_self\" rel=\"noopener\">une \u00ab tr\u00e8s grave agression militaire \u00bb<\/a> et \u00ab appelle toutes les forces sociales et politiques du pays \u00e0 activer les plans de mobilisation \u00bb. Mais le torchon br\u00fble depuis plusieurs ann\u00e9es d\u00e9j\u00e0 entre les deux pays, qui ont eu le temps de plancher sur une strat\u00e9gie militaire.<\/p>\n<p class=\"\">Des images datant du 30 d\u00e9cembre ont montr\u00e9 le drone de combat iranien Mohajer-6 au Venezuela, a rapport\u00e9 le site sp\u00e9cialis\u00e9 <a href=\"https:\/\/en.defence-ua.com\/news\/venezuela_deploys_iranian_mohajer_6_drones_already_used_against_ukraine_to_target_us_naval_vessels-17032.html\" target=\"_self\" rel=\"noopener\">Defense Express<\/a> vendredi. L\u2019engin, qui peut \u00eatre pilot\u00e9 \u00e0 une distance de 200 \u00e0 500 km, pourrait avoir \u00e9t\u00e9 d\u00e9ploy\u00e9 depuis la base a\u00e9rienne v\u00e9n\u00e9zu\u00e9lienne d\u2019El Libertador, pr\u00e8s de Maracay.<\/p>\n<p class=\"\">D\u00e9j\u00e0 utilis\u00e9 c\u00f4t\u00e9 russe dans la <a href=\"https:\/\/www.leparisien.fr\/international\/ukraine\/\" target=\"_self\" rel=\"noopener\">guerre en Ukraine<\/a>, le drone peut emporter jusqu\u2019\u00e0 quatre missiles ou bombes guid\u00e9es pouvant frapper avec pr\u00e9cision des bateaux ou navires de guerre. Une fa\u00e7on pour le Venezuela de dissuader les \u00c9tats-Unis d\u2019envisager un d\u00e9barquement am\u00e9ricain sur ses c\u00f4tes.<\/p>\n<p>Transport de bombes et de missiles<\/p>\n<p class=\"\">Car le Mohajer-6 est puissant. Contr\u00f4l\u00e9 \u00e0 distance, il poss\u00e8de une autonomie pouvant aller jusqu\u2019\u00e0 2 400 km et peut voler pendant 12 heures jusqu\u2019\u00e0 200 km\/h. \u00ab Son altitude de vol est d\u2019environ 5,5 km et sa masse maximale au d\u00e9collage est d\u2019environ 600 kg \u00bb, pr\u00e9cise Defense Express.<\/p>\n<p class=\"\">Mohajer-6 peut aussi bien transporter des bombes guid\u00e9es Qaem-5 que des Qaem-9 \u00e0 guidage t\u00e9l\u00e9vis\u00e9, capables de frapper des cibles jusqu\u2019\u00e0 20 km, voire 40 dans certaines versions. Il peut \u00e9galement embarquer des missiles antichars Almas, d\u2019une port\u00e9e allant jusqu\u2019\u00e0 8 km.<\/p>\n<p class=\"\">La technologie du Mohajer-6, qui avait \u00e9t\u00e9 aper\u00e7u pour la premi\u00e8re fois en 2020 au Venezuela, pourrait depuis avoir \u00e9t\u00e9 <a href=\"https:\/\/www.leparisien.fr\/international\/israel\/riposte-de-liran-en-israel-les-drones-kamikazes-shahed-larme-numero-1-de-teheran-14-06-2025-IIAMCS5STVDIRH5DYQZUTIZP6E.php\" target=\"_self\" rel=\"noopener\">communiqu\u00e9e par l\u2019Iran<\/a>. Cela aurait permis au Venezuela de faire un assemblage local et de contourner certaines des sanctions visant T\u00e9h\u00e9ran.<\/p>\n","protected":false},"excerpt":{"rendered":"La capture de Nicol\u00e1s Maduro et de sa femme Cilia Flores par les \u00c9tats-Unis a fait monter la&hellip;\n","protected":false},"author":2,"featured_media":639762,"comment_status":"","ping_status":"","sticky":false,"template":"","format":"standard","meta":{"footnotes":""},"categories":[1590],"tags":[11,1777,674,14,12,220],"class_list":{"0":"post-639761","1":"post","2":"type-post","3":"status-publish","4":"format-standard","5":"has-post-thumbnail","7":"category-ukraine","8":"tag-actualites","9":"tag-eu","10":"tag-europe","11":"tag-international","12":"tag-news","13":"tag-ukraine"},"share_on_mastodon":{"url":"https:\/\/pubeurope.com\/@fr\/115835244677511338","error":""},"_links":{"self":[{"href":"https:\/\/www.europesays.com\/fr\/wp-json\/wp\/v2\/posts\/639761","targetHints":{"allow":["GET"]}}],"collection":[{"href":"https:\/\/www.europesays.com\/fr\/wp-json\/wp\/v2\/posts"}],"about":[{"href":"https:\/\/www.europesays.com\/fr\/wp-json\/wp\/v2\/types\/post"}],"author":[{"embeddable":true,"href":"https:\/\/www.europesays.com\/fr\/wp-json\/wp\/v2\/users\/2"}],"replies":[{"embeddable":true,"href":"https:\/\/www.europesays.com\/fr\/wp-json\/wp\/v2\/comments?post=639761"}],"version-history":[{"count":0,"href":"https:\/\/www.europesays.com\/fr\/wp-json\/wp\/v2\/posts\/639761\/revisions"}],"wp:featuredmedia":[{"embeddable":true,"href":"https:\/\/www.europesays.com\/fr\/wp-json\/wp\/v2\/media\/639762"}],"wp:attachment":[{"href":"https:\/\/www.europesays.com\/fr\/wp-json\/wp\/v2\/media?parent=639761"}],"wp:term":[{"taxonomy":"category","embeddable":true,"href":"https:\/\/www.europesays.com\/fr\/wp-json\/wp\/v2\/categories?post=639761"},{"taxonomy":"post_tag","embeddable":true,"href":"https:\/\/www.europesays.com\/fr\/wp-json\/wp\/v2\/tags?post=639761"}],"curies":[{"name":"wp","href":"https:\/\/api.w.org\/{rel}","templated":true}]}}