{"id":639763,"date":"2026-01-04T05:45:11","date_gmt":"2026-01-04T05:45:11","guid":{"rendered":"https:\/\/www.europesays.com\/fr\/639763\/"},"modified":"2026-01-04T05:45:11","modified_gmt":"2026-01-04T05:45:11","slug":"enlevement-de-nicolas-maduro-par-les-etats-unis-quand-donald-trump-sidere-le-monde-en-attaquant-le-venezuela","status":"publish","type":"post","link":"https:\/\/www.europesays.com\/fr\/639763\/","title":{"rendered":"Enl\u00e8vement de Nicolas Maduro par les \u00c9tats-Unis\u00a0: quand Donald Trump sid\u00e8re le monde en attaquant le Venezuela"},"content":{"rendered":"<p>\n                                                                    l&rsquo;essentiel<br \/>\n                                                                Men\u00e9e sur Caracas, la capitale du Venezuela, une op\u00e9ration militaire aussi soudaine que spectaculaire a permis d\u2019exfiltrer aux \u00c9tats-Unis, pour y \u00eatre jug\u00e9, le pr\u00e9sident du pays sud-am\u00e9ricain, Nicolas Maduro, ainsi que son \u00e9pouse. Donald Trump jubile.\n                            <\/p>\n<p>L\u2019Iran, le Nigeria et maintenant le Venezuela. Il \u00e9tait 2\u00a0heures du matin samedi quand des missiles, soutenus par des h\u00e9licopt\u00e8res militaires, ont, \u00e0 la stupeur g\u00e9n\u00e9rale, d\u00e9chir\u00e9 la nuit noire de Caracas, la capitale du Venezuela. But de cette op\u00e9ration, baptis\u00e9e Absolute Resolve (d\u00e9termination absolue, NDLR) et accomplie sans accroc en quelques minutes seulement\u00a0: kidnapper et exfiltrer vers les \u00c9tats-Unis le pr\u00e9sident du pays, Nicolas Maduro, ainsi que son influente \u00e9pouse, Cilia Flores.<\/p>\n<p class=\"std-elt__inline\">\n        <strong>\u00c0 lire aussi :<\/strong><br \/>\n        <a href=\"https:\/\/www.ladepeche.fr\/2026\/01\/04\/entretien-venezuela-maduro-capture-petrole-et-doctrine-monroe-le-pari-de-donald-trump-decrypte-13142556.php\" target=\"_blank\" rel=\"noopener\">ENTRETIEN. Venezuela\u00a0: Maduro captur\u00e9, p\u00e9trole et doctrine Monroe, le pari de Donald Trump d\u00e9crypt\u00e9<\/a>\n    <\/p>\n<p>Tous deux, tir\u00e9s de leur sommeil au sein m\u00eame du palais pr\u00e9sidentiel, sont d\u00e9sormais inculp\u00e9s de \u00ab\u00a0complot pour narcoterrorisme, complot pour importation de coca\u00efne, possession de mitrailleuses et d\u2019autres engins destructeurs et complot pour possession de ce mat\u00e9riel\u00a0\u00bb, selon la ministre am\u00e9ricaine de la Justice, Pam Bondi. Et tous deux doivent d\u00e9sormais \u00eatre pr\u00e9sent\u00e9s \u00e0 un juge am\u00e9ricain. L\u2019\u00e9pilogue, suivi en direct et avec ravissement par Donald Trump, de longues semaines de tensions entre le Venezuela et les \u00c9tats-Unis, les seconds accusant le premier d\u2019importer de la drogue sur leur sol.<\/p>\n<p>Une photo de Maduro<\/p>\n<p>Avant de s\u2019exprimer officiellement devant la presse dans sa r\u00e9sidence floridienne de Mar-a-Lago en fin de journ\u00e9e, le pr\u00e9sident am\u00e9ricain a, tout au long de ce samedi, distill\u00e9 des pr\u00e9cisions sur cette op\u00e9ration \u00ab\u00a0pr\u00e9par\u00e9e depuis de longs mois\u00a0\u00bb, oscillant entre informations importantes et fanfaronnades d\u00e9plac\u00e9es. La publication, sur son propre r\u00e9seau social Truth Social, d\u2019une photo peu valorisante de l\u2019autocrate d\u00e9chu, en jogging gris, casque sur les oreilles et masque sur les yeux, en est l\u2019une des illustrations les plus marquantes.<\/p>\n<p class=\"std-elt__inline\">\n        <strong>\u00c0 lire aussi :<\/strong><br \/>\n        <a href=\"https:\/\/www.ladepeche.fr\/2026\/01\/03\/donald-trump-publie-une-photo-de-nicolas-maduro-menotte-a-bord-dun-navire-americain-13142453.php\" target=\"_blank\" rel=\"noopener\">Venezuela\u00a0: Donald Trump publie une photo de Nicolas Maduro menott\u00e9 \u00e0 bord d\u2019un navire am\u00e9ricain<\/a>\n    <\/p>\n<p>\u00ab\u00a0Il s\u2019agit d\u2019un assaut in\u00e9dit depuis la Seconde guerre mondiale\u00a0\u00bb, s\u2019est glorifi\u00e9 le locataire de la Maison blanche devant les nombreux journalistes mass\u00e9s devant lui, se f\u00e9licitant \u00e9galement du fait \u00ab\u00a0qu\u2019aucun militaire ou \u00e9quipement am\u00e9ricain\u00a0\u00bb n\u2019a \u00e9t\u00e9 perdu dans cette spectaculaire op\u00e9ration \u2013 un militaire aurait toutefois \u00e9t\u00e9 bless\u00e9 \u00e0 bord d\u2019un h\u00e9licopt\u00e8re.<\/p>\n<p>Poussant son avantage, Donald Trump a alors ni plus ni moins annonc\u00e9 la mise sous tutelle du Venezuela post-Maduro. \u00ab\u00a0Nous allons diriger le pays jusqu\u2019\u00e0 ce que nous puissions proc\u00e9der \u00e0 une transition s\u00fbre, appropri\u00e9e et judicieuse\u00a0\u00bb, a clairement \u00e9nonc\u00e9 le pr\u00e9sident am\u00e9ricain, sans donner aucun d\u00e9lai quant \u00e0 la mise en place d\u2019une situation plus apais\u00e9e. Donald Trump a m\u00eame promis une \u00ab\u00a0seconde attaque\u00a0\u00bb au Venezuela si le clan Maduro cherche \u00e0 s\u2019accrocher au pouvoir \u00e0 Caracas.<\/p>\n<p>\u00ab\u00a0Il devrait faire gaffe \u00e0 ses fesses\u00a0\u00bb<\/p>\n<p>Par ailleurs, et l\u00e0 encore sans se cacher derri\u00e8re son petit doigt, le ma\u00eetre de Washington a expliqu\u00e9 qu\u2019il allait autoriser les compagnies p\u00e9troli\u00e8res am\u00e9ricaines \u00e0 se rendre au Venezuela pour exploiter les r\u00e9serves massives de brut du pays. \u00ab\u00a0Nos tr\u00e8s grandes compagnies [\u2026] vont se rendre sur place [\u2026] r\u00e9parer les infrastructures gravement endommag\u00e9es [\u2026] et commencer \u00e0 g\u00e9n\u00e9rer des revenus pour le pays\u00a0\u00bb, a-t-il promis, l\u00e0 encore sans davantage de pr\u00e9cisions sur cette captation des ressources v\u00e9n\u00e9zu\u00e9liennes.<\/p>\n<p class=\"std-elt__inline\">\n        <strong>\u00c0 lire aussi :<\/strong><br \/>\n        <a href=\"https:\/\/www.ladepeche.fr\/2026\/01\/03\/attaque-americaine-au-venezuela-prise-de-controle-petrole-et-mises-en-garde-les-annonces-de-trump-apres-larrestation-de-maduro-13142481.php\" target=\"_blank\" rel=\"noopener\">Attaque am\u00e9ricaine au Venezuela\u00a0: prise de contr\u00f4le, p\u00e9trole et mises en garde\u2026 Les annonces de Trump apr\u00e8s l\u2019arrestation de Maduro<\/a>\n    <\/p>\n<p>Enfin, trente ans jour pour jour apr\u00e8s l\u2019enl\u00e8vement du pr\u00e9sident Noriega au Panama, Donald Trump, tout \u00e0 la gloire d\u2019une op\u00e9ration r\u00e9ussie, ne se fixe aucune limite\u00a0: le r\u00e9gime communiste de Cuba est dans le viseur. Quant au pr\u00e9sident colombien de gauche, Gustavo Petro, \u00ab\u00a0il devrait faire gaffe \u00e0 ses fesses\u00a0\u00bb. Parole de sh\u00e9rif.<\/p>\n","protected":false},"excerpt":{"rendered":"l&rsquo;essentiel Men\u00e9e sur Caracas, la capitale du Venezuela, une op\u00e9ration militaire aussi soudaine que spectaculaire a permis d\u2019exfiltrer&hellip;\n","protected":false},"author":2,"featured_media":639764,"comment_status":"","ping_status":"","sticky":false,"template":"","format":"standard","meta":{"footnotes":""},"categories":[1589],"tags":[11,75,73,1866,329,12,1864,1865,1863,308],"class_list":{"0":"post-639763","1":"post","2":"type-post","3":"status-publish","4":"format-standard","5":"has-post-thumbnail","7":"category-etats-unis","8":"tag-actualites","9":"tag-donald-trump","10":"tag-etats-unis","11":"tag-etats-unis-damerique","12":"tag-france-monde","13":"tag-news","14":"tag-united-states","15":"tag-united-states-of-america","16":"tag-us","17":"tag-usa"},"share_on_mastodon":{"url":"https:\/\/pubeurope.com\/@fr\/115835248553486117","error":""},"_links":{"self":[{"href":"https:\/\/www.europesays.com\/fr\/wp-json\/wp\/v2\/posts\/639763","targetHints":{"allow":["GET"]}}],"collection":[{"href":"https:\/\/www.europesays.com\/fr\/wp-json\/wp\/v2\/posts"}],"about":[{"href":"https:\/\/www.europesays.com\/fr\/wp-json\/wp\/v2\/types\/post"}],"author":[{"embeddable":true,"href":"https:\/\/www.europesays.com\/fr\/wp-json\/wp\/v2\/users\/2"}],"replies":[{"embeddable":true,"href":"https:\/\/www.europesays.com\/fr\/wp-json\/wp\/v2\/comments?post=639763"}],"version-history":[{"count":0,"href":"https:\/\/www.europesays.com\/fr\/wp-json\/wp\/v2\/posts\/639763\/revisions"}],"wp:featuredmedia":[{"embeddable":true,"href":"https:\/\/www.europesays.com\/fr\/wp-json\/wp\/v2\/media\/639764"}],"wp:attachment":[{"href":"https:\/\/www.europesays.com\/fr\/wp-json\/wp\/v2\/media?parent=639763"}],"wp:term":[{"taxonomy":"category","embeddable":true,"href":"https:\/\/www.europesays.com\/fr\/wp-json\/wp\/v2\/categories?post=639763"},{"taxonomy":"post_tag","embeddable":true,"href":"https:\/\/www.europesays.com\/fr\/wp-json\/wp\/v2\/tags?post=639763"}],"curies":[{"name":"wp","href":"https:\/\/api.w.org\/{rel}","templated":true}]}}