{"id":639767,"date":"2026-01-04T05:48:05","date_gmt":"2026-01-04T05:48:05","guid":{"rendered":"https:\/\/www.europesays.com\/fr\/639767\/"},"modified":"2026-01-04T05:48:05","modified_gmt":"2026-01-04T05:48:05","slug":"un-braquage-hors-norme-comment-des-voleurs-ont-derobe-30-millions-deuros-a-une-banque-allemande","status":"publish","type":"post","link":"https:\/\/www.europesays.com\/fr\/639767\/","title":{"rendered":"\u00ab\u00a0Un braquage hors norme\u00a0\u00bb : comment des voleurs ont d\u00e9rob\u00e9 30 millions d&rsquo;euros \u00e0 une banque allemande"},"content":{"rendered":"<ul class=\"jsx-862013697 ArticleChapo__List\">\n<li class=\"jsx-862013697 ArticleChapo__List_Item flex\">Des braqueurs se sont introduits dans une banque de Gelsenkirchen au cours du week-end, \u00e0 l&rsquo;aide d&rsquo;une perceuse g\u00e9ante.<\/li>\n<li class=\"jsx-862013697 ArticleChapo__List_Item flex\">Les malfaiteurs ont d\u00e9rob\u00e9 le contenu de plus de 3.000 coffres-forts, pour un butin estim\u00e9 \u00e0 30 millions d&rsquo;euros.<\/li>\n<li class=\"jsx-862013697 ArticleChapo__List_Item flex\">La banque est rest\u00e9e ferm\u00e9e ce mardi par mesure de s\u00e9curit\u00e9, alors que les clients demandent \u00e0 savoir ce qu&rsquo;il est advenu de leur argent.<\/li>\n<\/ul>\n<p><a href=\"https:\/\/www.tf1info.fr\/emissions\/tf1\/le-20h-11001\/\" rel=\"noopener\" class=\"jsx-484472199 Link jsx-1428418400 jsx-640816507\" target=\"_blank\"><\/p>\n<p style=\"font-weight:400\" class=\"jsx-1837267516\">Suivez la couverture compl\u00e8te<\/p>\n<p style=\"font-weight:800\" class=\"jsx-1837267516\">Le 20H<\/p>\n<p><\/a><\/p>\n<p data-module=\"article-paragraph\" class=\"jsx-157965717 Paragraph\">Un sc\u00e9nario digne d&rsquo;un film, et pourtant cela s&rsquo;est bien produit au cours du week-end : <a href=\"https:\/\/www.tf1info.fr\/international\/allemagne-c-est-comme-dans-le-film-ocean-s-eleven-30-millions-d-euros-derobes-dans-une-banque-2415748.html\" target=\"_blank\" rel=\"noopener\">des braqueurs se sont introduits <\/a>dans la banque Sparkasse de Gelsenkirchen, dans l&rsquo;ouest de l&rsquo;Allemagne, avant de d\u00e9rober le contenu de 3.000 <a href=\"https:\/\/www.tf1info.fr\/culture\/video-reportage-sept-a-huit-les-secrets-de-lego-toutes-les-boites-vendues-depuis-1958-sont-conservees-dans-ce-coffre-fort-2411363.html\" target=\"_blank\" rel=\"noopener\">coffres-forts<\/a>. Les voleurs ont creus\u00e9 un trou en pleine nuit \u00e0 l&rsquo;aide d&rsquo;une perceuse g\u00e9ante afin d&rsquo;acc\u00e9der aux coffres-forts o\u00f9 ils ont pris bijoux, or et argent, le tout pour un butin pour le moment estim\u00e9 \u00e0 30 millions d&rsquo;euros.\u00a0<\/p>\n<p data-module=\"article-paragraph\" class=\"jsx-157965717 Paragraph Paragraph__End\">\u00ab\u00a0Nous sommes en train d&rsquo;\u00e9valuer l&rsquo;\u00e9tendue des d\u00e9g\u00e2ts,\u00a0\u00bb d\u00e9clare Frank Krallmann, le porte-parole de la banque, pr\u00e9cisant que \u00ab\u00a090% des coffres-forts ont \u00e9t\u00e9 ouverts.\u00a0\u00bb Une op\u00e9ration qui a sans aucun doute \u00e9t\u00e9 \u00ab\u00a0bien, bien pr\u00e9par\u00e9e\u00a0\u00bb, estime Claude Canc\u00e8s, ancien directeur de la police judiciaire de Paris, interrog\u00e9 dans le sujet du 20H de TF1 visible ci-dessus. Pour lui, il ne fait aucun doute qu&rsquo;il s&rsquo;agit l\u00e0 d&rsquo;un \u00ab\u00a0braquage hors norme\u00a0\u00bb perp\u00e9tr\u00e9 par des \u00ab\u00a0bandits de haut niveau\u00a0\u00bb.\u00a0<\/p>\n<p>La banque ferm\u00e9e par mesure de s\u00e9curit\u00e9<\/p>\n<p data-module=\"article-paragraph\" class=\"jsx-157965717 Paragraph\">Le <a href=\"https:\/\/www.tf1info.fr\/justice-faits-divers\/video-un-site-de-production-de-chartreuse-cambriole-au-moins-500-bouteilles-derobees-2413451.html\" target=\"_blank\" rel=\"noopener\">cambriolage<\/a> a \u00e9t\u00e9 d\u00e9couvert lundi 29 d\u00e9cembre, apr\u00e8s une alerte incendie re\u00e7ue par les pompiers. \u00ab\u00a0Je ne vois pas comment ils ont pu entrer si facilement,\u00a0\u00bb d\u00e9clare dans le reportage de TF1 un client de la banque au lendemain de la d\u00e9couverte du braquage.\u00a0<\/p>\n<p data-module=\"article-paragraph\" class=\"jsx-157965717 Paragraph\">Une interrogation qui reste sur toutes les l\u00e8vres ce mardi, alors que la banque est rest\u00e9e ferm\u00e9e par mesure de s\u00e9curit\u00e9. Des dizaines de clients se sont rassembl\u00e9s ce matin devant les portes de la banque pour tenter de comprendre o\u00f9 est pass\u00e9 leur argent. \u00ab\u00a0Ici, j&rsquo;ai beaucoup d&rsquo;argent, les bijoux de ma femme, de mes enfants, les miens,\u00a0\u00bb indique un autre client.\u00a0<\/p>\n<p data-module=\"article-paragraph\" class=\"jsx-157965717 Paragraph Paragraph__End\">L&rsquo;\u00e9tablissement a annonc\u00e9 la fermeture de la salle des coffres \u00ab\u00a0jusqu&rsquo;\u00e0 nouvel ordre en raison des dommages mat\u00e9riels importants\u00a0\u00bb. La banque a assur\u00e9 qu&rsquo;elle examinait l&rsquo;issue \u00ab\u00a0la plus favorable\u00a0\u00bb pour ses clients, et a mis en place une ligne t\u00e9l\u00e9phonique d&rsquo;urgence.\u00a0<\/p>\n<p><a href=\"https:\/\/www.tf1info.fr\/justice-faits-divers\/video-reportage-braquage-rate-d-une-bijouterie-a-paris-les-cambrioleurs-termites-avaient-tout-prevu-mais-sont-tombes-sur-un-os-2414907.html\" rel=\"noopener\" class=\"jsx-3308031228 Link flex\" target=\"_blank\"><img decoding=\"async\" src=\"https:\/\/www.europesays.com\/fr\/wp-content\/uploads\/2026\/01\/braquage-paris-1650-b2d595-1@1x.jpeg\" alt=\"Reportage JT 20h\" loading=\"lazy\" importance=\"low\" fetchpriority=\"low\" class=\"\" aria-hidden=\"true\"\/><\/p>\n<p class=\"jsx-3657663356 ReadMoreArticle__Title\">Lire aussi<\/p>\n<p class=\"jsx-3657663356\">Braquage rat\u00e9 d&rsquo;une bijouterie \u00e0 Paris : les cambrioleurs \u00ab\u00a0termites\u00a0\u00bb avaient tout pr\u00e9vu&#8230; mais sont tomb\u00e9s sur un os<\/p>\n<p><\/a><\/p>\n<p data-module=\"article-paragraph\" class=\"jsx-157965717 Paragraph Paragraph__End\">Les malfaiteurs n&rsquo;ont quant \u00e0 eux pas encore \u00e9t\u00e9 retrouv\u00e9s par les autorit\u00e9s allemandes. Plusieurs t\u00e9moins ont rapport\u00e9 avoir vu des hommes masqu\u00e9s sortir d&rsquo;un parking voisin avec de gros sacs avant de s&rsquo;enfuir dans une voiture noire. Les images de vid\u00e9osurveillance ont en effet montr\u00e9 la voiture \u00e0 la plaque d&rsquo;immatriculation vol\u00e9e quitter le parking lundi au petit matin.\u00a0<\/p>\n<p>Laurene ROCHETEAU | Reportage TF1 : Suzanne PREZ, Philippe DE POULPIQUET et Matthieu DESMOULINS<\/p>\n","protected":false},"excerpt":{"rendered":"Des braqueurs se sont introduits dans une banque de Gelsenkirchen au cours du week-end, \u00e0 l&rsquo;aide d&rsquo;une perceuse&hellip;\n","protected":false},"author":2,"featured_media":639768,"comment_status":"","ping_status":"","sticky":false,"template":"","format":"standard","meta":{"footnotes":""},"categories":[1587],"tags":[1111,11,672,1921,523,1804,1805,1803,1777,674,6017,1801,1922,303,2952,12,1072,1802,133,1920],"class_list":{"0":"post-639767","1":"post","2":"type-post","3":"status-publish","4":"format-standard","5":"has-post-thumbnail","7":"category-allemagne","8":"tag-actu","9":"tag-actualites","10":"tag-allemagne","11":"tag-article-video","12":"tag-banque","13":"tag-bundesrepublik-deutschland","14":"tag-de","15":"tag-deutschland","16":"tag-eu","17":"tag-europe","18":"tag-fait-divers","19":"tag-germany","20":"tag-info","21":"tag-justice","22":"tag-le-20h","23":"tag-news","24":"tag-police","25":"tag-republique-federale-dallemagne","26":"tag-video","27":"tag-video-international"},"share_on_mastodon":{"url":"https:\/\/pubeurope.com\/@fr\/115835260354514233","error":""},"_links":{"self":[{"href":"https:\/\/www.europesays.com\/fr\/wp-json\/wp\/v2\/posts\/639767","targetHints":{"allow":["GET"]}}],"collection":[{"href":"https:\/\/www.europesays.com\/fr\/wp-json\/wp\/v2\/posts"}],"about":[{"href":"https:\/\/www.europesays.com\/fr\/wp-json\/wp\/v2\/types\/post"}],"author":[{"embeddable":true,"href":"https:\/\/www.europesays.com\/fr\/wp-json\/wp\/v2\/users\/2"}],"replies":[{"embeddable":true,"href":"https:\/\/www.europesays.com\/fr\/wp-json\/wp\/v2\/comments?post=639767"}],"version-history":[{"count":0,"href":"https:\/\/www.europesays.com\/fr\/wp-json\/wp\/v2\/posts\/639767\/revisions"}],"wp:featuredmedia":[{"embeddable":true,"href":"https:\/\/www.europesays.com\/fr\/wp-json\/wp\/v2\/media\/639768"}],"wp:attachment":[{"href":"https:\/\/www.europesays.com\/fr\/wp-json\/wp\/v2\/media?parent=639767"}],"wp:term":[{"taxonomy":"category","embeddable":true,"href":"https:\/\/www.europesays.com\/fr\/wp-json\/wp\/v2\/categories?post=639767"},{"taxonomy":"post_tag","embeddable":true,"href":"https:\/\/www.europesays.com\/fr\/wp-json\/wp\/v2\/tags?post=639767"}],"curies":[{"name":"wp","href":"https:\/\/api.w.org\/{rel}","templated":true}]}}