{"id":639774,"date":"2026-01-04T05:52:37","date_gmt":"2026-01-04T05:52:37","guid":{"rendered":"https:\/\/www.europesays.com\/fr\/639774\/"},"modified":"2026-01-04T05:52:37","modified_gmt":"2026-01-04T05:52:37","slug":"la-france-bat-de-nouveau-son-record","status":"publish","type":"post","link":"https:\/\/www.europesays.com\/fr\/639774\/","title":{"rendered":"la France bat de nouveau son record"},"content":{"rendered":"<p>La France a pour la deuxi\u00e8me ann\u00e9e cons\u00e9cutive battu son record d&rsquo;exportation d&rsquo;\u00e9lectricit\u00e9 l&rsquo;an dernier. Elle enregistre un solde exportateur net de 92,3 t\u00e9rawattheure (TWh) en 2025, a annonc\u00e9 vendredi le gestionnaire du r\u00e9seau \u00e0 haute tension RTE.<\/p>\n<p>\u00ab Le pr\u00e9c\u00e9dent record de 2002 (76 TWh) n&rsquo;a \u00e9t\u00e9 d\u00e9pass\u00e9 qu&rsquo;en 2024 \u00bb, avec 89 TWh d&rsquo;exportations, souligne Thomas Veyrenc, le directeur g\u00e9n\u00e9ral \u00e9conomie, strat\u00e9gie et finances de RTE sur LinkedIn. \u00ab On parle ici de volumes consid\u00e9rables : 92 TWh, c&rsquo;est plus que la consommation annuelle d&rsquo;un pays comme la Belgique \u00bb, rel\u00e8ve-t-il.<\/p>\n<p>Selon des donn\u00e9es provisoires transmises par RTE \u00e0 l&rsquo;AFP, la consommation d&rsquo;\u00e9lectricit\u00e9 en France est rest\u00e9e stable en 2025, corrig\u00e9e des al\u00e9as m\u00e9t\u00e9orologiques et calendaires, \u00e0 449 TWh, toujours en de\u00e7\u00e0 de son niveau des ann\u00e9es 2010.<\/p>\n<p>\u00ab Elle demeure inf\u00e9rieure, pour la troisi\u00e8me ann\u00e9e cons\u00e9cutive, d\u2019environ 6 % \u00e0 ses niveaux de la p\u00e9riode 2014-2019 : la consommation d\u2019\u00e9lectricit\u00e9 du pays n&rsquo;est donc pas align\u00e9e sur ses objectifs de d\u00e9carbonation et de r\u00e9industrialisation \u00bb, souligne RTE.<\/p>\n<p><strong>Une production qui n\u2019a pas \u00e9t\u00e9 brad\u00e9e<\/strong>&#13;\n<\/p>\n<p>La production d&rsquo;\u00e9lectricit\u00e9 a elle l\u00e9g\u00e8rement progress\u00e9, de 1 % \u00e0 544 TWh, \u00ab son niveau moyen ant\u00e9rieur aux crises sanitaire et \u00e9nerg\u00e9tique \u00bb. \u00ab Comme en 2024, (elle) a \u00e9t\u00e9 produite \u00e0 95 % \u00e0 partir de fili\u00e8res bas-carbone \u00bb, c&rsquo;est-\u00e0-dire nucl\u00e9aire et renouvelables, indique le gestionnaire.<\/p>\n<p>Les exportations se sont faites vers l&rsquo;Italie, avec un solde de +22,6 TWh, l\u2019Allemagne et la Belgique (+23,1 TWh), le Royaume-Uni (+22,6 TWh) et la Suisse (+20,1 TWh). Les \u00e9changes avec l&rsquo;Espagne, dont la production \u00e9lectrique est majoritairement issue des \u00e9nergies renouvelables, sont proches de l&rsquo;\u00e9quilibre (+0,2 TWh).<\/p>\n<p>Selon Thomas Veyrenc, ces exportations \u00ab contribuent positivement \u00e0 la balance commerciale de la France \u00bb et \u00ab g\u00e9n\u00e8rent plus de revenus que l\u2019an pass\u00e9 \u00bb. Il ne donne pas de chiffre, mais l&rsquo;an dernier, elles avaient atteint 5 milliards d&rsquo;euros. \u00ab La production fran\u00e7aise n&rsquo;a donc d\u00e9finitivement pas \u00e9t\u00e9 &lsquo;brad\u00e9e&rsquo; en 2025 \u00bb, souligne-t-il en plaidant une nouvelle fois pour \u00ab un plan d&rsquo;\u00e9lectrification \u00e0 la hauteur de nos ambitions de souverainet\u00e9 \u00bb.<\/p>\n","protected":false},"excerpt":{"rendered":"La France a pour la deuxi\u00e8me ann\u00e9e cons\u00e9cutive battu son record d&rsquo;exportation d&rsquo;\u00e9lectricit\u00e9 l&rsquo;an dernier. Elle enregistre un&hellip;\n","protected":false},"author":2,"featured_media":639775,"comment_status":"","ping_status":"","sticky":false,"template":"","format":"standard","meta":{"footnotes":""},"categories":[2],"tags":[5734,11,17264,36670,57853,5798,1011,27,12,4565,3241,25],"class_list":{"0":"post-639774","1":"post","2":"type-post","3":"status-publish","4":"format-standard","5":"has-post-thumbnail","7":"category-actualites","8":"tag-5734","9":"tag-actualites","10":"tag-bat","11":"tag-delectricite","12":"tag-energie-et-industrie","13":"tag-exportation","14":"tag-fr","15":"tag-france","16":"tag-news","17":"tag-nouveau","18":"tag-record","19":"tag-republique-francaise"},"share_on_mastodon":{"url":"https:\/\/pubeurope.com\/@fr\/115835276086414764","error":""},"_links":{"self":[{"href":"https:\/\/www.europesays.com\/fr\/wp-json\/wp\/v2\/posts\/639774","targetHints":{"allow":["GET"]}}],"collection":[{"href":"https:\/\/www.europesays.com\/fr\/wp-json\/wp\/v2\/posts"}],"about":[{"href":"https:\/\/www.europesays.com\/fr\/wp-json\/wp\/v2\/types\/post"}],"author":[{"embeddable":true,"href":"https:\/\/www.europesays.com\/fr\/wp-json\/wp\/v2\/users\/2"}],"replies":[{"embeddable":true,"href":"https:\/\/www.europesays.com\/fr\/wp-json\/wp\/v2\/comments?post=639774"}],"version-history":[{"count":0,"href":"https:\/\/www.europesays.com\/fr\/wp-json\/wp\/v2\/posts\/639774\/revisions"}],"wp:featuredmedia":[{"embeddable":true,"href":"https:\/\/www.europesays.com\/fr\/wp-json\/wp\/v2\/media\/639775"}],"wp:attachment":[{"href":"https:\/\/www.europesays.com\/fr\/wp-json\/wp\/v2\/media?parent=639774"}],"wp:term":[{"taxonomy":"category","embeddable":true,"href":"https:\/\/www.europesays.com\/fr\/wp-json\/wp\/v2\/categories?post=639774"},{"taxonomy":"post_tag","embeddable":true,"href":"https:\/\/www.europesays.com\/fr\/wp-json\/wp\/v2\/tags?post=639774"}],"curies":[{"name":"wp","href":"https:\/\/api.w.org\/{rel}","templated":true}]}}